{"id":124579,"date":"2026-03-14T02:05:52","date_gmt":"2026-03-14T02:05:52","guid":{"rendered":"https:\/\/pressactu.com\/?p=124579"},"modified":"2026-03-14T02:05:52","modified_gmt":"2026-03-14T02:05:52","slug":"le-grand-jt-des-territoires-du-14-mars-2026","status":"publish","type":"post","link":"https:\/\/pressactu.com\/?p=124579","title":{"rendered":"Le Grand JT des Territoires du 14\u00a0mars 2026"},"content":{"rendered":"<p>\n                                                                    <span class=\"article-full__chapo-label hide-on-small-only\">l&#8217;essentiel<\/span><br \/>\n                                                                Retrouvez chaque semaine le Grand JT des Territoires de Cyril Viguier, en partenariat avec La D\u00e9p\u00eache du Midi.\n                            <\/p>\n<div rel=\"js-article-content\">\n                                                                                                                                                            <!-- Pub DFP Position [outstream] --><\/p>\n<p>Le Grand JT des Territoires est diffus\u00e9 sur TV5 Monde, LCP et les cha\u00eenes de t\u00e9l\u00e9vision locales et r\u00e9gionales de la TNT. Il est consacr\u00e9 \u00e0 l\u2019actualit\u00e9 vue par l\u2019ensemble des m\u00e9dias r\u00e9gionaux. Chaque fin de semaine, Cyril Viguier propose un tour des r\u00e9gions \u00e0 la rencontre des acteurs de l\u2019actualit\u00e9, en partenariat avec La D\u00e9p\u00eache du Midi.<\/p>\n<p><!-- Pub DFP Position [article] --><\/p>\n<p>Au sommaire de l\u2019\u00e9dition du 14\u00a0mars 2026\u00a0:<\/p>\n<p dir=\"ltr\"><span><strong>Qui deviendra votre prochain maire\u00a0? Chapitre sp\u00e9cial Municipales 2026 dans Le Grand J.T. des Territoires. Au programme\u00a0: communes sans candidats, organisation des bureaux de vote et strat\u00e9gies de communication \u00e0 l\u2019\u00e8re du num\u00e9rique.<\/strong><\/span><\/p>\n<p dir=\"ltr\"><span>Des montures de lunettes\u2026 en tissus\u00a0! Les entreprises de nos r\u00e9gions regorgent de cr\u00e9ativit\u00e9, avec cette paire de lunettes loufoque. Et si vous \u00e9tiez les prochains \u00e0 les porter\u00a0?<\/span><\/p>\n<p dir=\"ltr\"><span>Insolite\u00a0: un \u00e9tudiant fait danser de l\u2019\u00e9lectricit\u00e9 au rythme de vos chansons pr\u00e9f\u00e9r\u00e9es. Comment cela fonctionne\u00a0? R\u00e9ponse dans cette \u00e9dition.<\/span><\/p>\n<p dir=\"ltr\">Et d\u00e9sormais, le Grand JT des Territoires est \u00e0 suivre sur X en cliquant sur <a href=\"https:\/\/x.com\/GJTterritoires\" target=\"_blank\">ce lien.<\/a><\/p>\n<\/p><\/div>\n<p><a href=\"https:\/\/www.ladepeche.fr\/2026\/03\/13\/le-grand-jt-des-territoires-du-14-mars-2026-13270486.php\">source<\/a><\/p>\n","protected":false},"excerpt":{"rendered":"<p>l&#8217;essentiel Retrouvez chaque semaine le Grand JT des Territoires de Cyril Viguier, en partenariat avec La D\u00e9p\u00eache du Midi. Le Grand JT des Territoires est diffus\u00e9 sur TV5 Monde, LCP et les cha\u00eenes de t\u00e9l\u00e9vision locales et r\u00e9gionales de la TNT. Il est consacr\u00e9 \u00e0 l\u2019actualit\u00e9 vue par l\u2019ensemble des m\u00e9dias r\u00e9gionaux. Chaque fin de [&hellip;]<\/p>\n","protected":false},"author":1,"featured_media":124580,"comment_status":"open","ping_status":"open","sticky":false,"template":"","format":"standard","meta":{"_monsterinsights_skip_tracking":false,"_monsterinsights_sitenote_active":false,"_monsterinsights_sitenote_note":"","_monsterinsights_sitenote_category":0,"footnotes":""},"categories":[74],"tags":[],"coauthors":[77],"class_list":["post-124579","post","type-post","status-publish","format-standard","has-post-thumbnail","hentry","category-economie"],"aioseo_notices":[],"_links":{"self":[{"href":"https:\/\/pressactu.com\/index.php?rest_route=\/wp\/v2\/posts\/124579","targetHints":{"allow":["GET"]}}],"collection":[{"href":"https:\/\/pressactu.com\/index.php?rest_route=\/wp\/v2\/posts"}],"about":[{"href":"https:\/\/pressactu.com\/index.php?rest_route=\/wp\/v2\/types\/post"}],"author":[{"embeddable":true,"href":"https:\/\/pressactu.com\/index.php?rest_route=\/wp\/v2\/users\/1"}],"replies":[{"embeddable":true,"href":"https:\/\/pressactu.com\/index.php?rest_route=%2Fwp%2Fv2%2Fcomments&post=124579"}],"version-history":[{"count":0,"href":"https:\/\/pressactu.com\/index.php?rest_route=\/wp\/v2\/posts\/124579\/revisions"}],"wp:featuredmedia":[{"embeddable":true,"href":"https:\/\/pressactu.com\/index.php?rest_route=\/wp\/v2\/media\/124580"}],"wp:attachment":[{"href":"https:\/\/pressactu.com\/index.php?rest_route=%2Fwp%2Fv2%2Fmedia&parent=124579"}],"wp:term":[{"taxonomy":"category","embeddable":true,"href":"https:\/\/pressactu.com\/index.php?rest_route=%2Fwp%2Fv2%2Fcategories&post=124579"},{"taxonomy":"post_tag","embeddable":true,"href":"https:\/\/pressactu.com\/index.php?rest_route=%2Fwp%2Fv2%2Ftags&post=124579"},{"taxonomy":"author","embeddable":true,"href":"https:\/\/pressactu.com\/index.php?rest_route=%2Fwp%2Fv2%2Fcoauthors&post=124579"}],"curies":[{"name":"wp","href":"https:\/\/api.w.org\/{rel}","templated":true}]}}