{"id":124577,"date":"2026-03-14T00:48:34","date_gmt":"2026-03-14T00:48:34","guid":{"rendered":"https:\/\/pressactu.com\/?p=124577"},"modified":"2026-03-14T00:48:34","modified_gmt":"2026-03-14T00:48:34","slug":"guerre-en-ukraine-le-retour-annonce-de-la-russie-a-la-biennale-de-venise-fait-scandale-lue-menace-de-suspendre-ses-financements","status":"publish","type":"post","link":"https:\/\/pressactu.com\/?p=124577","title":{"rendered":"Guerre en Ukraine\u00a0: le retour annonc\u00e9 de la Russie \u00e0 la Biennale de Venise fait scandale, l\u2019UE menace de suspendre ses financements"},"content":{"rendered":"<p>\n                                                                    <span class=\"article-full__chapo-label hide-on-small-only\">l&#8217;essentiel<\/span><br \/>\n                                                                L\u2019annonce du retour d\u2019artistes russes apr\u00e8s quatre ans d\u2019absence pour la Biennale de Venise 2026 cr\u00e9e la pol\u00e9mique. De nombreux pays europ\u00e9ens d\u00e9noncent la d\u00e9cision du pr\u00e9sident du pr\u00e9sident de cette expostion internationale d\u2019art contemporain. L\u2019UE menace de retirer ses aides.\n                            <\/p>\n<div rel=\"js-article-content\">\n                                                                                                                                                            <!-- Pub DFP Position [outstream] --><\/p>\n<p data-module=\"article-paragraph\">Bannie depuis 2022, c\u2019est un retour qui divise. La possible pr\u00e9sence de la Russie \u00e0 la prochaine \u00e9dition de la Biennale de Venise cr\u00e9e des tensions entre Bruxelles et la fondation qui organise ce rendez-vous international de l\u2019art contemporain.\u00a0Pr\u00e8s de 40 artistes russes doivent ainsi participer \u00e0 l\u2019exposition\u00a0<em>The tree is rooted in the sky<\/em> (&#8220;L\u2019arbre est enracin\u00e9 dans le ciel&#8221;, en fran\u00e7ais) au sein du pavillon russe, situ\u00e9 dans les jardins de la Biennale.<\/p>\n<p><!-- Pub DFP Position [article] --><\/p>\n<p data-module=\"article-paragraph\">Rapidement apr\u00e8s l\u2019annonce, des voix se sont \u00e9lev\u00e9es pour se d\u00e9solidariser de cette d\u00e9cision. Le minist\u00e8re italien de la Culture a d\u00e9clar\u00e9 que &#8220;la participation de la F\u00e9d\u00e9ration de Russie \u00e0 la 61\u1d49 Exposition internationale d\u2019art de Venise a \u00e9t\u00e9 d\u00e9cid\u00e9e en toute ind\u00e9pendance par la Fondation de la Biennale, malgr\u00e9 l\u2019opposition du gouvernement italien.&#8221;<\/p>\n<h2 class=\"txt-int\" data-module=\"article-paragraph\">La culture &#8220;ne doit jamais \u00eatre utilis\u00e9e comme plateforme de propagande&#8221;<\/h2>\n<p>La vice-pr\u00e9sidente de la Commission europ\u00e9enne, Henna Virkkunen, a affirm\u00e9 que l\u2019ex\u00e9cutif europ\u00e9en pourrait aller jusqu\u2019\u00e0 retirer certaines subventions accord\u00e9es \u00e0 l\u2019\u00e9v\u00e9nement si la participation russe \u00e9tait confirm\u00e9e. &#8220;Nous envisagerons des mesures suppl\u00e9mentaires, y compris la suspension ou la r\u00e9siliation d\u2019une subvention europ\u00e9enne&#8221;, a-t-elle assur\u00e9 dans un communiqu\u00e9, condamnant\u00a0&#8220;fermement&#8221;\u00a0cette autorisation \u00e0 participer.<\/p>\n<p data-module=\"article-paragraph\">Selon Bruxelles, une telle d\u00e9cision serait difficilement compatible avec la position adopt\u00e9e par l\u2019Union europ\u00e9enne depuis l\u2019invasion de l\u2019Ukraine\u00a0par Moscou en 2022. &#8220;La culture promeut et prot\u00e8ge les valeurs d\u00e9mocratiques, encourage le dialogue ouvert, la diversit\u00e9 et la libert\u00e9 d\u2019expression, et ne doit jamais \u00eatre utilis\u00e9e comme plateforme de propagande&#8221;, a insist\u00e9 Henna Virkkunen.<\/p>\n<h2 class=\"txt-int\" data-module=\"article-paragraph\">Le pr\u00e9sident justifie son choix<\/h2>\n<p>&#8220;La Biennale de Venise est une institution ouverte [\u2026]. Chaque pays reconnu par la R\u00e9publique italienne peut demander sa participation de mani\u00e8re ind\u00e9pendante&#8221;, se d\u00e9fend de son c\u00f4t\u00e9 l\u2019institution sur son site.\u00a0Elle affirme par ailleurs s\u2019opposer \u00e0 &#8220;toute forme d\u2019exclusion ou de censure de la culture et de l\u2019art&#8221;.<\/p>\n<p>&#8220;La Biennale est un espace de coexistence pour la plan\u00e8te enti\u00e8re, avec ses g\u00e9ographies anciennes et nouvelles&#8221;, a assur\u00e9\u00a0dans une interview au journal\u00a0<em>La Repubblica<\/em>\u00a0son pr\u00e9sident, Pietrangelo Buttafuoco.\u00a0Ce dernier, consid\u00e9r\u00e9 comme proche de la Premi\u00e8re ministre italienne d\u2019extr\u00eame droite Giorgia Meloni, a pris ses fonctions en mars\u00a02024.<\/p>\n<h2 class=\"txt-int\" data-module=\"article-paragraph\">Aucune d\u00e9cision d\u00e9finitive<\/h2>\n<p data-module=\"article-paragraph\">L\u2019Ukraine a \u00e9galement appel\u00e9 les organisateurs \u00e0 revenir sur leur d\u00e9cision. Kiev estime que la pr\u00e9sence d\u2019un pavillon russe \u00e0 la Biennale enverrait un message contradictoire alors que la guerre se poursuit sur son territoire.<\/p>\n<p data-module=\"article-paragraph\">Organis\u00e9e tous les deux ans, la Biennale de Venise r\u00e9unit des artistes et des pavillons nationaux venus de dizaines de pays. L\u2019\u00e9v\u00e9nement est financ\u00e9 par plusieurs sources, dont des fonds publics italiens et europ\u00e9ens. La prochaine \u00e9dition doit se tenir du 9\u00a0mai au 22\u00a0novembre 2026. \u00c0 ce stade, la direction de la Biennale n\u2019a pas annonc\u00e9 de d\u00e9cision d\u00e9finitive concernant la participation de la Russie.<\/p>\n<\/p><\/div>\n<p><a href=\"https:\/\/www.ladepeche.fr\/2026\/03\/13\/guerre-en-ukraine-le-retour-annonce-de-la-russie-a-la-biennale-de-venise-fait-scandale-lue-menace-de-suspendre-ses-financements-13271034.php\">source<\/a><\/p>\n","protected":false},"excerpt":{"rendered":"<p>l&#8217;essentiel L\u2019annonce du retour d\u2019artistes russes apr\u00e8s quatre ans d\u2019absence pour la Biennale de Venise 2026 cr\u00e9e la pol\u00e9mique. De nombreux pays europ\u00e9ens d\u00e9noncent la d\u00e9cision du pr\u00e9sident du pr\u00e9sident de cette expostion internationale d\u2019art contemporain. L\u2019UE menace de retirer ses aides. Bannie depuis 2022, c\u2019est un retour qui divise. La possible pr\u00e9sence de la [&hellip;]<\/p>\n","protected":false},"author":1,"featured_media":124578,"comment_status":"open","ping_status":"open","sticky":false,"template":"","format":"standard","meta":{"_monsterinsights_skip_tracking":false,"_monsterinsights_sitenote_active":false,"_monsterinsights_sitenote_note":"","_monsterinsights_sitenote_category":0,"footnotes":""},"categories":[1],"tags":[],"coauthors":[77],"class_list":["post-124577","post","type-post","status-publish","format-standard","has-post-thumbnail","hentry","category-a-la-une"],"aioseo_notices":[],"_links":{"self":[{"href":"https:\/\/pressactu.com\/index.php?rest_route=\/wp\/v2\/posts\/124577","targetHints":{"allow":["GET"]}}],"collection":[{"href":"https:\/\/pressactu.com\/index.php?rest_route=\/wp\/v2\/posts"}],"about":[{"href":"https:\/\/pressactu.com\/index.php?rest_route=\/wp\/v2\/types\/post"}],"author":[{"embeddable":true,"href":"https:\/\/pressactu.com\/index.php?rest_route=\/wp\/v2\/users\/1"}],"replies":[{"embeddable":true,"href":"https:\/\/pressactu.com\/index.php?rest_route=%2Fwp%2Fv2%2Fcomments&post=124577"}],"version-history":[{"count":0,"href":"https:\/\/pressactu.com\/index.php?rest_route=\/wp\/v2\/posts\/124577\/revisions"}],"wp:featuredmedia":[{"embeddable":true,"href":"https:\/\/pressactu.com\/index.php?rest_route=\/wp\/v2\/media\/124578"}],"wp:attachment":[{"href":"https:\/\/pressactu.com\/index.php?rest_route=%2Fwp%2Fv2%2Fmedia&parent=124577"}],"wp:term":[{"taxonomy":"category","embeddable":true,"href":"https:\/\/pressactu.com\/index.php?rest_route=%2Fwp%2Fv2%2Fcategories&post=124577"},{"taxonomy":"post_tag","embeddable":true,"href":"https:\/\/pressactu.com\/index.php?rest_route=%2Fwp%2Fv2%2Ftags&post=124577"},{"taxonomy":"author","embeddable":true,"href":"https:\/\/pressactu.com\/index.php?rest_route=%2Fwp%2Fv2%2Fcoauthors&post=124577"}],"curies":[{"name":"wp","href":"https:\/\/api.w.org\/{rel}","templated":true}]}}