{"id":124573,"date":"2026-03-14T00:25:06","date_gmt":"2026-03-14T00:25:06","guid":{"rendered":"https:\/\/pressactu.com\/?p=124573"},"modified":"2026-03-14T00:25:06","modified_gmt":"2026-03-14T00:25:06","slug":"tests-auto-alfa-romeo-tonale-ibrida-1-5-175-ch-veloce-qui-dit-mieux","status":"publish","type":"post","link":"https:\/\/pressactu.com\/?p=124573","title":{"rendered":"Tests auto. Alfa Romeo Tonale Ibrida 1.5\u00a0175 ch Veloce\u00a0: qui dit mieux\u00a0?"},"content":{"rendered":"<p>\n                                                                    <span class=\"article-full__chapo-label hide-on-small-only\">l&#8217;essentiel<\/span><br \/>\n                                                                Le SUV restyl\u00e9 de la marque italienne porte avec fiert\u00e9, sans contestation aucune, le fameux biscione de la famille. Arriver \u00e0 se d\u00e9marquer aussi bien au c\u0153ur de la galaxie Stellantis, c\u2019est d\u00e9j\u00e0 une victoire\u00a0!<\/p>\n<div rel=\"js-article-content\">\n                                                                                                                                                            <!-- Pub DFP Position [outstream] --><\/p>\n<p>Vous allez nous dire que nous nous attachons \u00e0 des d\u00e9tails, que nous livrons un combat d\u00e9suet appel\u00e9 a \u00eatre noy\u00e9 sous la poussi\u00e8re du pass\u00e9. Mais tant pis\u2026 La plaque d\u2019immatriculation du Tonale, qui vient de glisser en position centrale nous rend un peu tristes. Depuis la tr\u00e8s belle 156 apparue \u00e0 la fin du si\u00e8cle dernier, toutes les Alfa portaient fi\u00e8rement l\u2019 \u00ab\u00a0immat\u00a0\u00bb sur le c\u00f4t\u00e9 gauche de la face avant, \u00e0 l\u2019image d\u2019ailleurs de quelques r\u00e9f\u00e9rences du catalogue depuis les ann\u00e9es 50, comme une m\u00e9daille, un signe de reconnaissance. Ce \u00ab\u00a0d\u00e9calage\u00a0\u00bb donnait, si besoin \u00e9tait une \u00ab\u00a0diff\u00e9rence\u00a0\u00bb ch\u00e8re au c\u0153ur fragile et inspir\u00e9 des \u00ab\u00a0Alfisti\u00a0\u00bb. C\u2019est fini. Suivant aveugl\u00e9ment le Milano devenu Junior \u00e0 l\u2019heure de la commercialisation, le SUV tr\u00e8s r\u00e9ussi, subtilement retouch\u00e9, est condamn\u00e9 \u00e0 s\u2019identifier comme le reste du \u00ab\u00a0troupeau\u00a0\u00bb.<\/p>\n<p><!-- Pub DFP Position [article] --><\/p>\n<div class=\"center-align\" rel=\"js-article-inline-img\" data-protec-aida=\"image\">\n<figure class=\"std-img\" data-src=\"https:\/\/images.ladepeche.fr\/api\/v1\/images\/view\/69991610436c03fff605c348\/original\/image.jpg?v=1\">\n        <img decoding=\"async\" class=\"std-img__img responsive-img\" src=\"http:\/\/pressactu.com\/wp-content\/uploads\/2026\/03\/1773447894_271_image.jpg?v=1\" alt=\"Tonale\u2026\"\/><figcaption class=\"article-full__media-infos\">\n                <span class=\"article-full__media-legend\">Tonale\u2026<\/span><br \/>\n                                    <span class=\"article-full__media-author\">DDM<\/span><br \/>\n                            <\/figcaption><\/figure>\n<\/div>\n<div class=\"center-align\" rel=\"js-article-inline-img\" data-protec-aida=\"image\">\n<figure class=\"std-img\" data-src=\"https:\/\/images.ladepeche.fr\/api\/v1\/images\/view\/69991619871cdfc1f9087852\/original\/image.jpg?v=1\">\n        <img decoding=\"async\" class=\"std-img__img responsive-img\" src=\"http:\/\/pressactu.com\/wp-content\/uploads\/2026\/03\/1773447895_585_image.jpg?v=1\" alt=\"Harmonie\"\/><figcaption class=\"article-full__media-infos\">\n                <span class=\"article-full__media-legend\">Harmonie<\/span><br \/>\n                                    <span class=\"article-full__media-author\">DDM<\/span><br \/>\n                            <\/figcaption><\/figure>\n<\/div>\n<div class=\"center-align\" rel=\"js-article-inline-img\" data-protec-aida=\"image\">\n<figure class=\"std-img\" data-src=\"https:\/\/images.ladepeche.fr\/api\/v1\/images\/view\/6999161f871cdfc1f9087853\/original\/image.jpg?v=1\">\n        <img decoding=\"async\" class=\"std-img__img responsive-img\" src=\"http:\/\/pressactu.com\/wp-content\/uploads\/2026\/03\/1773447895_852_image.jpg?v=1\" alt=\"Regard\"\/><figcaption class=\"article-full__media-infos\">\n                <span class=\"article-full__media-legend\">Regard<\/span><br \/>\n                                    <span class=\"article-full__media-author\">DDM<\/span><br \/>\n                            <\/figcaption><\/figure>\n<\/div>\n<div class=\"center-align\" rel=\"js-article-inline-img\" data-protec-aida=\"image\">\n<figure class=\"std-img\" data-src=\"https:\/\/images.ladepeche.fr\/api\/v1\/images\/view\/69991633cde5e4da0706bec4\/original\/image.jpg?v=1\">\n        <img decoding=\"async\" class=\"std-img__img responsive-img\" src=\"http:\/\/pressactu.com\/wp-content\/uploads\/2026\/03\/1773447896_587_image.jpg?v=1\" alt=\"Lumi\u00e8re\"\/><figcaption class=\"article-full__media-infos\">\n                <span class=\"article-full__media-legend\">Lumi\u00e8re<\/span><br \/>\n                                    <span class=\"article-full__media-author\">DDM<\/span><br \/>\n                            <\/figcaption><\/figure>\n<\/div>\n<div class=\"center-align\" rel=\"js-article-inline-img\" data-protec-aida=\"image\">\n<figure class=\"std-img\" data-src=\"https:\/\/images.ladepeche.fr\/api\/v1\/images\/view\/6999163d4c45448e9507f492\/original\/image.jpg?v=1\">\n        <img decoding=\"async\" class=\"std-img__img responsive-img\" src=\"http:\/\/pressactu.com\/wp-content\/uploads\/2026\/03\/1773447896_180_image.jpg?v=1\" alt=\"Ah la plaque\u2026\"\/><figcaption class=\"article-full__media-infos\">\n                <span class=\"article-full__media-legend\">Ah la plaque\u2026<\/span><br \/>\n                                    <span class=\"article-full__media-author\">DDM<\/span><br \/>\n                            <\/figcaption><\/figure>\n<\/div>\n<div class=\"center-align\" rel=\"js-article-inline-img\" data-protec-aida=\"image\">\n<figure class=\"std-img\" data-src=\"https:\/\/images.ladepeche.fr\/api\/v1\/images\/view\/6999166039e9bbde610452b0\/original\/image.jpg?v=1\">\n        <img decoding=\"async\" class=\"std-img__img responsive-img\" src=\"http:\/\/pressactu.com\/wp-content\/uploads\/2026\/03\/1773447896_125_image.jpg?v=1\" alt=\"Finition\"\/><figcaption class=\"article-full__media-infos\">\n                <span class=\"article-full__media-legend\">Finition<\/span><br \/>\n                                    <span class=\"article-full__media-author\">DDM<\/span><br \/>\n                            <\/figcaption><\/figure>\n<\/div>\n<p>Pire, les Giulia et Stelvio qui suivront devraient eux aussi se contenter de cet \u00ab\u00a0ordinaire\u00a0\u00bb. Les designers transalpins ne seraient pas en cause, la modification plut\u00f4t due aux mesures du GSR 2 de notre ch\u00e8re Europe qui exigeant de nouvelles capacit\u00e9s du freinage d\u2019urgence exigent une refonte des boucliers pour favoriser l\u2019implantation de nouveaux capteurs et cam\u00e9ras.<\/p>\n<h2 class=\"txt-int\">Esth\u00e9tique<\/h2>\n<p>Le Tonale restyl\u00e9 malgr\u00e9 cette faute de go\u00fbt destin\u00e9e \u00e0 se r\u00e9p\u00e9ter continue \u00e0 afficher fi\u00e8rement ses diff\u00e9rences. La nouvelle face (\u00e0 l\u2019arri\u00e8re o\u00f9 le nom de Tonale s\u2019\u00e9tale au-dessous de la signature lumineuse, c\u2019est plus discret) s\u2019inscrit dans la tradition esth\u00e9tique de la marque milanaise.<\/p>\n<div class=\"center-align\" rel=\"js-article-inline-img\" data-protec-aida=\"image\">\n<figure class=\"std-img\" data-src=\"https:\/\/images.ladepeche.fr\/api\/v1\/images\/view\/69991649f2f61214f9088306\/original\/image.jpg?v=1\">\n        <img decoding=\"async\" class=\"std-img__img responsive-img\" src=\"http:\/\/pressactu.com\/wp-content\/uploads\/2026\/03\/1773447897_18_image.jpg?v=1\" alt=\"R\u00e9tro italien\"\/><figcaption class=\"article-full__media-infos\">\n                <span class=\"article-full__media-legend\">R\u00e9tro italien<\/span><br \/>\n                                    <span class=\"article-full__media-author\">DDM<\/span><br \/>\n                            <\/figcaption><\/figure>\n<\/div>\n<div class=\"center-align\" rel=\"js-article-inline-img\" data-protec-aida=\"image\">\n<figure class=\"std-img\" data-src=\"https:\/\/images.ladepeche.fr\/api\/v1\/images\/view\/6999165332569dd9c40a6e12\/original\/image.jpg?v=1\">\n        <img decoding=\"async\" class=\"std-img__img responsive-img\" src=\"http:\/\/pressactu.com\/wp-content\/uploads\/2026\/03\/1773447897_704_image.jpg?v=1\" alt=\"\u00c9triers de frein sign\u00e9s Alfa\"\/><figcaption class=\"article-full__media-infos\">\n                <span class=\"article-full__media-legend\">\u00c9triers de frein sign\u00e9s Alfa<\/span><br \/>\n                                    <span class=\"article-full__media-author\">DDM<\/span><br \/>\n                            <\/figcaption><\/figure>\n<\/div>\n<div class=\"center-align\" rel=\"js-article-inline-img\" data-protec-aida=\"image\">\n<figure class=\"std-img\" data-src=\"https:\/\/images.ladepeche.fr\/api\/v1\/images\/view\/6999162540a8b6b4d10a81b2\/original\/image.jpg?v=1\">\n        <img decoding=\"async\" class=\"std-img__img responsive-img\" src=\"http:\/\/pressactu.com\/wp-content\/uploads\/2026\/03\/1773447897_701_image.jpg?v=1\" alt=\"Au ciel\"\/><figcaption class=\"article-full__media-infos\">\n                <span class=\"article-full__media-legend\">Au ciel<\/span><br \/>\n                                    <span class=\"article-full__media-author\">DDM<\/span><br \/>\n                            <\/figcaption><\/figure>\n<\/div>\n<div class=\"center-align\" rel=\"js-article-inline-img\" data-protec-aida=\"image\">\n<figure class=\"std-img\" data-src=\"https:\/\/images.ladepeche.fr\/api\/v1\/images\/view\/69991a8ae93e26eb0004f9f8\/original\/image.jpg?v=1\">\n        <img decoding=\"async\" class=\"std-img__img responsive-img\" src=\"http:\/\/pressactu.com\/wp-content\/uploads\/2026\/03\/1773447898_37_image.jpg?v=1\" alt=\"Ravitaillement raisonnable\"\/><figcaption class=\"article-full__media-infos\">\n                <span class=\"article-full__media-legend\">Ravitaillement raisonnable<\/span><br \/>\n                                    <span class=\"article-full__media-author\">DDM<\/span><br \/>\n                            <\/figcaption><\/figure>\n<\/div>\n<div class=\"center-align\" rel=\"js-article-inline-img\" data-protec-aida=\"image\">\n<figure class=\"std-img\" data-src=\"https:\/\/images.ladepeche.fr\/api\/v1\/images\/view\/69991ac9133525972007bc2a\/original\/image.jpg?v=1\">\n        <img decoding=\"async\" class=\"std-img__img responsive-img\" src=\"http:\/\/pressactu.com\/wp-content\/uploads\/2026\/03\/1773447898_105_image.jpg?v=1\" alt=\"Un coffre de bonne taille\"\/><figcaption class=\"article-full__media-infos\">\n                <span class=\"article-full__media-legend\">Un coffre de bonne taille<\/span><br \/>\n                                    <span class=\"article-full__media-author\">DDM<\/span><br \/>\n                            <\/figcaption><\/figure>\n<\/div>\n<div class=\"center-align\" rel=\"js-article-inline-img\" data-protec-aida=\"image\">\n<figure class=\"std-img\" data-src=\"https:\/\/images.ladepeche.fr\/api\/v1\/images\/view\/69991aa994b125bac1042d98\/original\/image.jpg?v=1\">\n        <img decoding=\"async\" class=\"std-img__img responsive-img\" src=\"http:\/\/pressactu.com\/wp-content\/uploads\/2026\/03\/1773447898_686_image.jpg?v=1\" alt=\"Sous sol\"\/><figcaption class=\"article-full__media-infos\">\n                <span class=\"article-full__media-legend\">Sous sol<\/span><br \/>\n                                    <span class=\"article-full__media-author\">DDM<\/span><br \/>\n                            <\/figcaption><\/figure>\n<\/div>\n<p>Le bouclier, forc\u00e9ment redessin\u00e9 affiche une prise d\u2019air basse plus grande, rappelant celle de son petit fr\u00e8re Junior. Entre les feux, trois yeux pour chacun, le superbe scudetto surmont\u00e9 du biscione est encadr\u00e9 par deux ou\u00efes de chaque c\u00f4t\u00e9, un Trilobo tout neuf, joliment a\u00e9r\u00e9 sous le capot concave, discr\u00e8tement marqu\u00e9 et parfaitement servi par la couleur or de notre v\u00e9hicule d\u2019essai. La finition Veloce est inscrite sur la partie droite de l\u2019aile avant. Le profil \u00e9quilibr\u00e9, simplement r\u00e9ussi est soulign\u00e9 par les \u00e9triers de freins rouges offerts \u00e0 travers les jantes 20\u2019\u2019 noires. Un tableau de ma\u00eetre, \u00e0 l\u2019italienne oserons-nous. Volant trois branches, pas trop charg\u00e9 avec le bouton de d\u00e9marrage sur la gauche, palettes g\u00e9antes en alu fix\u00e9es sur la colonne de direction, du meilleur effet visuel, compteurs bien ronds, commandes en bonne position sur la console centrale (avec le drapeau vert blanc rouge), si\u00e8ges \u00e9l\u00e9gants et confortables, il fait aussi bon \u00e0 l\u2019int\u00e9rieur que beau \u00e0 l\u2019ext\u00e9rieur.<\/p>\n<div class=\"center-align\" rel=\"js-article-inline-img\" data-protec-aida=\"image\">\n<figure class=\"std-img\" data-src=\"https:\/\/images.ladepeche.fr\/api\/v1\/images\/view\/69991a72933ca033330a3934\/original\/image.jpg?v=1\">\n        <img decoding=\"async\" class=\"std-img__img responsive-img\" src=\"http:\/\/pressactu.com\/wp-content\/uploads\/2026\/03\/1773447899_948_image.jpg?v=1\" alt=\"Habitacle\"\/><figcaption class=\"article-full__media-infos\">\n                <span class=\"article-full__media-legend\">Habitacle<\/span><br \/>\n                                    <span class=\"article-full__media-author\">DDM<\/span><br \/>\n                            <\/figcaption><\/figure>\n<\/div>\n<div class=\"center-align\" rel=\"js-article-inline-img\" data-protec-aida=\"image\">\n<figure class=\"std-img\" data-src=\"https:\/\/images.ladepeche.fr\/api\/v1\/images\/view\/69991ad1bd7cd95fa30ed3a6\/original\/image.jpg?v=1\">\n        <img decoding=\"async\" class=\"std-img__img responsive-img\" src=\"http:\/\/pressactu.com\/wp-content\/uploads\/2026\/03\/1773447899_111_image.jpg?v=1\" alt=\"Int\u00e9rieur cossu\"\/><figcaption class=\"article-full__media-infos\">\n                <span class=\"article-full__media-legend\">Int\u00e9rieur cossu<\/span><br \/>\n                                    <span class=\"article-full__media-author\">DDM<\/span><br \/>\n                            <\/figcaption><\/figure>\n<\/div>\n<div class=\"center-align\" rel=\"js-article-inline-img\" data-protec-aida=\"image\">\n<figure class=\"std-img\" data-src=\"https:\/\/images.ladepeche.fr\/api\/v1\/images\/view\/6999167d7ac5edb3cf05ca60\/original\/image.jpg?v=1\">\n        <img decoding=\"async\" class=\"std-img__img responsive-img\" src=\"http:\/\/pressactu.com\/wp-content\/uploads\/2026\/03\/1773447899_470_image.jpg?v=1\" alt=\"Le volant\"\/><figcaption class=\"article-full__media-infos\">\n                <span class=\"article-full__media-legend\">Le volant<\/span><br \/>\n                                    <span class=\"article-full__media-author\">DDM<\/span><br \/>\n                            <\/figcaption><\/figure>\n<\/div>\n<div class=\"center-align\" rel=\"js-article-inline-img\" data-protec-aida=\"image\">\n<figure class=\"std-img\" data-src=\"https:\/\/images.ladepeche.fr\/api\/v1\/images\/view\/69991673f337e5e721099f8c\/original\/image.jpg?v=1\">\n        <img decoding=\"async\" class=\"std-img__img responsive-img\" src=\"http:\/\/pressactu.com\/wp-content\/uploads\/2026\/03\/1773447899_840_image.jpg?v=1\" alt=\"Palettes g\u00e9antes\"\/><figcaption class=\"article-full__media-infos\">\n                <span class=\"article-full__media-legend\">Palettes g\u00e9antes<\/span><br \/>\n                                    <span class=\"article-full__media-author\">DDM<\/span><br \/>\n                            <\/figcaption><\/figure>\n<\/div>\n<div class=\"center-align\" rel=\"js-article-inline-img\" data-protec-aida=\"image\">\n<figure class=\"std-img\" data-src=\"https:\/\/images.ladepeche.fr\/api\/v1\/images\/view\/699916bec5f59c4eef0fc10e\/original\/image.jpg?v=1\">\n        <img decoding=\"async\" class=\"std-img__img responsive-img\" src=\"http:\/\/pressactu.com\/wp-content\/uploads\/2026\/03\/1773447900_337_image.jpg?v=1\" alt=\"Qualit\u00e9 de finition\"\/><figcaption class=\"article-full__media-infos\">\n                <span class=\"article-full__media-legend\">Qualit\u00e9 de finition<\/span><br \/>\n                                    <span class=\"article-full__media-author\">DDM<\/span><br \/>\n                            <\/figcaption><\/figure>\n<\/div>\n<div class=\"center-align\" rel=\"js-article-inline-img\" data-protec-aida=\"image\">\n<figure class=\"std-img\" data-src=\"https:\/\/images.ladepeche.fr\/api\/v1\/images\/view\/699916ce51a0e75a03069338\/original\/image.jpg?v=1\">\n        <img decoding=\"async\" class=\"std-img__img responsive-img\" src=\"http:\/\/pressactu.com\/wp-content\/uploads\/2026\/03\/1773447900_464_image.jpg?v=1\" alt=\"Commandes\"\/><figcaption class=\"article-full__media-infos\">\n                <span class=\"article-full__media-legend\">Commandes<\/span><br \/>\n                                    <span class=\"article-full__media-author\">DDM<\/span><br \/>\n                            <\/figcaption><\/figure>\n<\/div>\n<div class=\"center-align\" rel=\"js-article-inline-img\" data-protec-aida=\"image\">\n<figure class=\"std-img\" data-src=\"https:\/\/images.ladepeche.fr\/api\/v1\/images\/view\/699916da40a8b6b4d10a81b3\/original\/image.jpg?v=1\">\n        <img decoding=\"async\" class=\"std-img__img responsive-img\" src=\"http:\/\/pressactu.com\/wp-content\/uploads\/2026\/03\/1773447900_431_image.jpg?v=1\" alt=\"A\u00e9ration\"\/><figcaption class=\"article-full__media-infos\">\n                <span class=\"article-full__media-legend\">A\u00e9ration<\/span><br \/>\n                                    <span class=\"article-full__media-author\">DDM<\/span><br \/>\n                            <\/figcaption><\/figure>\n<\/div>\n<div class=\"center-align\" rel=\"js-article-inline-img\" data-protec-aida=\"image\">\n<figure class=\"std-img\" data-src=\"https:\/\/images.ladepeche.fr\/api\/v1\/images\/view\/69b4a2072db80ea4a108305e\/original\/image.jpg?v=1\">\n        <img decoding=\"async\" class=\"std-img__img responsive-img\" src=\"http:\/\/pressactu.com\/wp-content\/uploads\/2026\/03\/1773447901_771_image.jpg?v=1\" alt=\"La banquette arri\u00e8re\"\/><figcaption class=\"article-full__media-infos\">\n                <span class=\"article-full__media-legend\">La banquette arri\u00e8re<\/span><br \/>\n                                    <span class=\"article-full__media-author\">DDM<\/span><br \/>\n                            <\/figcaption><\/figure>\n<\/div>\n<div class=\"center-align\" rel=\"js-article-inline-img\" data-protec-aida=\"image\">\n<figure class=\"std-img\" data-src=\"https:\/\/images.ladepeche.fr\/api\/v1\/images\/view\/69b4a1fd017e1b4e180f6ce2\/original\/image.jpg?v=1\">\n        <img decoding=\"async\" class=\"std-img__img responsive-img\" src=\"http:\/\/pressactu.com\/wp-content\/uploads\/2026\/03\/1773447901_308_image.jpg?v=1\" alt=\"Pratique\"\/><figcaption class=\"article-full__media-infos\">\n                <span class=\"article-full__media-legend\">Pratique<\/span><br \/>\n                                    <span class=\"article-full__media-author\">DDM<\/span><br \/>\n                            <\/figcaption><\/figure>\n<\/div>\n<div class=\"center-align\" rel=\"js-article-inline-img\" data-protec-aida=\"image\">\n<figure class=\"std-img\" data-src=\"https:\/\/images.ladepeche.fr\/api\/v1\/images\/view\/69b4a1f404a9f6babd075b70\/original\/image.jpg?v=1\">\n        <img decoding=\"async\" class=\"std-img__img responsive-img\" src=\"http:\/\/pressactu.com\/wp-content\/uploads\/2026\/03\/1773447901_310_image.jpg?v=1\" alt=\"Au deuxi\u00e8me rang\"\/><figcaption class=\"article-full__media-infos\">\n                <span class=\"article-full__media-legend\">Au deuxi\u00e8me rang<\/span><br \/>\n                                    <span class=\"article-full__media-author\">DDM<\/span><br \/>\n                            <\/figcaption><\/figure>\n<\/div>\n<h2 class=\"txt-int\">Pas sportive mais\u2026<\/h2>\n<p>Le SUV d\u2019Alfa, bien diff\u00e9rent des photocopies de la famille Stellantis ne peut revendiquer un statut de vrai sportif. Il est lourd pas aussi agile qu\u2019il faudrait, mais lors d\u2019un passage m\u00e9morable sur une sp\u00e9ciale oubli\u00e9e de Loz\u00e8re farcie de changement de directions de bosses et de descentes nous avons quand m\u00eame r\u00e9ussi \u00e0 \u00ab\u00a0dialoguer\u00a0\u00bb franchement avec cet animal \u00e9tonnant. Sur le chemin du col du Pont sans Eau, tourment\u00e9 \u00e0 souhait, invitant sans rel\u00e2che \u00e0 la relance, nous avons v\u00e9cu une demi-heure surprenante, abandonnant en route les palettes en alu\u00a0pour rendre la gestion assez bluffante des rapports \u00e0 la bo\u00eete m\u00e9ca robotis\u00e9e \u00e0 double embrayage.<\/p>\n<div class=\"center-align\" rel=\"js-article-inline-img\" data-protec-aida=\"image\">\n<figure class=\"std-img\" data-src=\"https:\/\/images.ladepeche.fr\/api\/v1\/images\/view\/699916684c88ad7fca07a2c2\/original\/image.jpg?v=1\">\n        <img decoding=\"async\" class=\"std-img__img responsive-img\" src=\"http:\/\/pressactu.com\/wp-content\/uploads\/2026\/03\/1773447901_724_image.jpg?v=1\" alt=\"Contre porte\"\/><figcaption class=\"article-full__media-infos\">\n                <span class=\"article-full__media-legend\">Contre porte<\/span><br \/>\n                                    <span class=\"article-full__media-author\">DDM<\/span><br \/>\n                            <\/figcaption><\/figure>\n<\/div>\n<div class=\"center-align\" rel=\"js-article-inline-img\" data-protec-aida=\"image\">\n<figure class=\"std-img\" data-src=\"https:\/\/images.ladepeche.fr\/api\/v1\/images\/view\/6999168f5328a519b70a57ec\/original\/image.jpg?v=1\">\n        <img decoding=\"async\" class=\"std-img__img responsive-img\" src=\"http:\/\/pressactu.com\/wp-content\/uploads\/2026\/03\/1773447902_26_image.jpg?v=1\" alt=\"S\u00e9lecteur original et tr\u00e8s pratique\"\/><figcaption class=\"article-full__media-infos\">\n                <span class=\"article-full__media-legend\">S\u00e9lecteur original et tr\u00e8s pratique<\/span><br \/>\n                                    <span class=\"article-full__media-author\">DDM<\/span><br \/>\n                            <\/figcaption><\/figure>\n<\/div>\n<div class=\"center-align\" rel=\"js-article-inline-img\" data-protec-aida=\"image\">\n<figure class=\"std-img\" data-src=\"https:\/\/images.ladepeche.fr\/api\/v1\/images\/view\/699916c60a6510d97403e362\/original\/image.jpg?v=1\">\n        <img decoding=\"async\" class=\"std-img__img responsive-img\" src=\"http:\/\/pressactu.com\/wp-content\/uploads\/2026\/03\/1773447902_560_image.jpg?v=1\" alt=\"Choix\"\/><figcaption class=\"article-full__media-infos\">\n                <span class=\"article-full__media-legend\">Choix<\/span><br \/>\n                                    <span class=\"article-full__media-author\">DDM<\/span><br \/>\n                            <\/figcaption><\/figure>\n<\/div>\n<div class=\"center-align\" rel=\"js-article-inline-img\" data-protec-aida=\"image\">\n<figure class=\"std-img\" data-src=\"https:\/\/images.ladepeche.fr\/api\/v1\/images\/view\/69991a9030f72899c500f224\/original\/image.jpg?v=1\">\n        <img decoding=\"async\" class=\"std-img__img responsive-img\" src=\"http:\/\/pressactu.com\/wp-content\/uploads\/2026\/03\/1773447902_312_image.jpg?v=1\" alt=\"Ambiance nocturne\"\/><figcaption class=\"article-full__media-infos\">\n                <span class=\"article-full__media-legend\">Ambiance nocturne<\/span><br \/>\n                                    <span class=\"article-full__media-author\">DDM<\/span><br \/>\n                            <\/figcaption><\/figure>\n<\/div>\n<div class=\"center-align\" rel=\"js-article-inline-img\" data-protec-aida=\"image\">\n<figure class=\"std-img\" data-src=\"https:\/\/images.ladepeche.fr\/api\/v1\/images\/view\/69991a845c1899b96f087db4\/original\/image.jpg?v=1\">\n        <img decoding=\"async\" class=\"std-img__img responsive-img\" src=\"http:\/\/pressactu.com\/wp-content\/uploads\/2026\/03\/1773447903_759_image.jpg?v=1\" alt=\"Biscione\"\/><figcaption class=\"article-full__media-infos\">\n                <span class=\"article-full__media-legend\">Biscione<\/span><br \/>\n                                    <span class=\"article-full__media-author\">DDM<\/span><br \/>\n                            <\/figcaption><\/figure>\n<\/div>\n<div class=\"center-align\" rel=\"js-article-inline-img\" data-protec-aida=\"image\">\n<figure class=\"std-img\" data-src=\"https:\/\/images.ladepeche.fr\/api\/v1\/images\/view\/69991a7ec06d6dd286040efa\/original\/image.jpg?v=1\">\n        <img decoding=\"async\" class=\"std-img__img responsive-img\" src=\"http:\/\/pressactu.com\/wp-content\/uploads\/2026\/03\/1773447903_542_image.jpg?v=1\" alt=\"Signature\"\/><figcaption class=\"article-full__media-infos\">\n                <span class=\"article-full__media-legend\">Signature<\/span><br \/>\n                                    <span class=\"article-full__media-author\">DDM<\/span><br \/>\n                            <\/figcaption><\/figure>\n<\/div>\n<div class=\"center-align\" rel=\"js-article-inline-img\" data-protec-aida=\"image\">\n<figure class=\"std-img\" data-src=\"https:\/\/images.ladepeche.fr\/api\/v1\/images\/view\/69991aa319bdfe351d0e1c16\/original\/image.jpg?v=1\">\n        <img decoding=\"async\" class=\"std-img__img responsive-img\" src=\"http:\/\/pressactu.com\/wp-content\/uploads\/2026\/03\/1773447903_523_image.jpg?v=1\" alt=\"Surpiq\u00fbres\"\/><figcaption class=\"article-full__media-infos\">\n                <span class=\"article-full__media-legend\">Surpiq\u00fbres<\/span><br \/>\n                                    <span class=\"article-full__media-author\">DDM<\/span><br \/>\n                            <\/figcaption><\/figure>\n<\/div>\n<div class=\"center-align\" rel=\"js-article-inline-img\" data-protec-aida=\"image\">\n<figure class=\"std-img\" data-src=\"https:\/\/images.ladepeche.fr\/api\/v1\/images\/view\/69991ab803c979f9d501e5a6\/original\/image.jpg?v=1\">\n        <img decoding=\"async\" class=\"std-img__img responsive-img\" src=\"http:\/\/pressactu.com\/wp-content\/uploads\/2026\/03\/1773447904_343_image.jpg?v=1\" alt=\"Des touches physiques et pratiques\"\/><figcaption class=\"article-full__media-infos\">\n                <span class=\"article-full__media-legend\">Des touches physiques et pratiques<\/span><br \/>\n                                    <span class=\"article-full__media-author\">DDM<\/span><br \/>\n                            <\/figcaption><\/figure>\n<\/div>\n<div class=\"center-align\" rel=\"js-article-inline-img\" data-protec-aida=\"image\">\n<figure class=\"std-img\" data-src=\"https:\/\/images.ladepeche.fr\/api\/v1\/images\/view\/69991aaf79842e96f3017cca\/original\/image.jpg?v=1\">\n        <img decoding=\"async\" class=\"std-img__img responsive-img\" src=\"http:\/\/pressactu.com\/wp-content\/uploads\/2026\/03\/1773447904_781_image.jpg?v=1\" alt=\"Recharge\"\/><figcaption class=\"article-full__media-infos\">\n                <span class=\"article-full__media-legend\">Recharge<\/span><br \/>\n                                    <span class=\"article-full__media-author\">DDM<\/span><br \/>\n                            <\/figcaption><\/figure>\n<\/div>\n<p>En mode Sport, la sonorit\u00e9 du moteur est touchante, bien plus pr\u00e9sente, les suspensions (pilot\u00e9es\u00a0livr\u00e9es en s\u00e9rie) durcissent et on regrette juste un manque de consistance de la direction. \u00c0 ce rythme \u00e9lev\u00e9, la consommation de l\u2019Ibrida augmente mais ne s\u2019envole pas. Le comportement routier est vraiment plaisant, pour un peu on aurait repris le chemin dans l\u2019autre sens pour \u00e9viter de\u00a0retomber sur les trac\u00e9s sans \u00e2me. L\u2019esprit Alfa souffle encore de temps en temps, et c\u2019est presque \u00e9mouvant.<\/p>\n<div class=\"center-align\" rel=\"js-article-inline-img\" data-protec-aida=\"image\">\n<figure class=\"std-img\" data-src=\"https:\/\/images.ladepeche.fr\/api\/v1\/images\/view\/699916988c259463e20b8051\/original\/image.jpg?v=1\">\n        <img decoding=\"async\" class=\"std-img__img responsive-img\" src=\"http:\/\/pressactu.com\/wp-content\/uploads\/2026\/03\/1773447904_284_image.jpg?v=1\" alt=\"Facile \u00e0 garer\"\/><figcaption class=\"article-full__media-infos\">\n                <span class=\"article-full__media-legend\">Facile \u00e0 garer<\/span><br \/>\n                                    <span class=\"article-full__media-author\">DDM<\/span><br \/>\n                            <\/figcaption><\/figure>\n<\/div>\n<div class=\"center-align\" rel=\"js-article-inline-img\" data-protec-aida=\"image\">\n<figure class=\"std-img\" data-src=\"https:\/\/images.ladepeche.fr\/api\/v1\/images\/view\/699916aec013a7e1f004b14a\/original\/image.jpg?v=1\">\n        <img decoding=\"async\" class=\"std-img__img responsive-img\" src=\"http:\/\/pressactu.com\/wp-content\/uploads\/2026\/03\/1773447905_404_image.jpg?v=1\" alt=\"Navigation\"\/><figcaption class=\"article-full__media-infos\">\n                <span class=\"article-full__media-legend\">Navigation<\/span><br \/>\n                                    <span class=\"article-full__media-author\">DDM<\/span><br \/>\n                            <\/figcaption><\/figure>\n<\/div>\n<div class=\"center-align\" rel=\"js-article-inline-img\" data-protec-aida=\"image\">\n<figure class=\"std-img\" data-src=\"https:\/\/images.ladepeche.fr\/api\/v1\/images\/view\/699916b67ac5edb3cf05ca63\/original\/image.jpg?v=1\">\n        <img decoding=\"async\" class=\"std-img__img responsive-img\" src=\"http:\/\/pressactu.com\/wp-content\/uploads\/2026\/03\/1773447905_540_image.jpg?v=1\" alt=\"Marche arri\u00e8re\"\/><figcaption class=\"article-full__media-infos\">\n                <span class=\"article-full__media-legend\">Marche arri\u00e8re<\/span><br \/>\n                                    <span class=\"article-full__media-author\">DDM<\/span><br \/>\n                            <\/figcaption><\/figure>\n<\/div>\n<div class=\"center-align\" rel=\"js-article-inline-img\" data-protec-aida=\"image\">\n<figure class=\"std-img\" data-src=\"https:\/\/images.ladepeche.fr\/api\/v1\/images\/view\/69991a95b78524e7ad0a6146\/original\/image.jpg?v=1\">\n        <img decoding=\"async\" class=\"std-img__img responsive-img\" src=\"http:\/\/pressactu.com\/wp-content\/uploads\/2026\/03\/1773447905_451_image.jpg?v=1\" alt=\"Dynamique\"\/><figcaption class=\"article-full__media-infos\">\n                <span class=\"article-full__media-legend\">Dynamique<\/span><br \/>\n                                    <span class=\"article-full__media-author\">DDM<\/span><br \/>\n                            <\/figcaption><\/figure>\n<\/div>\n<div class=\"center-align\" rel=\"js-article-inline-img\" data-protec-aida=\"image\">\n<figure class=\"std-img\" data-src=\"https:\/\/images.ladepeche.fr\/api\/v1\/images\/view\/69991a9da0cfeef1320bf54a\/original\/image.jpg?v=1\">\n        <img decoding=\"async\" class=\"std-img__img responsive-img\" src=\"http:\/\/pressactu.com\/wp-content\/uploads\/2026\/03\/1773447906_383_image.jpg?v=1\" alt=\"Eco\u2026\"\/><figcaption class=\"article-full__media-infos\">\n                <span class=\"article-full__media-legend\">Eco\u2026<\/span><br \/>\n                                    <span class=\"article-full__media-author\">DDM<\/span><br \/>\n                            <\/figcaption><\/figure>\n<\/div>\n<div class=\"center-align\" rel=\"js-article-inline-img\" data-protec-aida=\"image\">\n<figure class=\"std-img\" data-src=\"https:\/\/images.ladepeche.fr\/api\/v1\/images\/view\/69991ac15c1899b96f087db5\/original\/image.jpg?v=1\">\n        <img decoding=\"async\" class=\"std-img__img responsive-img\" src=\"http:\/\/pressactu.com\/wp-content\/uploads\/2026\/03\/1773447906_350_image.jpg?v=1\" alt=\"Compteurs\"\/><figcaption class=\"article-full__media-infos\">\n                <span class=\"article-full__media-legend\">Compteurs<\/span><br \/>\n                                    <span class=\"article-full__media-author\">DDM<\/span><br \/>\n                            <\/figcaption><\/figure>\n<\/div>\n<div class=\"std-frame\">\n<h2 class=\"encart_titre\">LA FICHE<\/h2>\n<div class=\"encart_texte\">\n<p>Longueur\u00a0: 4522 mm<\/p>\n<p>Largeur\u00a0: 1841\/2082 mm<\/p>\n<p>Hauteur\u00a0: 1601 mm<\/p>\n<p>Empattement\u00a0: 2640 mm<\/p>\n<p>Volume du coffre\u00a0: 500\/1550 litres<\/p>\n<p>Nombre de portes\u00a0: 5<\/p>\n<p>Nombre de places\u00a0: 5<\/p>\n<p>Garde au sol\u00a0: 175\u00a0mm<\/p>\n<p>Diam\u00e8tre de braquage\u00a0: 11,6\u00a0m<\/p>\n<p>Capacit\u00e9 du r\u00e9servoir\u00a0: 55 litres<\/p>\n<p>Poids\u00a0: 1525 kg<\/p>\n<p>Vitesse maxi\u00a0: 212\u00a0km\/h<\/p>\n<p>0 \u00e0 100\u00a0km\/h\u00a0: 8\u2019\u20195<\/p>\n<p>\u00c9nergie\u00a0: Essence micro hybride<\/p>\n<p>Motorisation\u00a0: quatre cylindres en ligne 16 soupapes turbo \u00e0 g\u00e9om\u00e9trie variable<\/p>\n<p>Puissance\u00a0: 175 ch\/120\u00a0kW<\/p>\n<p>Cylindr\u00e9e\u00a0: 1469 cm\u00b3<\/p>\n<p>Couple\u00a0: 240 Nm \u00e0 1500-3000 tr\/mn<\/p>\n<p>Transmission\u00a0: traction<\/p>\n<p>Bo\u00eete de vitesses\u00a0: m\u00e9canique robotis\u00e9e 7 rapports \u00e0 double embrayage<\/p>\n<p>Consommation mixte\u00a0: 5,7\u00a0l\/100\u00a0km<\/p>\n<p>Rejets CO2\u00a0: 130\u00a0g\/km<\/p>\n<p>Puissance fiscale\u00a0: 9\u00a0CV<\/p>\n<p><strong>LES +<\/strong><\/p>\n<p>&#8211; le dessin, les retouches \u00e0 l\u2019avant<\/p>\n<p>&#8211; tr\u00e8s Alfa malgr\u00e9 tout<\/p>\n<p>&#8211; le temp\u00e9rament du moteur<\/p>\n<p>&#8211; l\u2019ob\u00e9issance de la bo\u00eete de vitesses<\/p>\n<p>&#8211; presque agile\u00a0!<\/p>\n<p><strong>LES \u2013<\/strong><\/p>\n<p>&#8211; confort assez ferme<\/p>\n<p>&#8211; la plaque d\u2019immatriculation en position centrale<\/p>\n<p>&#8211; le syst\u00e8me d\u2019infodivertissement un peu en retard<\/p>\n<p>&#8211; bruits d\u2019air<\/p>\n<p><strong>LE CHIFFRE<\/strong><\/p>\n<p><strong>3 &gt;\u00a0<\/strong>Finitions &gt;\u00a0Le Tonale restyl\u00e9 est propos\u00e9 en trois finitions, Veloce, Ti et Sprint avec, en plus une \u00e9dition de lancement Sport Speciale assez all\u00e9chante. Plus t\u00f4t tr\u00e8s bien \u00e9quip\u00e9e d\u00e8s le premier niveau avec des mat\u00e9riaux de qualit\u00e9 et une finition satisfaisante.<\/p>\n<p><strong>LE D\u00c9TAIL<\/strong><\/p>\n<p><strong>Motorisations<\/strong> &gt;\u00a0Alfa conserve une belle vari\u00e9t\u00e9 de motorisation au catalogue pour son Tonale. N\u2019oublions pas que le diesel 130 ch est toujours d\u2019actualit\u00e9 et qu\u2019il fait les yeux doux aux gros rouleurs. Les clients pas encore pr\u00eats pour aller plus loin peuvent choisir les versions mild hybrid de notre essai ou l\u2019hybride rechargeable Q4 de 270 ch qui promet sans l\u2019atteindre en r\u00e9alit\u00e9 une autonomie de 81 kilom\u00e8tres en tout \u00e9lectrique.<\/p>\n<p><strong>LE PRIX<\/strong><\/p>\n<p>51\u00a0500\u00a0\u20ac<\/p>\n<p><strong>LA NOTE<\/strong><\/p>\n<p>16\/20<\/p>\n<\/div>\n<\/div><\/div>\n<p><a href=\"https:\/\/www.ladepeche.fr\/2026\/03\/14\/tests-auto-alfa-romeo-tonale-ibrida-15-175-ch-veloce-qui-dit-mieux-13237166.php\">source<\/a><\/p>\n","protected":false},"excerpt":{"rendered":"<p>l&#8217;essentiel Le SUV restyl\u00e9 de la marque italienne porte avec fiert\u00e9, sans contestation aucune, le fameux biscione de la famille. Arriver \u00e0 se d\u00e9marquer aussi bien au c\u0153ur de la galaxie Stellantis, c\u2019est d\u00e9j\u00e0 une victoire\u00a0! Vous allez nous dire que nous nous attachons \u00e0 des d\u00e9tails, que nous livrons un combat d\u00e9suet appel\u00e9 a [&hellip;]<\/p>\n","protected":false},"author":1,"featured_media":124574,"comment_status":"open","ping_status":"open","sticky":false,"template":"","format":"standard","meta":{"_monsterinsights_skip_tracking":false,"_monsterinsights_sitenote_active":false,"_monsterinsights_sitenote_note":"","_monsterinsights_sitenote_category":0,"footnotes":""},"categories":[74],"tags":[],"coauthors":[77],"class_list":["post-124573","post","type-post","status-publish","format-standard","has-post-thumbnail","hentry","category-economie"],"aioseo_notices":[],"_links":{"self":[{"href":"https:\/\/pressactu.com\/index.php?rest_route=\/wp\/v2\/posts\/124573","targetHints":{"allow":["GET"]}}],"collection":[{"href":"https:\/\/pressactu.com\/index.php?rest_route=\/wp\/v2\/posts"}],"about":[{"href":"https:\/\/pressactu.com\/index.php?rest_route=\/wp\/v2\/types\/post"}],"author":[{"embeddable":true,"href":"https:\/\/pressactu.com\/index.php?rest_route=\/wp\/v2\/users\/1"}],"replies":[{"embeddable":true,"href":"https:\/\/pressactu.com\/index.php?rest_route=%2Fwp%2Fv2%2Fcomments&post=124573"}],"version-history":[{"count":0,"href":"https:\/\/pressactu.com\/index.php?rest_route=\/wp\/v2\/posts\/124573\/revisions"}],"wp:featuredmedia":[{"embeddable":true,"href":"https:\/\/pressactu.com\/index.php?rest_route=\/wp\/v2\/media\/124574"}],"wp:attachment":[{"href":"https:\/\/pressactu.com\/index.php?rest_route=%2Fwp%2Fv2%2Fmedia&parent=124573"}],"wp:term":[{"taxonomy":"category","embeddable":true,"href":"https:\/\/pressactu.com\/index.php?rest_route=%2Fwp%2Fv2%2Fcategories&post=124573"},{"taxonomy":"post_tag","embeddable":true,"href":"https:\/\/pressactu.com\/index.php?rest_route=%2Fwp%2Fv2%2Ftags&post=124573"},{"taxonomy":"author","embeddable":true,"href":"https:\/\/pressactu.com\/index.php?rest_route=%2Fwp%2Fv2%2Fcoauthors&post=124573"}],"curies":[{"name":"wp","href":"https:\/\/api.w.org\/{rel}","templated":true}]}}