{"id":124534,"date":"2026-03-13T23:07:38","date_gmt":"2026-03-13T23:07:38","guid":{"rendered":"https:\/\/pressactu.com\/?p=124534"},"modified":"2026-03-13T23:07:38","modified_gmt":"2026-03-13T23:07:38","slug":"accident-mortel-dans-le-gers-un-vehicule-percute-violemment-un-arbre-une-femme-de-70-ans-succombe-a-ses-blessures","status":"publish","type":"post","link":"https:\/\/pressactu.com\/?p=124534","title":{"rendered":"Accident mortel dans le Gers\u00a0: un v\u00e9hicule percute violemment un arbre, une femme de 70 ans succombe \u00e0 ses blessures"},"content":{"rendered":"<p>\n                                                                    <span class=\"article-full__chapo-label hide-on-small-only\">l&#8217;essentiel<\/span><br \/>\n                                                                Un accident mortel s\u2019est produit ce jeudi 12\u00a0mars le Gers. \u00c0 Castelnau d\u2019Auzan, une femme de 70 ans a perdu la vie et un homme de 50 ans a \u00e9t\u00e9 gri\u00e8vement bless\u00e9 apr\u00e8s une collision de leur v\u00e9hicule avec un arbre.\n                            <\/p>\n<div rel=\"js-article-content\" data-state=\"fixed-height\" data-selection=\"disabled\">\n                                                                                                                                                            <!-- Pub DFP Position [outstream] --><\/p>\n<p>Terrible drame en cette fin de journ\u00e9e. Un grave accident de la circulation s\u2019est produit ce jeudi vers 16\u00a0heures sur la commune de Castelnau d\u2019Auzan, dans le Gers. Les sapeurs-pompiers, le SMUR ainsi que la gendarmerie ont \u00e9t\u00e9 mobilis\u00e9s apr\u00e8s une sortie de route sur la D 15 qui a impliqu\u00e9 un seul v\u00e9hicule.<\/p>\n<p><!-- Pub DFP Position [article] --><\/p>\n<p class=\"std-elt__inline\">\n        <strong>\u00c0 lire aussi :<\/strong><br \/>\n        <a href=\"\/2026\/01\/25\/deuxieme-accident-grave-du-week-end-a-auch-une-voiture-fait-plusieurs-tonneaux-sur-la-rd-924-13185829.php\">Deuxi\u00e8me accident grave du week-end \u00e0 Auch, une voiture fait plusieurs tonneaux<\/a>\n    <\/p>\n<p>Selon les premiers \u00e9l\u00e9ments recueillis sur place, le conducteur aurait perdu le contr\u00f4le de son v\u00e9hicule avant de terminer sa course contre un arbre. \u00c0 l\u2019arriv\u00e9e des secours, l\u2019automobiliste, \u00e2g\u00e9 de 50 ans, \u00e9tait incarc\u00e9r\u00e9 dans l\u2019habitacle. Gri\u00e8vement bless\u00e9, il a \u00e9t\u00e9 pris en charge par les \u00e9quipes de secours.<\/p>\n<p><iframe width=\"600\" height=\"450\" style=\"border:0;\" allowfullscreen=\"\" loading=\"lazy\" referrerpolicy=\"no-referrer-when-downgrade\" data-src=\"https:\/\/www.google.com\/maps\/embed?pb=!1m18!1m12!1m3!1d87962.28216532944!2d0.0272909477268967!3d43.95444597604605!2m3!1f0!2f0!3f0!3m2!1i1024!2i768!4f13.1!3m3!1m2!1s0x12aa0f771401335b%3A0xab8e7f15b90fec9f!2sCastelnau%20d'Auzan%20Labarr%C3%A8re!5e1!3m2!1sfr!2sfr!4v1773334796385!5m2!1sfr!2sfr\"><\/iframe><\/p>\n<p>La passag\u00e8re, originaire du Lot-et-Garonne, une femme de 70 ans qui n\u2019est autre que la m\u00e8re du conducteur, n\u2019a malheureusement pas surv\u00e9cu \u00e0 ses blessures. Elle a \u00e9t\u00e9 d\u00e9clar\u00e9e d\u00e9c\u00e9d\u00e9e sur place par l\u2019\u00e9quipe du SMUR de Condom.<\/p>\n<p>Une enqu\u00eate devra d\u00e9sormais d\u00e9terminer les circonstances pr\u00e9cises de cet accident.<\/p>\n<h2 class=\"txt-int\">Troisi\u00e8me accident mortel en un mois et demi<\/h2>\n<p>Un\u00a0nouveau drame qui intervient alors que plusieurs accidents graves ont d\u00e9j\u00e0 marqu\u00e9 les routes gersoises ces derni\u00e8res semaines. Le 20\u00a0f\u00e9vrier dernier, un jeune automobiliste de 19 ans, originaire du Tarn-et-Garonne, avait perdu la vie apr\u00e8s une sortie de route sur la D943 \u00e0 hauteur de Barran.<\/p>\n<p>Le v\u00e9hicule, qui circulait en direction de Montauban depuis Tarbes, avait termin\u00e9 sa course dans un foss\u00e9. Le conducteur avait \u00e9t\u00e9 retrouv\u00e9 d\u00e9c\u00e9d\u00e9 au volant par les secours.\u00a0Le 2\u00a0f\u00e9vrier, un trentenaire, circulant sur la RD1021 en direction d\u2019Auch avait fait une sortie de route. Bless\u00e9 et hospitalis\u00e9, il est d\u00e9c\u00e9d\u00e9 deux jours plus tard.<\/p>\n<\/p><\/div>\n<p><a href=\"https:\/\/www.ladepeche.fr\/2026\/03\/12\/troisieme-accident-mortel-en-deux-mois-sur-les-routes-du-gers-un-vehicule-percute-violemment-un-arbre-une-femme-de-70-ans-succombe-a-ses-blessures-13269063.php\">source<\/a><\/p>\n","protected":false},"excerpt":{"rendered":"<p>l&#8217;essentiel Un accident mortel s\u2019est produit ce jeudi 12\u00a0mars le Gers. \u00c0 Castelnau d\u2019Auzan, une femme de 70 ans a perdu la vie et un homme de 50 ans a \u00e9t\u00e9 gri\u00e8vement bless\u00e9 apr\u00e8s une collision de leur v\u00e9hicule avec un arbre. Terrible drame en cette fin de journ\u00e9e. Un grave accident de la circulation [&hellip;]<\/p>\n","protected":false},"author":1,"featured_media":124535,"comment_status":"open","ping_status":"open","sticky":false,"template":"","format":"standard","meta":{"_monsterinsights_skip_tracking":false,"_monsterinsights_sitenote_active":false,"_monsterinsights_sitenote_note":"","_monsterinsights_sitenote_category":0,"footnotes":""},"categories":[1],"tags":[],"coauthors":[77],"class_list":["post-124534","post","type-post","status-publish","format-standard","has-post-thumbnail","hentry","category-a-la-une"],"aioseo_notices":[],"_links":{"self":[{"href":"https:\/\/pressactu.com\/index.php?rest_route=\/wp\/v2\/posts\/124534","targetHints":{"allow":["GET"]}}],"collection":[{"href":"https:\/\/pressactu.com\/index.php?rest_route=\/wp\/v2\/posts"}],"about":[{"href":"https:\/\/pressactu.com\/index.php?rest_route=\/wp\/v2\/types\/post"}],"author":[{"embeddable":true,"href":"https:\/\/pressactu.com\/index.php?rest_route=\/wp\/v2\/users\/1"}],"replies":[{"embeddable":true,"href":"https:\/\/pressactu.com\/index.php?rest_route=%2Fwp%2Fv2%2Fcomments&post=124534"}],"version-history":[{"count":0,"href":"https:\/\/pressactu.com\/index.php?rest_route=\/wp\/v2\/posts\/124534\/revisions"}],"wp:featuredmedia":[{"embeddable":true,"href":"https:\/\/pressactu.com\/index.php?rest_route=\/wp\/v2\/media\/124535"}],"wp:attachment":[{"href":"https:\/\/pressactu.com\/index.php?rest_route=%2Fwp%2Fv2%2Fmedia&parent=124534"}],"wp:term":[{"taxonomy":"category","embeddable":true,"href":"https:\/\/pressactu.com\/index.php?rest_route=%2Fwp%2Fv2%2Fcategories&post=124534"},{"taxonomy":"post_tag","embeddable":true,"href":"https:\/\/pressactu.com\/index.php?rest_route=%2Fwp%2Fv2%2Ftags&post=124534"},{"taxonomy":"author","embeddable":true,"href":"https:\/\/pressactu.com\/index.php?rest_route=%2Fwp%2Fv2%2Fcoauthors&post=124534"}],"curies":[{"name":"wp","href":"https:\/\/api.w.org\/{rel}","templated":true}]}}