{"id":124526,"date":"2026-03-13T21:26:33","date_gmt":"2026-03-13T21:26:33","guid":{"rendered":"https:\/\/pressactu.com\/?p=124526"},"modified":"2026-03-13T21:26:33","modified_gmt":"2026-03-13T21:26:33","slug":"la-voiture-sencastre-dans-un-platane-lors-dun-depassement-un-mort-et-deux-blesses-dans-un-accident-pres-de-toulouse","status":"publish","type":"post","link":"https:\/\/pressactu.com\/?p=124526","title":{"rendered":"La voiture s\u2019encastre dans un platane lors d\u2019un d\u00e9passement\u00a0: un mort et deux bless\u00e9s dans un accident, pr\u00e8s de Toulouse"},"content":{"rendered":"<p>\n                                                                    <span class=\"article-full__chapo-label hide-on-small-only\">l&#8217;essentiel<\/span><br \/>\n                                                                Un terrible accident de la route impliquant deux voitures a fait un mort et deux bless\u00e9s, jeudi 12\u00a0mars, vers 22\u00a0h\u00a030, pr\u00e8s de Toulouse. L\u2019une d\u2019elles s\u2019est encastr\u00e9e dans un platane.\n                            <\/p>\n<div rel=\"js-article-content\" data-state=\"fixed-height\" data-selection=\"disabled\">\n                                                                                                                                                            <!-- Pub DFP Position [outstream] --><\/p>\n<p>D\u00e9j\u00e0 14 morts sur les routes de Haute-Garonne depuis le d\u00e9but de l\u2019ann\u00e9e. Un chiffre en hausse de pr\u00e8s de 30\u00a0% par rapport \u00e0 l\u2019an dernier. Le terrible accident survenu ce jeudi 12\u00a0mars, sur la commune de Tournefeuille (Haute-Garonne), pr\u00e8s de Toulouse, vient abonder ce bilan dramatique.<\/p>\n<p><!-- Pub DFP Position [article] --><\/p>\n<h2 class=\"txt-int\">Choc de plein fouet contre un platane<\/h2>\n<p>Selon les premiers \u00e9l\u00e9ments de l\u2019enqu\u00eate de police, qui restent \u00e0 affiner, deux voitures se sont percut\u00e9es lors, semble-t-il, d\u2019une man\u0153uvre de d\u00e9passement survenue vers 22\u00a0h\u00a030, route de Tarbes.<\/p>\n<p>En se rabattant, la conductrice d\u2019une C3 aurait accroch\u00e9 le v\u00e9hicule au volant duquel se trouvait un quinquag\u00e9naire. La Citro\u00ebn aurait alors \u00e9t\u00e9 projet\u00e9e contre un platane.<\/p>\n<p><iframe width=\"600\" height=\"450\" style=\"border:0;\" allowfullscreen=\"\" loading=\"lazy\" referrerpolicy=\"no-referrer-when-downgrade\" data-src=\"https:\/\/www.google.com\/maps\/embed?pb=!1m18!1m12!1m3!1d46248.44449972994!2d1.2925549409530248!3d43.574721936373976!2m3!1f0!2f0!3f0!3m2!1i1024!2i768!4f13.1!3m3!1m2!1s0x12aeb08c713b8b95%3A0x9b8a0b8da8b7d251!2s31170%20Tournefeuille!5e0!3m2!1sfr!2sfr!4v1773396136859!5m2!1sfr!2sfr\"><\/iframe><\/p>\n<p>Le choc \u00e9tait d\u2019une extr\u00eame violence. \u00c0 leur arriv\u00e9e, les pompiers s\u2019employaient \u00e0 d\u00e9sincarc\u00e9rer la conductrice, \u00e2g\u00e9e de 24 ans et demeurant \u00e0 Blagnac. En d\u00e9pit de leurs efforts, elle \u00e9tait d\u00e9clar\u00e9e d\u00e9c\u00e9d\u00e9e sur place par le m\u00e9decin du Samu.<\/p>\n<h2 class=\"txt-int\">La passag\u00e8re polytraumatis\u00e9e<\/h2>\n<p>Sa passag\u00e8re, \u00e2g\u00e9e de 22 ans, a pu \u00eatre extraite par des t\u00e9moins avant l\u2019arriv\u00e9e des secours. Polytraumatis\u00e9e, souffrant de fractures au niveau des membres inf\u00e9rieurs, elle a \u00e9t\u00e9 \u00e9vacu\u00e9e en &#8220;urgence absolue&#8221; \u00e0 l\u2019h\u00f4pital Purpan.<\/p>\n<p>Les secours ont \u00e9galement pris en charge et transport\u00e9 aux urgences le conducteur du second v\u00e9hicule, \u00e2g\u00e9 de 55 ans. Il serait plus l\u00e9g\u00e8rement touch\u00e9. Les circonstances exactes de l\u2019accident restent \u00e0 d\u00e9terminer. Les investigations se poursuivent.<\/p>\n<\/p><\/div>\n<p><a href=\"https:\/\/www.ladepeche.fr\/2026\/03\/13\/la-voiture-sencastre-dans-un-platane-lors-dun-depassement-un-mort-et-deux-blesses-pres-de-toulouse-13270255.php\">source<\/a><\/p>\n","protected":false},"excerpt":{"rendered":"<p>l&#8217;essentiel Un terrible accident de la route impliquant deux voitures a fait un mort et deux bless\u00e9s, jeudi 12\u00a0mars, vers 22\u00a0h\u00a030, pr\u00e8s de Toulouse. L\u2019une d\u2019elles s\u2019est encastr\u00e9e dans un platane. D\u00e9j\u00e0 14 morts sur les routes de Haute-Garonne depuis le d\u00e9but de l\u2019ann\u00e9e. Un chiffre en hausse de pr\u00e8s de 30\u00a0% par rapport \u00e0 [&hellip;]<\/p>\n","protected":false},"author":1,"featured_media":124527,"comment_status":"open","ping_status":"open","sticky":false,"template":"","format":"standard","meta":{"_monsterinsights_skip_tracking":false,"_monsterinsights_sitenote_active":false,"_monsterinsights_sitenote_note":"","_monsterinsights_sitenote_category":0,"footnotes":""},"categories":[1],"tags":[],"coauthors":[77],"class_list":["post-124526","post","type-post","status-publish","format-standard","has-post-thumbnail","hentry","category-a-la-une"],"aioseo_notices":[],"_links":{"self":[{"href":"https:\/\/pressactu.com\/index.php?rest_route=\/wp\/v2\/posts\/124526","targetHints":{"allow":["GET"]}}],"collection":[{"href":"https:\/\/pressactu.com\/index.php?rest_route=\/wp\/v2\/posts"}],"about":[{"href":"https:\/\/pressactu.com\/index.php?rest_route=\/wp\/v2\/types\/post"}],"author":[{"embeddable":true,"href":"https:\/\/pressactu.com\/index.php?rest_route=\/wp\/v2\/users\/1"}],"replies":[{"embeddable":true,"href":"https:\/\/pressactu.com\/index.php?rest_route=%2Fwp%2Fv2%2Fcomments&post=124526"}],"version-history":[{"count":0,"href":"https:\/\/pressactu.com\/index.php?rest_route=\/wp\/v2\/posts\/124526\/revisions"}],"wp:featuredmedia":[{"embeddable":true,"href":"https:\/\/pressactu.com\/index.php?rest_route=\/wp\/v2\/media\/124527"}],"wp:attachment":[{"href":"https:\/\/pressactu.com\/index.php?rest_route=%2Fwp%2Fv2%2Fmedia&parent=124526"}],"wp:term":[{"taxonomy":"category","embeddable":true,"href":"https:\/\/pressactu.com\/index.php?rest_route=%2Fwp%2Fv2%2Fcategories&post=124526"},{"taxonomy":"post_tag","embeddable":true,"href":"https:\/\/pressactu.com\/index.php?rest_route=%2Fwp%2Fv2%2Ftags&post=124526"},{"taxonomy":"author","embeddable":true,"href":"https:\/\/pressactu.com\/index.php?rest_route=%2Fwp%2Fv2%2Fcoauthors&post=124526"}],"curies":[{"name":"wp","href":"https:\/\/api.w.org\/{rel}","templated":true}]}}