{"id":124518,"date":"2026-03-13T19:46:33","date_gmt":"2026-03-13T19:46:33","guid":{"rendered":"https:\/\/pressactu.com\/?p=124518"},"modified":"2026-03-13T19:46:33","modified_gmt":"2026-03-13T19:46:33","slug":"ils-demandent-la-restitution-des-ossements-de-leur-grand-mere-exhumes-par-des-ouvriers-vereux-mais-ils-ont-ete-melanges-a-dautres-restes","status":"publish","type":"post","link":"https:\/\/pressactu.com\/?p=124518","title":{"rendered":"Ils demandent la restitution des ossements de leur grand-m\u00e8re, exhum\u00e9s par des ouvriers v\u00e9reux, mais ils ont \u00e9t\u00e9 m\u00e9lang\u00e9s \u00e0 d\u2019autres restes"},"content":{"rendered":"<p>\n                                                                    <span class=\"article-full__chapo-label hide-on-small-only\">l&#8217;essentiel<\/span><br \/>\n                                                                Apr\u00e8s l\u2019exhumation ill\u00e9gale de plusieurs corps dans un cimeti\u00e8re de Valenciennes, une habitante d\u2019Arras r\u00e9clame la restitution des ossements de sa grand-m\u00e8re. Mais la mairie affirme qu\u2019il est d\u00e9sormais impossible de les identifier.\n                            <\/p>\n<div rel=\"js-article-content\">\n                                                                                                                                                            <!-- Pub DFP Position [outstream] --><\/p>\n<p>C\u2019est un long serpent de mer, bien connu des services municipaux de Valenciennes (Nord). Aujourd\u2019hui encore, une habitante d\u2019Arras demande r\u00e9paration alors que les ossements de sa grand-m\u00e8re ont \u00e9t\u00e9\u00a0exhum\u00e9s ill\u00e9galement du cimeti\u00e8re Saint-Jean il y a plusieurs ann\u00e9es, dans une sombre affaire de concessions fun\u00e9raires.<\/p>\n<p><!-- Pub DFP Position [article] --><\/p>\n<p>La famille souhaite en effet que les restes\u00a0de la d\u00e9funte leur soient restitu\u00e9s. La municipalit\u00e9, elle, explique qu\u2019elle ne peut pas r\u00e9pondre favorablement \u00e0 la demande des requ\u00e9rants, racontent nos confr\u00e8res de <a href=\"https:\/\/www.lavoixdunord.fr\/1683641\/article\/2026-03-13\/rendez-nous-maria-une-famille-denonce-l-exhumation-illegale-de-leur-grand-mere\" target=\"_blank\"><em>La Voix du Nord<\/em><\/a>.<\/p>\n<p><iframe width=\"600\" height=\"450\" style=\"border:0;\" allowfullscreen=\"\" loading=\"lazy\" referrerpolicy=\"no-referrer-when-downgrade\" data-src=\"https:\/\/www.google.com\/maps\/embed?pb=!1m18!1m12!1m3!1d40723.8275349285!2d3.4730188392547388!3d50.36209367842043!2m3!1f0!2f0!3f0!3m2!1i1024!2i768!4f13.1!3m3!1m2!1s0x47c2edc768b409b3%3A0xb5f4dcec0bfdf494!2s59300%20Valenciennes!5e0!3m2!1sfr!2sfr!4v1773394558870!5m2!1sfr!2sfr\"><\/iframe><\/p>\n<p>Dans les faits, tout commence en 2019, lorsque\u00a0des ouvriers municipaux ont \u00e9t\u00e9 d\u00e9masqu\u00e9s parce qu\u2019ils avaient exhum\u00e9 en totale ill\u00e9galit\u00e9 plusieurs corps du cimeti\u00e8re Saint-Jean avant de revendre \u2013 sous le manteau \u2013 les concessions fun\u00e9raires. Tous avaient \u00e9t\u00e9 jug\u00e9s en mai\u00a02023 et avaient \u00e9cop\u00e9 de peines de prison avec sursis.<\/p>\n<h2 class=\"txt-int\">&#8220;Une atteinte grave \u00e0 la dignit\u00e9&#8221;<\/h2>\n<p>C\u2019est dans ce contexte qu\u2019une habitante d\u2019Arras a d\u00e9couvert que les ossements de sa grand-m\u00e8re avaient \u00e9t\u00e9 plac\u00e9s au sein de\u00a0l\u2019ossuaire municipal\u2026 alors que la concession, elle, devait prendre fin en 2045. Aupr\u00e8s de nos confr\u00e8res, cette derni\u00e8re affirme n\u2019avoir re\u00e7u aucun avertissement de la part de la municipalit\u00e9, d\u00e9non\u00e7ant de s\u00e9rieux manquements.<\/p>\n<p class=\"std-elt__inline\">\n        <strong>\u00c0 lire aussi :<\/strong><br \/>\n        <a href=\"\/2026\/03\/12\/il-menace-de-bruler-lhotel-avec-des-bidons-durine-un-homme-pesant-250-kg-refuse-de-quitter-sa-chambre-depuis-3-semaines-et-cree-la-panique-13266988.php\">Il menace de br\u00fbler l\u2019h\u00f4tel avec des bidons d\u2019urine\u00a0: un homme pesant 250\u00a0kg refuse de quitter sa chambre depuis 3 semaines et cr\u00e9e la panique<\/a>\n    <\/p>\n<p>&#8220;Pour notre famille, cette situation est inacceptable. Il s\u2019agit d\u2019une atteinte grave \u00e0 la dignit\u00e9 et au respect des morts et d\u2019un manquement majeur aux obligations de la commune&#8221;. La famille r\u00e9clame aujourd\u2019hui une restitution compl\u00e8te des ossements de la d\u00e9funte.<\/p>\n<p class=\"std-elt__inline\">\n        <strong>\u00c0 lire aussi :<\/strong><br \/>\n        <a href=\"\/2026\/03\/11\/une-fillette-setouffe-avec-un-baton-de-sucette-elle-est-sauvee-grace-a-lintervention-de-trois-policiers-13264600.php\">Une fillette s\u2019\u00e9touffe avec un b\u00e2ton de sucette, elle est sauv\u00e9e gr\u00e2ce \u00e0 l\u2019intervention de trois policiers<\/a>\n    <\/p>\n<p>De son c\u00f4t\u00e9, la mairie de Valenciennes reconna\u00eet les manquements et assure \u00eatre &#8220;touch\u00e9e&#8221; par la &#8220;situation&#8221; de la requ\u00e9rante. Elle explique cependant ne pas \u00eatre en capacit\u00e9 de restituer les ossements \u00e0\u00a0cette habitante d\u2019Arras. Ces derniers auraient en effet \u00e9t\u00e9 m\u00e9lang\u00e9s \u00e0 un autre corps\u00a0: &#8220;Un autre corps a \u00e9t\u00e9 d\u00e9couvert dans la m\u00eame s\u00e9pulture, qui avait \u00e9t\u00e9 inhum\u00e9 ant\u00e9rieurement \u00e0 une profondeur plus importante \u00e0 une date inconnue de nos services. D\u00e8s lors, ils ont \u00e9t\u00e9 tous deux r\u00e9unis dans un m\u00eame contenant avant d\u2019\u00eatre d\u00e9pos\u00e9s \u00e0 l\u2019ossuaire&#8221;.<\/p>\n<p>Dans cette affaire, le tribunal administratif de Lille avait \u00e9t\u00e9 saisi. Le jugement rendu le 22\u00a0juillet 2025 est venu d\u00e9bouter la famille. La justice a expliqu\u00e9\u00a0que &#8220;l\u2019exhumation des restes, d\u00e9pos\u00e9s sans \u00eatre individualis\u00e9s dans l\u2019ossuaire de la commune de Valenciennes, n\u2019\u00e9tait pas mat\u00e9riellement possible par des moyens raisonnables&#8221;. La famille a donc d\u00e9cid\u00e9 d\u2019alerter la presse sur sa situation et de lancer <a href=\"https:\/\/www.facebook.com\/sandrine.laurentgarcia\/posts\/pfbid09UjvRQqcBjnx2Vtx5ZcKrfCTzS7jpGQZboJSfyiu4bSW78TDQECA6zoRCMqL7FUWl\" target=\"_blank\">une page Facebook de soutien<\/a>. Son nom\u00a0? &#8220;Rendez-nous Maria&#8221;.<\/p>\n<\/p><\/div>\n<p><a href=\"https:\/\/www.ladepeche.fr\/2026\/03\/13\/ils-demandent-la-restitution-des-ossements-de-leur-grand-mere-exhumes-par-des-ouvriers-vereux-mais-ils-ont-ete-melanges-a-dautres-restes-13270150.php\">source<\/a><\/p>\n","protected":false},"excerpt":{"rendered":"<p>l&#8217;essentiel Apr\u00e8s l\u2019exhumation ill\u00e9gale de plusieurs corps dans un cimeti\u00e8re de Valenciennes, une habitante d\u2019Arras r\u00e9clame la restitution des ossements de sa grand-m\u00e8re. Mais la mairie affirme qu\u2019il est d\u00e9sormais impossible de les identifier. C\u2019est un long serpent de mer, bien connu des services municipaux de Valenciennes (Nord). Aujourd\u2019hui encore, une habitante d\u2019Arras demande r\u00e9paration [&hellip;]<\/p>\n","protected":false},"author":1,"featured_media":124519,"comment_status":"open","ping_status":"open","sticky":false,"template":"","format":"standard","meta":{"_monsterinsights_skip_tracking":false,"_monsterinsights_sitenote_active":false,"_monsterinsights_sitenote_note":"","_monsterinsights_sitenote_category":0,"footnotes":""},"categories":[1],"tags":[],"coauthors":[77],"class_list":["post-124518","post","type-post","status-publish","format-standard","has-post-thumbnail","hentry","category-a-la-une"],"aioseo_notices":[],"_links":{"self":[{"href":"https:\/\/pressactu.com\/index.php?rest_route=\/wp\/v2\/posts\/124518","targetHints":{"allow":["GET"]}}],"collection":[{"href":"https:\/\/pressactu.com\/index.php?rest_route=\/wp\/v2\/posts"}],"about":[{"href":"https:\/\/pressactu.com\/index.php?rest_route=\/wp\/v2\/types\/post"}],"author":[{"embeddable":true,"href":"https:\/\/pressactu.com\/index.php?rest_route=\/wp\/v2\/users\/1"}],"replies":[{"embeddable":true,"href":"https:\/\/pressactu.com\/index.php?rest_route=%2Fwp%2Fv2%2Fcomments&post=124518"}],"version-history":[{"count":0,"href":"https:\/\/pressactu.com\/index.php?rest_route=\/wp\/v2\/posts\/124518\/revisions"}],"wp:featuredmedia":[{"embeddable":true,"href":"https:\/\/pressactu.com\/index.php?rest_route=\/wp\/v2\/media\/124519"}],"wp:attachment":[{"href":"https:\/\/pressactu.com\/index.php?rest_route=%2Fwp%2Fv2%2Fmedia&parent=124518"}],"wp:term":[{"taxonomy":"category","embeddable":true,"href":"https:\/\/pressactu.com\/index.php?rest_route=%2Fwp%2Fv2%2Fcategories&post=124518"},{"taxonomy":"post_tag","embeddable":true,"href":"https:\/\/pressactu.com\/index.php?rest_route=%2Fwp%2Fv2%2Ftags&post=124518"},{"taxonomy":"author","embeddable":true,"href":"https:\/\/pressactu.com\/index.php?rest_route=%2Fwp%2Fv2%2Fcoauthors&post=124518"}],"curies":[{"name":"wp","href":"https:\/\/api.w.org\/{rel}","templated":true}]}}