{"id":124516,"date":"2026-03-13T19:31:11","date_gmt":"2026-03-13T19:31:11","guid":{"rendered":"https:\/\/pressactu.com\/?p=124516"},"modified":"2026-03-13T19:31:11","modified_gmt":"2026-03-13T19:31:11","slug":"video-un-celebre-champion-olympique-de-ski-chute-lourdement-et-doit-etre-hospitalise-il-sest-frappe-la-tete-violemment","status":"publish","type":"post","link":"https:\/\/pressactu.com\/?p=124516","title":{"rendered":"VIDEO. Un c\u00e9l\u00e8bre champion olympique de ski chute lourdement et doit \u00eatre hospitalis\u00e9\u00a0: &quot;Il s\u2019est frapp\u00e9 la t\u00eate violemment&quot;"},"content":{"rendered":"<p>\n                                                                    <span class=\"article-full__chapo-label hide-on-small-only\">l&#8217;essentiel<\/span><br \/>\n                                                                La star norv\u00e9gienne Johannes Klaebo a lourdement chut\u00e9\u00a0lors de la Coupe du monde de ski de fond le jeudi 12\u00a0mars.\u00a0Hospitalis\u00e9 apr\u00e8s un choc \u00e0 la t\u00eate, il reste sous surveillance m\u00e9dicale, une suspicion de commotion \u00e9tant suspect\u00e9e.\n                            <\/p>\n<div rel=\"js-article-content\">\n                                                                                                                                                            <!-- Pub DFP Position [outstream] --><\/p>\n<p>Lourde chute pour le roi du ski de fond. Jeudi 12\u00a0mars, alors qu\u2019il disputait la demi-finale du sprint classique de la Coupe du monde de Drammen (Norv\u00e8ge), Johannes Klaebo a \u00e9t\u00e9 contraint d\u2019abandonner la course. Groggy, le Norv\u00e9gien de 29 ans qui a \u00e9t\u00e9 sacr\u00e9 champion olympique \u00e0 11 reprises, dont 6 fois lors des JO de Milan-Cortina (Italie), a \u00e9t\u00e9 hospitalis\u00e9 aux alentours de 18\u00a0heures, selon les informations rapport\u00e9es par <a href=\"https:\/\/www.vg.no\/sport\/i\/L4MjqP\/klaebo-holdt-seg-til-hode-etter-fall\" target=\"_blank\">le quotidien VG<\/a>.<\/p>\n<p><!-- Pub DFP Position [article] --><\/p>\n<p>Alors que<a href=\"https:\/\/www.ladepeche.fr\/2026\/02\/15\/jo-dhiver-2026-il-porte-le-meme-calecon-a-chaque-course-lincroyable-superstition-de-la-superstar-johannes-hoesflot-klaebo-13227128.php\" target=\"_blank\"> Klaebo<\/a> \u00e9tait dans le groupe de t\u00eate, l\u2019un de ses adversaires, Ben Ogden, a chut\u00e9 juste devant lui, entra\u00eenant quatre fondeurs au sol avec lui, dont le Norv\u00e9gien. Ce dernier a \u00e9t\u00e9 touch\u00e9 au niveau de l\u2019arri\u00e8re de son cr\u00e2ne <a href=\"https:\/\/www.eurosport.fr\/ski-de-fond\/drammen\/2025-2026\/drammen-pris-dans-une-chute-klaebo-tape-fort-la-tete-et-abandonne_vid60062867\/video.shtml\" target=\"_blank\">d\u2019apr\u00e8s les images partag\u00e9es par Eurosport<\/a>. &#8220;Il s\u2019est frapp\u00e9 la t\u00eate assez violemment&#8221;, expliquait jeudi soir, Ove Feragen, m\u00e9decin de l\u2019\u00e9quipe nationale norv\u00e9gienne \u00e0 ce m\u00eame m\u00e9dia local.<\/p>\n<h2 class=\"txt-int\">Commotion c\u00e9r\u00e9brale\u00a0?<\/h2>\n<p>Apr\u00e8s la chute, celui qui est consid\u00e9r\u00e9 comme le meilleur fondeur de tous les temps a mis quelques instants \u00e0 se relever. Sonn\u00e9, Klaebo s\u2019est relev\u00e9 et a r\u00e9ussi \u00e0 marcher jusqu\u2019\u00e0 la ligne d\u2019arriv\u00e9e, entour\u00e9 n\u00e9anmoins de plusieurs membres de l\u2019organisation. &#8220;Nous surveillons actuellement une suspicion de commotion c\u00e9r\u00e9brale. Nous devons attendre un peu pour voir&#8221;, a ajout\u00e9 Ove Feragen.<\/p>\n<p>Plac\u00e9e en observation \u00e0 l\u2019h\u00f4pital, la star norv\u00e9gienne \u2013 d\u00e9j\u00e0 assur\u00e9e de remporter le gros globe de cristal \u2013 devait participer aux 50\u00a0km en style libre ce samedi 14\u00a0mars (10\u00a0heures), \u00e0 Holmenkollen. Un bulletin de sant\u00e9 devrait \u00eatre communiqu\u00e9 par la F\u00e9d\u00e9ration norv\u00e9gienne d\u00e8s ce vendredi.<\/p>\n<\/p><\/div>\n<p><a href=\"https:\/\/www.ladepeche.fr\/2026\/03\/13\/video-un-celebre-champion-olympique-de-ski-chute-lourdement-et-doit-etre-hospitalise-il-sest-frappe-la-tete-violemment-13270112.php\">source<\/a><\/p>\n","protected":false},"excerpt":{"rendered":"<p>l&#8217;essentiel La star norv\u00e9gienne Johannes Klaebo a lourdement chut\u00e9\u00a0lors de la Coupe du monde de ski de fond le jeudi 12\u00a0mars.\u00a0Hospitalis\u00e9 apr\u00e8s un choc \u00e0 la t\u00eate, il reste sous surveillance m\u00e9dicale, une suspicion de commotion \u00e9tant suspect\u00e9e. Lourde chute pour le roi du ski de fond. Jeudi 12\u00a0mars, alors qu\u2019il disputait la demi-finale du [&hellip;]<\/p>\n","protected":false},"author":1,"featured_media":124517,"comment_status":"open","ping_status":"open","sticky":false,"template":"","format":"standard","meta":{"_monsterinsights_skip_tracking":false,"_monsterinsights_sitenote_active":false,"_monsterinsights_sitenote_note":"","_monsterinsights_sitenote_category":0,"footnotes":""},"categories":[71],"tags":[],"coauthors":[77],"class_list":["post-124516","post","type-post","status-publish","format-standard","has-post-thumbnail","hentry","category-sport"],"aioseo_notices":[],"_links":{"self":[{"href":"https:\/\/pressactu.com\/index.php?rest_route=\/wp\/v2\/posts\/124516","targetHints":{"allow":["GET"]}}],"collection":[{"href":"https:\/\/pressactu.com\/index.php?rest_route=\/wp\/v2\/posts"}],"about":[{"href":"https:\/\/pressactu.com\/index.php?rest_route=\/wp\/v2\/types\/post"}],"author":[{"embeddable":true,"href":"https:\/\/pressactu.com\/index.php?rest_route=\/wp\/v2\/users\/1"}],"replies":[{"embeddable":true,"href":"https:\/\/pressactu.com\/index.php?rest_route=%2Fwp%2Fv2%2Fcomments&post=124516"}],"version-history":[{"count":0,"href":"https:\/\/pressactu.com\/index.php?rest_route=\/wp\/v2\/posts\/124516\/revisions"}],"wp:featuredmedia":[{"embeddable":true,"href":"https:\/\/pressactu.com\/index.php?rest_route=\/wp\/v2\/media\/124517"}],"wp:attachment":[{"href":"https:\/\/pressactu.com\/index.php?rest_route=%2Fwp%2Fv2%2Fmedia&parent=124516"}],"wp:term":[{"taxonomy":"category","embeddable":true,"href":"https:\/\/pressactu.com\/index.php?rest_route=%2Fwp%2Fv2%2Fcategories&post=124516"},{"taxonomy":"post_tag","embeddable":true,"href":"https:\/\/pressactu.com\/index.php?rest_route=%2Fwp%2Fv2%2Ftags&post=124516"},{"taxonomy":"author","embeddable":true,"href":"https:\/\/pressactu.com\/index.php?rest_route=%2Fwp%2Fv2%2Fcoauthors&post=124516"}],"curies":[{"name":"wp","href":"https:\/\/api.w.org\/{rel}","templated":true}]}}