{"id":124510,"date":"2026-03-13T18:05:55","date_gmt":"2026-03-13T18:05:55","guid":{"rendered":"https:\/\/pressactu.com\/?p=124510"},"modified":"2026-03-13T18:05:55","modified_gmt":"2026-03-13T18:05:55","slug":"direct-guerre-au-moyen-orient-au-moins-8-morts-dans-une-frappe-israelienne-sur-le-sud-du-liban","status":"publish","type":"post","link":"https:\/\/pressactu.com\/?p=124510","title":{"rendered":"DIRECT. Guerre au Moyen-Orient\u00a0: au moins 8 morts dans une frappe isra\u00e9lienne sur le sud du Liban"},"content":{"rendered":"<div id=\"live_post_EVMMP6CSRJYMRSU\"><span class=\"live-post__date\">18h32.<\/span><\/p>\n<div class=\"live-post__content\">\n<h2 class=\"live-post__title\">77 navires ont travers\u00e9 Ormuz depuis le d\u00e9but de la guerre<\/h2>\n<p class=\"live-post__amorce\">Quelque 77 navires ont effectu\u00e9 la travers\u00e9e du d\u00e9troit d&#8217;Ormuz depuis le d\u00e9but de la guerre au Moyen-Orient, essentiellement des bateaux appartenant \u00e0 la &#8220;flotte fant\u00f4me&#8221;, a rapport\u00e9 vendredi la soci\u00e9t\u00e9 de donn\u00e9es maritime Lloyd&#8217;s List Intelligence.<\/p>\n<\/div>\n<\/div>\n<div id=\"live_post_EVMMP6B4OYO0CRW\"><span class=\"live-post__date\">17h31.<\/span><\/p>\n<p><h2 class=\"live-post__title\">Le Premier ministre irakien promet &#8220;des mesures&#8221; pour &#8220;emp\u00eacher&#8221; ces attaques<\/h2>\n<\/p>\n<\/div>\n<div id=\"live_post_EVMMP6BG15HIBSW\"><span class=\"live-post__date\">16h31.<\/span><\/p>\n<p><h2 class=\"live-post__title\">L&#8217;arm\u00e9e iranienne affirme avoir d\u00e9truit 111 drones ennemis depuis le d\u00e9but de la guerre<\/h2>\n<\/p>\n<\/div>\n<div id=\"live_post_EVMMOYK3JAST1AE\"><span class=\"live-post__date\">14h54.<\/span><\/p>\n<div class=\"live-post__content\">\n<h2 class=\"live-post__title\">Le nouveau guide supr\u00eame iranien serait &#8220;bless\u00e9 et probablement d\u00e9figur\u00e9&#8221;, selon le secr\u00e9taire am\u00e9ricain de la D\u00e9fense<\/h2>\n<p class=\"live-post__amorce\">Washington assure que le nouveau guide supr\u00eame est &#8220;bless\u00e9&#8221; et probablement &#8220;d\u00e9figur\u00e9&#8221; apr\u00e8s le bombardement du 28 f\u00e9vrier qui a \u00e9galement tu\u00e9 son p\u00e8re, Ali Khamenei, ainsi que plusieurs membres de sa famille. Mojtaba Khamenei n\u2019a fait aucune sortie publique depuis sa d\u00e9signation dimanche dernier. <\/p>\n<p><a href=\"https:\/\/www.ladepeche.fr\/2026\/03\/13\/guerre-en-iran-le-nouveau-guide-supreme-iranien-serait-blesse-et-probablement-defigure-selon-le-secretaire-americain-de-la-defense-13270532.php\" target=\"_blank\" rel=\"noopener noreferrer nofollow\" class=\"\"><strong>\ud83d\udc49 Notre article ici <\/strong><\/a> <\/p>\n<\/div>\n<\/div>\n<div id=\"live_post_EVMMOYIDSC8Z0J7\"><span class=\"live-post__date\">14h52.<\/span><\/p>\n<div class=\"live-post__content\">\n<h2 class=\"live-post__title\">Trump dit que c&#8217;est un &#8220;honneur&#8221; de &#8220;tuer&#8221; les dirigeants iraniens<\/h2>\n<p class=\"live-post__amorce\">Le pr\u00e9sident am\u00e9ricain a affirm\u00e9 vendredi que c&#8217;\u00e9tait un &#8220;honneur&#8221; de &#8220;tuer&#8221; les dirigeants iraniens, au 14e jour d&#8217;une guerre qui \u00e9branle l&#8217;\u00e9conomie mondiale. &#8220;Ils tuent des gens innocents dans le monde entier depuis 47 ans, et maintenant, c&#8217;est moi, le 47e pr\u00e9sident des Etats-Unis d&#8217;Am\u00e9rique, qui les tue. Quel honneur!&#8221;, a \u00e9crit Donald Trump sur sa plateforme Truth Social. &#8220;Nous disposons d&#8217;une puissance de feu sans pareille, de munitions \u00e0 volont\u00e9 et de tout le temps n\u00e9cessaire. Regardez bien ce qu&#8217;il va arriver \u00e0 ces ordures cingl\u00e9es aujourd&#8217;hui&#8221;, a-t-il ajout\u00e9, avant que de puissantes explosions secouent de nouveau T\u00e9h\u00e9ran.<\/p>\n<\/div>\n<\/div>\n<div id=\"live_post_EVMMOWT7Z9O65KU\"><span class=\"live-post__date\">14h05.<\/span><\/p>\n<div class=\"live-post__content\">\n<h2 class=\"live-post__title\">&#8220;Le d\u00e9troit d&#8217;Ormuz &#8216;un environnement tactiquement complexe&#8217; \u00e0 s\u00e9curiser&#8221;\u00a0<\/h2>\n<p class=\"live-post__amorce\">Le chef d&#8217;\u00e9tat-major am\u00e9ricain s&#8217;est exprim\u00e9 ce vendredi 13 mars sur la question du blocage du d\u00e9troit d&#8217;Ormuz, pour lui, c&#8217;est un &#8220;environnement tactiquement complexe \u00e0 s\u00e9curiser&#8221;. <\/p>\n<\/div>\n<\/div>\n<div id=\"live_post_EVMMOWCMDP2DKDM\"><span class=\"live-post__date\">13h52.<\/span><\/p>\n<div class=\"live-post__content\">\n<h2 class=\"live-post__title\">Emmanuel Macron peut-il annoncer une &#8220;riposte&#8221; contre l&#8217;Iran?\u00a0<\/h2>\n<p class=\"live-post__amorce\">Le pr\u00e9sident de la R\u00e9publique ne veut \u00e9voquer &#8220;aucune forme de sc\u00e9nario&#8221; d&#8217;\u00e9ventuelle riposte. &#8220;Je serai tr\u00e8s prudent, j&#8217;attends d&#8217;avoir tous les \u00e9l\u00e9ments de l&#8217;\u00e9tat-major des Arm\u00e9es et d&#8217;\u00e9changer avec le pr\u00e9sident irakien&#8221;, annonce-t-il. Emmanuel Macron se refuse \u00e0 toute &#8220;politique fiction&#8221;. <\/p>\n<\/div>\n<\/div>\n<div id=\"live_post_EVMMOW5LYMN0T0C\"><span class=\"live-post__date\">13h46.<\/span><\/p>\n<div class=\"live-post__content\">\n<h2 class=\"live-post__title\">\u00a0&#8220;Une belle figure de soldat et de chef&#8221;, qui \u00e9tait Arnaud Frion, le premier fran\u00e7ais \u00e0 perdre la vie depuis le d\u00e9but du conflit\u00a0<\/h2>\n<p class=\"live-post__amorce\">L\u2019adjudant-chef Arnaud Frion, membre de l\u2019\u00e9lite des troupes de montagne fran\u00e7aises, est devenu le premier militaire fran\u00e7ais \u00e0 perdre la vie dans la guerre qui embrase le Moyen-Orient. Sous-officier exp\u00e9riment\u00e9 et respect\u00e9, il a succomb\u00e9 \u00e0 ses blessures apr\u00e8s une attaque de drone survenue, ce jeudi 12 mars, au Kurdistan irakien. <\/p>\n<p><a href=\"https:\/\/www.ladepeche.fr\/2026\/03\/13\/guerre-au-moyen-orient-une-belle-figure-de-soldat-et-de-chef-qui-etait-arnaud-frion-le-premier-francais-a-perdre-la-vie-depuis-le-debut-du-conflit-13270350.php\" target=\"_blank\" rel=\"noopener noreferrer nofollow\" class=\"\"><strong>\ud83d\udc49 Notre portrait ici<\/strong><\/a> <\/p>\n<\/div>\n<\/div>\n<div id=\"live_post_EVMMOW3EVVHFEW0\"><span class=\"live-post__date\">13h45.<\/span><\/p>\n<div class=\"live-post__content\">\n<h2 class=\"live-post__title\">Explosions \u00e0 T\u00e9h\u00e9ran, de hauts dirigeants en pleine rue en d\u00e9fi aux Etats-Unis et Isra\u00ebl<\/h2>\n<p class=\"live-post__amorce\">De puissantes explosions ont \u00e0 nouveau secou\u00e9 vendredi T\u00e9h\u00e9ran, o\u00f9 plusieurs hauts dirigeants iraniens ont march\u00e9 en pleine rue aux c\u00f4t\u00e9s d&#8217;autres manifestants, en signe de d\u00e9fi aux Etats-Unis et \u00e0 Isra\u00ebl.<\/p>\n<p>Sur les images de la t\u00e9l\u00e9vision d&#8217;Etat, on voit notamment le chef de la s\u00e9curit\u00e9 Ali Larijani et le pr\u00e9sident Massoud Pezeshkian au milieu de la foule, eux qui s&#8217;\u00e9taient fait discrets en public depuis le d\u00e9but de la guerre. <\/p>\n<p>En ce 14e jour d&#8217;hostilit\u00e9s qui \u00e9branlent l&#8217;\u00e9conomie mondiale, des Iraniens pro-gouvernement \u00e9taient rassembl\u00e9s pour un d\u00e9fil\u00e9 annuel en soutien aux Palestiniens, malgr\u00e9 les bombardements qui ont commenc\u00e9 d\u00e8s le matin. <\/p>\n<p>Des explosions ont notamment \u00e9t\u00e9 entendues dans le centre de la capitale, \u00e0 courte distance du rassemblement. Si le chef de la diplomatie, Abbas Araghchi, \u00e9tait \u00e9galement pr\u00e9sent dans la foule, le nouveau guide supr\u00eame iranien Mojtaba Khamenei n&#8217;est lui pas apparu publiquement depuis sa d\u00e9signation dimanche dernier.<\/p>\n<\/div>\n<\/div>\n<div id=\"live_post_EVMMOW7TCVS8NEQ\"><span class=\"live-post__date\">13h42.<\/span><\/p>\n<div class=\"live-post__content\">\n<h2 class=\"live-post__title\">&#8220;J&#8217;ai demand\u00e9 \u00e0 nos arm\u00e9es une analyse consolid\u00e9e des faits et des circonstances&#8221; de l&#8217;attaque, d\u00e9clare Emmanuel Macron<\/h2>\n<p class=\"live-post__amorce\">Le pr\u00e9sident a \u00e9galement rappel\u00e9 que &#8220;nos soldats ont \u00e9t\u00e9 frapp\u00e9s alors qu&#8217;ils luttaient dans le cadre de la lutte anti-terroriste&#8221;. <\/p>\n<\/div>\n<\/div>\n<div id=\"live_post_EVMMOVWY1KBS071\"><span class=\"live-post__date\">13h40.<\/span><\/p>\n<div class=\"live-post__content\">\n<h2 class=\"live-post__title\">Emmanuel Macron rappelle que la France n&#8217;est pas en guerre contre l&#8217;Iran\u00a0<\/h2>\n<p class=\"live-post__amorce\">&#8220;La situation de la France est purement d\u00e9fensive&#8221;, indique le pr\u00e9sident de la R\u00e9publique. Il promet &#8220;sang-froid&#8221; et &#8220;calme&#8221;. <\/p>\n<\/div>\n<\/div>\n<div id=\"live_post_EVMMOVWFE8ZWZ64\"><span class=\"live-post__date\">13h39.<\/span><\/p>\n<div class=\"live-post__content\">\n<h2 class=\"live-post__title\">&#8220;La France a une position d\u00e9fensive, rien en pourrait justifier que l&#8217;on pourrait s&#8217;en prendre \u00e0 elle&#8221;\u00a0<\/h2>\n<p class=\"live-post__amorce\">&#8220;La France continuera \u00e0 faire preuve de sang-froid, de calme, de d\u00e9termination, d&#8217;\u00eatre fiable vis-\u00e0-vis de nos partenaires, de prot\u00e9ger nos ressortissants et de d\u00e9fendre nos int\u00e9r\u00eats et notre s\u00e9curit\u00e9&#8221;, a-t-il dit lors d&#8217;une conf\u00e9rence de presse durant la visite \u00e0 Paris du pr\u00e9sident ukrainien Volodymyr Zelensky. Le pr\u00e9sident fran\u00e7ais a indiqu\u00e9 qu&#8217;il s&#8217;entretiendrait &#8220;d\u00e8s le d\u00e9but d&#8217;apr\u00e8s-midi&#8221; avec le Premier ministre irakien.<\/p>\n<\/div>\n<\/div>\n<div id=\"live_post_EVMMOVVXT1KELHD\"><span class=\"live-post__date\">13h39.<\/span><\/p>\n<p><h2 class=\"live-post__title\">&#8220;Tout mon soutien \u00e0 nos militaires bless\u00e9s ainsi qu&#8217;\u00e0 leurs familles&#8221;\u00a0<\/h2>\n<\/p>\n<\/div>\n<div id=\"live_post_EVMMOVTD3LZCE7M\"><span class=\"live-post__date\">13h37.<\/span><\/p>\n<div class=\"live-post__content\">\n<h2 class=\"live-post__title\">Emmanuel Macron s&#8217;exprime \u00e0 l&#8217;Elys\u00e9e\u00a0<\/h2>\n<p class=\"live-post__amorce\">&#8220;Arnaud Frion est un soldat mort pour la France&#8221;, le pr\u00e9sident parle d&#8217;une &#8220;attaque inacceptable&#8221;. <\/p>\n<\/div>\n<\/div>\n<div id=\"live_post_EVMMOVN2D0PUGFO\"><span class=\"live-post__date\">13h32.<\/span><\/p>\n<div class=\"live-post__content\">\n<h2 class=\"live-post__title\">\ud83d\udd34 Le guide supr\u00eame iranien &#8220;bless\u00e9 et probablement d\u00e9figur\u00e9&#8221;, affirme le chef du Pentagone<\/h2>\n<p class=\"live-post__amorce\">Le ministre am\u00e9ricain de la D\u00e9fense Pete Hegseth a affirm\u00e9 vendredi que le nouveau guide supr\u00eame iranien Mojtaba Khamenei \u00e9tait &#8220;bless\u00e9&#8221; et probablement &#8220;d\u00e9figur\u00e9&#8221;. &#8220;Nous savons que le nouveau soi-disant, pas si supr\u00eame, leader est bless\u00e9 et probablement d\u00e9figur\u00e9&#8221;, a d\u00e9clar\u00e9 le chef du Pentagone lors d&#8217;un point de presse, en soulignant que le dirigeant iranien n&#8217;\u00e9tait pas apparu en personne jeudi lors de sa premi\u00e8re intervention depuis sa d\u00e9signation dimanche.<\/p>\n<\/div>\n<\/div>\n<div id=\"live_post_EVMMOUXJDXDQI2T\"><span class=\"live-post__date\">13h09.<\/span><\/p>\n<div class=\"live-post__content\">\n<h2 class=\"live-post__title\">Isra\u00ebl menace le Liban de devoir payer &#8220;un prix croissant&#8221; en destructions \u00e0 cause du Hezbollah<\/h2>\n<p class=\"live-post__amorce\">Le ministre de la D\u00e9fense isra\u00e9lien, Isra\u00ebl Katz, a menac\u00e9 vendredi de faire payer au Liban &#8220;un prix croissant&#8221; en destructions \u00e0 cause des attaques lanc\u00e9es par le mouvement pro-iranien libanais Hezbollah contre Isra\u00ebl \u00e0 partir de son territoire. <\/p>\n<p>La nuit derni\u00e8re, les forces isra\u00e9lienne ont &#8220;attaqu\u00e9 et d\u00e9truit un pont (&#8230;) sur le fleuve Litani, qui servait de passage aux terroristes du Hezbollah et au transfert d&#8217;armes vers le sud du Liban&#8221;, a d\u00e9clar\u00e9 Isra\u00ebl Katz dans un message vid\u00e9o.<\/p>\n<p>&#8220;Ce n&#8217;est que le d\u00e9but&#8221;, a-t-il ajout\u00e9: &#8220;Le gouvernement et l&#8217;Etat libanais paieront un prix croissant en dommages caus\u00e9s aux infrastructures nationales libanaises utilis\u00e9es par les terroristes du Hezbollah.&#8221; <\/p>\n<\/div>\n<\/div>\n<div id=\"live_post_EVMMOUK3KNJ82RU\"><span class=\"live-post__date\">12h48.<\/span><\/p>\n<div class=\"live-post__content\">\n<h2 class=\"live-post__title\">L&#8217;Iran dit lancer une nouvelle salve de missiles sur Isra\u00ebl\u00a0<\/h2>\n<p class=\"live-post__amorce\">L&#8217;Iran indique tirer une nouvelle salve de missiles \u00e0 destination d&#8217;Isra\u00ebl, au 14e jour de la guerre d\u00e9clench\u00e9e par l&#8217;offensive am\u00e9ricano-isra\u00e9lienne sur la R\u00e9publique islamqiue. La t\u00e9l\u00e9vision d&#8217;Etat iranienne a annonc\u00e9, sans plus de d\u00e9tails \u00e0 ce stade, le &#8220;d\u00e9but d&#8217;une nouvelle vague de tirs de missiles iraniens vers les territoires occup\u00e9s&#8221;, terme faisant r\u00e9f\u00e9rence \u00e0 Isra\u00ebl, non reconnu par le pouvoir iranien.<\/p>\n<\/div>\n<\/div>\n<div id=\"live_post_EVMMOUL70YUFDW1\"><span class=\"live-post__date\">12h44.<\/span><\/p>\n<div class=\"live-post__content\">\n<h2 class=\"live-post__title\">Liban : le chef de l&#8217;ONU exhorte Isra\u00ebl et le Hezbollah \u00e0 &#8220;arr\u00eater la guerre&#8221;<\/h2>\n<p class=\"live-post__amorce\">Le secr\u00e9taire g\u00e9n\u00e9ral de l&#8217;ONU Antonio Guterres exhorte Isra\u00ebl et le Hezbollah pro-iranien \u00e0 &#8220;arr\u00eater la guerre&#8221; au Liban, o\u00f9 l&#8217;arm\u00e9e isra\u00e9lienne intensifie ses frappes. &#8220;J&#8217;appelle avec force les deux parties, le Hezbollah et Isra\u00ebl, \u00e0 (conclure) un cessez-le-feu afin d&#8217;arr\u00eater la guerre&#8221;, a-t-il d\u00e9clar\u00e9 lors d&#8217;une visite \u00e0 Beyrouth, avant d&#8217;ajouter: &#8220;l&#8217;heure n&#8217;est pas aux groupes arm\u00e9s, l&#8217;heure est aux Etats forts&#8221;.<\/p>\n<\/div>\n<\/div>\n<div id=\"live_post_EVMMOT34WX53GN8\"><span class=\"live-post__date\">12h15.<\/span><\/p>\n<div class=\"live-post__content\">\n<h2 class=\"live-post__title\">L&#8217;Iran promet d&#8217;infliger &#8220;une le\u00e7on m\u00e9morable&#8221; aux Etats-Unis et Isra\u00ebl<\/h2>\n<p class=\"live-post__amorce\">Le porte-parole de la diplomatie iranienne a assur\u00e9 que son pays &#8220;infligerait une le\u00e7on m\u00e9morable&#8221; aux \u00c9tats-Unis et Isra\u00ebl apr\u00e8s leur attaque contre l&#8217;Iran, \u00e0 l&#8217;origine d&#8217;un embrasement du Moyen-Orient. &#8220;Nous ne pouvons pas accepter que les Am\u00e9ricains parlent de dialogue et de cessez-le-feu de temps \u00e0 autre, pour ensuite nous retrouver confront\u00e9s \u00e0 la r\u00e9p\u00e9tition de ces crimes et de cette guerre&#8221;, a dit Esma\u00efl Bagha\u00ef, en r\u00e9f\u00e9rence \u00e0 un pr\u00e9c\u00e9dent conflit en juin dernier, qui s&#8217;\u00e9tait interrompu apr\u00e8s 12 jours de guerre.<\/p>\n<\/div>\n<\/div>\n<div id=\"live_post_EVMMOSJN3E3H3N2\"><span class=\"live-post__date\">12h04.<\/span><\/p>\n<div class=\"live-post__content\">\n<h2 class=\"live-post__title\">Au moins 8 morts dans une frappe isra\u00e9lienne sur le sud\u00a0<\/h2>\n<p class=\"live-post__amorce\">Au moins huit personnes ont \u00e9t\u00e9 tu\u00e9es ce vendredi dans une frappe isra\u00e9lienne sur un immeuble de la r\u00e9gion de Sa\u00efda, dans le sud du Liban, o\u00f9 Isra\u00ebl intensifie ses op\u00e9rations. Des secouristes ont \u00e9vacu\u00e9 des corps dans un quartier majoritairement habit\u00e9 par des r\u00e9fugi\u00e9s palestiniens. Le bilan provisoire &#8220;du raid ennemi isra\u00e9lien&#8221; est de huit morts et neuf bless\u00e9s, a rapport\u00e9 le minist\u00e8re de la Sant\u00e9.<\/p>\n<\/div>\n<\/div>\n<div id=\"live_post_EVMMOSL9Q1UM79Z\"><span class=\"live-post__date\">11h58.<\/span><\/p>\n<div class=\"live-post__content\">\n<h2 class=\"live-post__title\">Le militaire soldat fran\u00e7ais mort au Kurdistan irakien a \u00e9t\u00e9 tu\u00e9 &#8220;par un drone Shahed&#8221;\u00a0<\/h2>\n<p class=\"live-post__amorce\">L&#8217;adjudant-chef Arnaud Frion, du 7\u00e8me bataillon de chasseurs alpins de Varces (Is\u00e8re), tu\u00e9 lors d&#8217;une attaque dans la r\u00e9gion d&#8217;Erbil au Kurdistan irakien, a \u00e9t\u00e9 &#8220;frapp\u00e9 par un drone Shaed&#8221;, a d\u00e9clar\u00e9 le chef de corps du 7e BCA. Le sous-officier, \u00e2g\u00e9 de 42 ans, &#8220;est mort frapp\u00e9 par un drone Shaed sur la position sur laquelle il \u00e9tait&#8221;, a pr\u00e9cis\u00e9 \u00e0 la presse le colonel Fran\u00e7ois-Xavier de la Chesnay. Le drone Shahed est une arme de conception iranienne.<\/p>\n<\/div>\n<\/div>\n<div id=\"live_post_EVMMOSMWI12UE9G\"><span class=\"live-post__date\">11h56.<\/span><\/p>\n<div class=\"live-post__content\">\n<h2 class=\"live-post__title\">Iran : au moins un mort apr\u00e8s une explosion \u00e0 T\u00e9h\u00e9ran pr\u00e8s d&#8217;un d\u00e9fil\u00e9<\/h2>\n<p class=\"live-post__amorce\">Une explosion, apr\u00e8s une frappe ce vendredi dans le centre de T\u00e9h\u00e9ran o\u00f9 se d\u00e9roulait un d\u00e9fil\u00e9 \u00e0 l&#8217;occasion d&#8217;une journ\u00e9e annuelle de soutien aux Palestiniens, a fait au moins un mort, selon l&#8217;agence de presse iranienne Irna.<\/p>\n<\/div>\n<\/div>\n<div id=\"live_post_EVMMOQZLH0OD28L\"><span class=\"live-post__date\">11h17.<\/span><\/p>\n<div class=\"live-post__content\">\n<h2 class=\"live-post__title\">Le chef de l&#8217;ONU Antonio Guterres arrive \u00e0 Beyrouth pour une visite &#8220;de solidarit\u00e9&#8221; au Liban<\/h2>\n<p class=\"live-post__amorce\">Le secr\u00e9taire g\u00e9n\u00e9ral de l&#8217;ONU Antonio Guterres a annonc\u00e9 \u00eatre arriv\u00e9 \u00e0 Beyrouth pour une &#8220;visite de solidarit\u00e9&#8221; au Liban, o\u00f9 la guerre a fait depuis le 2 mars plus de 687 morts, selon un dernier bilan officiel. &#8220;Je viens d&#8217;atterrir \u00e0 Beyrouth pour une visite de solidarit\u00e9 avec le peuple libanais. Ils n&#8217;ont pas choisi cette guerre. Ils y ont \u00e9t\u00e9 entra\u00een\u00e9s de force. L&#8217;ONU et moi-m\u00eame ne m\u00e9nagerons aucun effort pour \u0153uvrer \u00e0 l&#8217;avenir pacifique que le Liban et cette r\u00e9gion m\u00e9ritent amplement&#8221;, a d\u00e9clar\u00e9 Antonio Guterres sur X.<\/p>\n<\/div>\n<\/div>\n<div id=\"live_post_EVMMOR0ROKTDM0I\"><span class=\"live-post__date\">11h05.<\/span><\/p>\n<div class=\"live-post__content\">\n<h2 class=\"live-post__title\">Un troisi\u00e8me missile tir\u00e9 depuis l&#8217;Iran d\u00e9truit par l&#8217;Otan dans l&#8217;espace a\u00e9rien de la Turquie<\/h2>\n<p class=\"live-post__amorce\">Un troisi\u00e8me missile tir\u00e9 depuis l&#8217;Iran a \u00e9t\u00e9 d\u00e9truit par l&#8217;Otan dans l&#8217;espace a\u00e9rien turc, a affirm\u00e9 ce vendredi matin le minist\u00e8re turc de la D\u00e9fense dans un communiqu\u00e9. &#8220;Un missile balistique tir\u00e9 d&#8217;Iran et entr\u00e9 dans l&#8217;espace a\u00e9rien turc a \u00e9t\u00e9 neutralis\u00e9 par les \u00e9l\u00e9ments de d\u00e9fense a\u00e9rienne et antimissile de l&#8217;OTAN d\u00e9ploy\u00e9s en M\u00e9diterran\u00e9e orientale. Toutes les mesures n\u00e9cessaires sont prises avec fermet\u00e9 (&#8230;) et des discussions sont en cours avec le pays concern\u00e9 afin de clarifier tous les aspects de l&#8217;incident&#8221;, a pr\u00e9cis\u00e9 le minist\u00e8re.<\/p>\n<\/div>\n<\/div>\n<div id=\"live_post_EVMMOPMLFUII67U\"><span class=\"live-post__date\">10h42.<\/span><\/p>\n<div class=\"live-post__content\">\n<h2 class=\"live-post__title\">Irak : quatre membres d&#8217;\u00e9quipage tu\u00e9s dans le crash d&#8217;un avion ravitailleur am\u00e9ricain<\/h2>\n<p class=\"live-post__amorce\">Quatre membres d&#8217;\u00e9quipage ont p\u00e9ri dans le crash de l&#8217;avion am\u00e9ricain de ravitaillement en carburant dans l&#8217;ouest de l&#8217;Irak, a annonc\u00e9 ce vendredi matin le commandement militaire am\u00e9ricain pour le Moyen-Orient (Centcom), pr\u00e9cisant que la perte de ce KC-135 n&#8217;\u00e9tait pas due \u00e0 &#8220;des tirs hostiles&#8221;.<\/p>\n<\/div>\n<\/div>\n<div id=\"live_post_EVMMOPF8DD4RYCG\"><span class=\"live-post__date\">10h18.<\/span><\/p>\n<div class=\"live-post__content\">\n<h2 class=\"live-post__title\">Le chef d&#8217;\u00e9tat major des arm\u00e9es fait part de sa &#8220;profonde \u00e9motion&#8221; apr\u00e8s la mort d&#8217;un militaire fran\u00e7ais en Irak<\/h2>\n<p class=\"live-post__amorce\">Le chef d&#8217;\u00e9tat major des arm\u00e9es partage sur son compte X sa &#8220;profonde \u00e9motion&#8221; apr\u00e8s la mort de l&#8217;adjudant-chef Arnaud Frion, pr\u00e8s d&#8217;Erbil en Irak. &#8220;Les arm\u00e9es fran\u00e7aises s\u2019inclinent devant sa m\u00e9moire et son engagement&#8221;, \u00e9crit le g\u00e9n\u00e9ral Fabien Mandon.<\/p>\n<div class=\"extemb-container\">\n<blockquote data-class=\"twitter-tweet\">\n<p lang=\"fr\" dir=\"ltr\">Profonde \u00e9motion \u00e0 l\u2019annonce du d\u00e9c\u00e8s de l\u2019adjudant-chef Arnaud FRION, survenu pr\u00e8s d\u2019Erbil, en Irak suite \u00e0 une frappe de drone. <br \/>Il \u00e9tait engag\u00e9 dans des actions de formation \u00e0 la lutte contre le terrorisme au profit des forces arm\u00e9es irakiennes.<\/p>\n<p>Les arm\u00e9es fran\u00e7aises\u2026 <a href=\"https:\/\/t.co\/iWWUSDWgpK\">https:\/\/t.co\/iWWUSDWgpK<\/a> <a href=\"https:\/\/t.co\/hIISdO645h\">pic.twitter.com\/hIISdO645h<\/a><\/p>\n<p>\u2014 Chef d&#8217;\u00e9tat-major des arm\u00e9es (@CEMA_FR) <a href=\"https:\/\/twitter.com\/CEMA_FR\/status\/2032382433216110880?ref_src=twsrc%5Etfw\">March 13, 2026<\/a><\/p><\/blockquote><\/div>\n<\/div>\n<\/div>\n<div id=\"live_post_EVMMOOHUH81DAZB\"><span class=\"live-post__date\">10h12.<\/span><\/p>\n<div class=\"live-post__content\">\n<h2 class=\"live-post__title\">Des explosions massives entendues dans le centre de T\u00e9h\u00e9ran en Iran\u00a0<\/h2>\n<p class=\"live-post__amorce\">Des explosions massives ont \u00e9t\u00e9 entendues ce vendredi matin dans le centre de T\u00e9h\u00e9ran, selon la t\u00e9l\u00e9vision d&#8217;Etat, qui ajoute que les frappes a\u00e9riennes ont vis\u00e9 des cibles \u00e0 une &#8220;courte distance&#8221; d&#8217;un rassemblement qui se d\u00e9roule \u00e0 l&#8217;occasion d&#8217;une journ\u00e9e annuelle de soutien aux Palestiniens.<\/p>\n<\/div>\n<\/div>\n<div id=\"live_post_EVMMOOEWFMWZY8Y\"><span class=\"live-post__date\">10h01.<\/span><\/p>\n<div class=\"live-post__content\">\n<h2 class=\"live-post__title\">Catherine Vautrin : &#8220;La France n&#8217;est en aucun cas partie \u00e0 cette guerre&#8221;<\/h2>\n<p class=\"live-post__amorce\">Interrog\u00e9e jeudi sur France 24 sur le conflit en cours au Moyen-Orient, la ministre des Arm\u00e9es Catherine Vautrin assure que &#8220;la France n&#8217;est en aucun cas partie \u00e0 cette guerre&#8221;.<\/p>\n<blockquote data-media-max-width=\"560\" data-class=\"twitter-tweet\">\n<p lang=\"fr\" dir=\"ltr\">&#8220;La France n&#8217;est en aucun cas partie \u00e0 cette guerre,&#8221; affirme Catherine Vautrin, la ministre fran\u00e7aise des Arm\u00e9es et des Anciens Combattants.<\/p>\n<p>Son entretien complet avec <a href=\"https:\/\/twitter.com\/mperelman?ref_src=twsrc%5Etfw\">@mperelman<\/a> dans <a href=\"https:\/\/twitter.com\/hashtag\/EnT%C3%AAte%C3%80T%C3%AAte?src=hash&amp;ref_src=twsrc%5Etfw\">#EnT\u00eate\u00c0T\u00eate<\/a> \u27a1\ufe0f <a href=\"https:\/\/t.co\/i5Wf43sPqR\">https:\/\/t.co\/i5Wf43sPqR<\/a> <a href=\"https:\/\/t.co\/smtpvZCVSn\">pic.twitter.com\/smtpvZCVSn<\/a><\/p>\n<p>\u2014 FRANCE 24 Fran\u00e7ais (@France24_fr) <a href=\"https:\/\/twitter.com\/France24_fr\/status\/2032147848754585997?ref_src=twsrc%5Etfw\">March 12, 2026<\/a><\/p><\/blockquote>\n<\/div>\n<\/div>\n<div id=\"live_post_EVMMONA8FXLVNRN\"><span class=\"live-post__date\">09h25.<\/span><\/p>\n<div class=\"live-post__content\">\n<h2 class=\"live-post__title\">Isra\u00ebl appelle la population \u00e0 \u00e9vacuer deux zones du centre de T\u00e9h\u00e9ran en pr\u00e9vision de frappes<\/h2>\n<p class=\"live-post__amorce\">L&#8217;arm\u00e9e isra\u00e9lienne a appel\u00e9 ce vendredi matin la population \u00e0 \u00e9vacuer deux zones au c\u0153ur de T\u00e9h\u00e9ran en pr\u00e9vision de frappes sur des &#8220;infrastructures militaires du r\u00e9gime iranien&#8221; dans les &#8220;prochaines heures&#8221;.<\/p>\n<\/div>\n<\/div>\n<div id=\"live_post_EVMMOOLLUDG89QX\"><span class=\"live-post__date\">09h13.<\/span><\/p>\n<div class=\"live-post__content\">\n<h2 class=\"live-post__title\">Les Bourses europ\u00e9ennes ouvrent dans le rouge<\/h2>\n<p class=\"live-post__amorce\">Les Bourses europ\u00e9ennes ont ouvert dans le rouge ce matin ur fond de guerre au Moyen-Orient et de tension sur les prix du p\u00e9trole, toujours aux alentours du seuil symbolique des 100 dollars le baril. Dans les premiers \u00e9changes, la Bourse de Paris perdait 1,06 %, Francfort 0,97 %, Londres 0,75 % et Milan 1,04 %.<\/p>\n<\/div>\n<\/div>\n<div id=\"live_post_EVMMOM6OQFJCU9N\"><span class=\"live-post__date\">09h03.<\/span><\/p>\n<div class=\"live-post__content\">\n<h2 class=\"live-post__title\">Qui \u00e9tait Arnaud Frion, le chasseur alpin tu\u00e9 en Irak ?<\/h2>\n<p class=\"live-post__amorce\">Le militaire fran\u00e7ais tu\u00e9 en Irak s&#8217;appelait Arnaud Frion. Il \u00e9tait adjudant-chef au 7e bataillon de chasseurs alpins de Varces en Is\u00e8re. Plusieurs militaires ont \u00e9t\u00e9 bless\u00e9s par l&#8217;attaque de deux drones. Arnaud Frion faisait partie des 600 militaires fran\u00e7ais qui participent \u00e0 la coalition emmen\u00e9e par les Etats-Unis. Il avait re\u00e7u en 2022 la m\u00e9daille militaire &#8211; surnomm\u00e9e la l\u00e9gion d&#8217;honneur du sous-officier &#8211; apr\u00e8s 17 ans de service.<\/p>\n<\/div>\n<\/div>\n<div id=\"live_post_EVMMOLXBFG6TBIK\"><span class=\"live-post__date\">08h56.<\/span><\/p>\n<div class=\"live-post__content\">\n<h2 class=\"live-post__title\">Afghanistan : une femme et un enfant tu\u00e9s par un obus pakistanais, selon la police<\/h2>\n<p class=\"live-post__amorce\">Une femme et un enfant ont \u00e9t\u00e9 tu\u00e9s cevendredi matin par un obus pakistanais dans une r\u00e9gion de l&#8217;est de l&#8217;Afghanistan frontali\u00e8re du Pakistan. &#8220;Un obus a \u00e9t\u00e9 tir\u00e9 sur une maison dans le district de Mohmand Dara, tuant une femme et un enfant&#8221;, a d\u00e9clar\u00e9 un porte-parole de la police de la province de Nangarhar.<\/p>\n<\/div>\n<\/div>\n<div id=\"live_post_EVMMOLY39RUMOMW\"><span class=\"live-post__date\">08h55.<\/span><\/p>\n<div class=\"live-post__content\">\n<h2 class=\"live-post__title\">Sri Lanka : les corps de 84 marins de la fr\u00e9gate iranienne torpill\u00e9e par les Etats-Unis renvoy\u00e9s en Iran<\/h2>\n<p class=\"live-post__amorce\">Les corps de 84 marins iraniens r\u00e9cup\u00e9r\u00e9s au large du Sri Lanka apr\u00e8s le torpillage de leur fr\u00e9gate par un sous-marin am\u00e9ricain le 4 mars vont \u00eatre rapatri\u00e9s ce vendredi en Iran. Les 32 autres marins rescap\u00e9s &#8220;restent au Sri Lanka&#8221;.<\/p>\n<\/div>\n<\/div>\n<div id=\"live_post_EVMMOKT8Z1NQ4I0\"><span class=\"live-post__date\">08h31.<\/span><\/p>\n<div class=\"live-post__content\">\n<h2 class=\"live-post__title\">Les cours du p\u00e9trole se stabilisent, le Brent \u00e0 plus de 100 dollars<\/h2>\n<p class=\"live-post__amorce\">Apr\u00e8s avoir bondi de 10 % la veille, le prix du p\u00e9trole se stabilise ce vendredi matin. Le baril de Brent se maintient autour de 100 dollars. Il \u00e9tait \u00e0 101,63 dollars \u00e0 8h. Pour apaiser quelque peu les tensions sur l&#8217;offre, les Etats-Unis ont annonc\u00e9 tard jeudi autoriser, de mani\u00e8re temporaire, la vente du p\u00e9trole russe stock\u00e9 sur des navires.<\/p>\n<\/div>\n<\/div>\n<div id=\"live_post_EVMMOKSE9BNQB08\"><span class=\"live-post__date\">08h15.<\/span><\/p>\n<div class=\"live-post__content\">\n<h2 class=\"live-post__title\">Isra\u00ebl annonce le d\u00e9but d&#8217;une nouvelle vague de frappes d&#8217;ampleur sur T\u00e9h\u00e9ran<\/h2>\n<p class=\"live-post__amorce\">L&#8217;arm\u00e9e isra\u00e9lienne annonce voir lanc\u00e9 une nouvelle vague de frappes d&#8217;ampleur sur T\u00e9h\u00e9ran, au 14e jour de la guerre d\u00e9clench\u00e9e par l&#8217;attaque isra\u00e9lo-am\u00e9ricaine sur l&#8217;Iran. Les forces isra\u00e9liennes &#8220;viennent de lancer une vaste vague de frappes visant les infrastructures du r\u00e9gime terroriste iranien \u00e0 travers T\u00e9h\u00e9ran&#8221;, indique un bref communiqu\u00e9 militaire.<\/p>\n<\/div>\n<\/div>\n<div id=\"live_post_EVMMOJ5UYJ720VX\"><span class=\"live-post__date\">07h47.<\/span><\/p>\n<div class=\"live-post__content\">\n<h2 class=\"live-post__title\">Mort d&#8217;un militaire fran\u00e7ais : quelles sont les circonstances de son d\u00e9c\u00e8s ?<\/h2>\n<p class=\"live-post__amorce\">Un militaire fran\u00e7ais a \u00e9t\u00e9 tu\u00e9 lors d\u2019une attaque de drones au Kurdistan irakien, pr\u00e8s d\u2019Erbil, o\u00f9 Un groupe pro-iranien, Ashab al-Kahf a annonc\u00e9 cibler les &#8220;int\u00e9r\u00eats fran\u00e7ais en Irak et dans la r\u00e9gion&#8221;.  <a href=\"https:\/\/www.ladepeche.fr\/2026\/03\/13\/guerre-au-moyen-orient-circonstances-de-lattaque-groupe-pro-iranien-ciblant-des-francais-ce-que-lon-sait-de-la-mort-dun-soldat-francais-au-kurdistan-13269998.php\" target=\"_blank\" rel=\"noopener noreferrer nofollow\" class=\"\">Cliquez ici<\/a>  pour lire notre article.<\/p>\n<\/div>\n<\/div>\n<div id=\"live_post_EVMMOJ8RCK1B8RC\"><span class=\"live-post__date\">07h45.<\/span><\/p>\n<div class=\"live-post__content\">\n<h2 class=\"live-post__title\">L&#8217;Iran promet une r\u00e9ponse &#8220;plus cinglante&#8221; qu&#8217;en janvier en cas de nouvelles manifestations\u00a0<\/h2>\n<p class=\"live-post__amorce\">Les Gardiens de la R\u00e9volution, l&#8217;arm\u00e9e id\u00e9ologique de la R\u00e9publique islamique d&#8217;Iran, mettent en garde que toute nouvelle manifestation contre le pouvoir fera face \u00e0 une r\u00e9ponse &#8220;plus cinglante&#8221; qu&#8217;en janvier lorsque plusieurs milliers de personnes avaient \u00e9t\u00e9 tu\u00e9es. &#8220;Aujourd&#8217;hui, l&#8217;ennemi, incapable d&#8217;atteindre ses objectifs militaires sur le terrain cherche de nouveau \u00e0 instiller la terreur et provoquer des \u00e9meutes&#8221;, ont indiqu\u00e9 les Gardiens dans un communiqu\u00e9 diffus\u00e9 \u00e0 la t\u00e9l\u00e9vision, promettant &#8220;une r\u00e9ponse encore plus cinglante que celle du 8 janvier&#8221; en cas de nouveaux troubles.<\/p>\n<\/div>\n<\/div>\n<div id=\"live_post_EVMMOJ8CU6GAJVV\"><span class=\"live-post__date\">07h40.<\/span><\/p>\n<div class=\"live-post__content\">\n<h2 class=\"live-post__title\">Iran : de puissantes explosions secouent T\u00e9h\u00e9ran\u00a0<\/h2>\n<p class=\"live-post__amorce\">Une s\u00e9rie de puissantes explosions \u00e0 courtes intervalles ont secou\u00e9 T\u00e9h\u00e9ran ce vendredi matin. Les cibles vis\u00e9es n&#8217;\u00e9taient pas connues dans l&#8217;imm\u00e9diat. Deux nuages de fum\u00e9e noire ont \u00e9t\u00e9 aper\u00e7us dans l&#8217;est et le nord de la ville, malgr\u00e9 une visibilit\u00e9 r\u00e9duite par un temps pluvieux \u00e0 T\u00e9h\u00e9ran.<\/p>\n<\/div>\n<\/div>\n<div id=\"live_post_EVMMOJ7B3YGBWSK\"><span class=\"live-post__date\">07h39.<\/span><\/p>\n<div class=\"live-post__content\">\n<h2 class=\"live-post__title\">Oman : deux personnes tu\u00e9es par un drone<\/h2>\n<p class=\"live-post__amorce\">Deux personnes ont \u00e9t\u00e9 tu\u00e9es par un drone dans le nord d&#8217;Oman, a indiqu\u00e9 ce vendredi un m\u00e9dia d&#8217;Etat alors que l&#8217;Iran poursuit ses attaques de repr\u00e9sailles dans les pays voisins.\u00a0&#8220;Deux drones se sont \u00e9cras\u00e9s dans le gouvernorat de Sohar. L&#8217;un d&#8217;eux est tomb\u00e9 dans la zone industrielle d&#8217;Al-Awahi, provoquant la mort de deux travailleurs \u00e9trangers et faisant plusieurs bless\u00e9s.<\/p>\n<\/div>\n<\/div>\n<div id=\"live_post_EVMMOJA5ME9YX84\"><span class=\"live-post__date\">07h17.<\/span><\/p>\n<div class=\"live-post__content\">\n<h2 class=\"live-post__title\">L&#8217;Arabie saoudite dit avoir abattu un drone visant le quartier diplomatique de Ryad\u00a0<\/h2>\n<p class=\"live-post__amorce\">Le minist\u00e8re de la D\u00e9fense en Arabie saoudite a affirm\u00e9 ce vendredi avoir abattu un &#8220;drone hostile&#8221; qui se dirigeait vers le quartier diplomatique de la capitale Ryad.\u00a0<\/p>\n<\/div>\n<\/div>\n<div id=\"live_post_EVMMOHMJ5D3Q2PZ\"><span class=\"live-post__date\">07h00.<\/span><\/p>\n<div class=\"live-post__content\">\n<h2 class=\"live-post__title\">Des m\u00e9dias iraniens font \u00e9tat d&#8217;explosions \u00e0 T\u00e9h\u00e9ran en Iran ce matin<\/h2>\n<p class=\"live-post__amorce\">Des m\u00e9dias iraniens rapportent ce vendredi matin que des explosions se sont produites \u00e0 T\u00e9h\u00e9ran en iran ce matin. D&#8217;apr\u00e8s les agence de presse Tasnim et Fars, des explosions ont \u00e9t\u00e9 entendues au cours de la nuit dans plusieurs parties de la capitale iranienne. Les explosions les plus fortes ont eu lieu dans le sud de T\u00e9h\u00e9ran, d&#8217;apr\u00e8s Tasnim.<\/p>\n<\/div>\n<\/div>\n<div id=\"live_post_EVMMOHLBFBZ0J33\"><span class=\"live-post__date\">06h55.<\/span><\/p>\n<div class=\"live-post__content\">\n<h2 class=\"live-post__title\">Afghanistan : quatre personnes tu\u00e9es dans un bombardement pakistanais \u00e0 Kaboul, selon la police<\/h2>\n<p class=\"live-post__amorce\">Quatre personnes ont \u00e9t\u00e9 tu\u00e9es et quinze bless\u00e9es par un bombardement pakistanais qui a touch\u00e9 des &#8220;maisons civiles&#8221; dans l&#8217;est de Kaboul, a annonc\u00e9 ce vendredi matin le porte-parole de la police de la capitale afghane. &#8220;Dans la zone de Guzar, dans le 21e district de Kaboul, des maisons civiles ont \u00e9t\u00e9 vis\u00e9es dans un bombardement du r\u00e9gime pakistanais qui a fait quatre morts et quinze bless\u00e9s&#8221;, a \u00e9crit Khalid Zadran sur son compte X, en pr\u00e9cisant que des femmes et enfants figurent parmi les victimes.<\/p>\n<\/div>\n<\/div>\n<div id=\"live_post_EVMMOHPV02QN0YU\"><span class=\"live-post__date\">06h53.<\/span><\/p>\n<div class=\"live-post__content\">\n<h2 class=\"live-post__title\">L&#8217;Arabie saoudite dit avoir intercept\u00e9 une vingtaine de drones dans son espace a\u00e9rien<\/h2>\n<p class=\"live-post__amorce\">Le minist\u00e8re de la D\u00e9fense saoudien a annonc\u00e9 ce vendredi matin l&#8217;interception d&#8217;une vingtaine de drones dans son espace a\u00e9rien, dans plusieurs messages sur X. Le minist\u00e8re a annonc\u00e9 avoir &#8220;intercept\u00e9 et d\u00e9truit&#8221; une premi\u00e8re vague de 12 drones, puis neuf et sept drones, alors que le royaume est la cible d&#8217;attaques depuis le d\u00e9but de la guerre au Moyen-Orient.<\/p>\n<\/div>\n<\/div>\n<div id=\"live_post_EVMMOHJLI8M0TTY\"><span class=\"live-post__date\">06h52.<\/span><\/p>\n<div class=\"live-post__content\">\n<h2 class=\"live-post__title\">Isra\u00ebl annonce avoir atteint plus de 200 cibles en Iran en une journ\u00e9e\u00a0<\/h2>\n<p class=\"live-post__amorce\">Des m\u00e9dias iraniens rapportent que des explosions se sont produites \u00e0 T\u00e9h\u00e9ran, en pleine guerre au Moyen-Orient. D&#8217;apr\u00e8s les agence de presse Tasnim et Fars, des explosions ont \u00e9t\u00e9 entendues au cours de la nuit dans plusieurs parties de la capitale iranienne. Les explosions les plus fortes ont eu lieu dans le sud de T\u00e9h\u00e9ran, d&#8217;apr\u00e8s Tasnim.<\/p>\n<\/div>\n<\/div>\n<div id=\"live_post_EVMMOHI54JIDNXT\"><span class=\"live-post__date\">06h50.<\/span><\/p>\n<div class=\"live-post__content\">\n<h2 class=\"live-post__title\">L&#8217;arm\u00e9e isra\u00e9lienne dit avoir frapp\u00e9 un membre du Hezbollah \u00e0 Beyrouth<\/h2>\n<p class=\"live-post__amorce\">L&#8217;arm\u00e9e isra\u00e9lienne a annonc\u00e9 t\u00f4t ce vendredi matin avoir frapp\u00e9 un membre du mouvement libanais et pro-iranien Hezbollah \u00e0 Beyrouth. &#8220;Il y a peu de temps, l&#8217;arm\u00e9e isra\u00e9lienne a frapp\u00e9 un terroriste du Hezbollah dans la r\u00e9gion de Beyrouth&#8221;, a-t-elle \u00e9crit sur Telegram, sans plus de d\u00e9tails.<\/p>\n<\/div>\n<\/div>\n<div id=\"live_post_EVMMOHGTEUSNR1Y\"><span class=\"live-post__date\">06h48.<\/span><\/p>\n<div class=\"live-post__content\">\n<h2 class=\"live-post__title\">Un groupe arm\u00e9 pro-iranien veut cibler la France<\/h2>\n<p class=\"live-post__amorce\">Le groupe arm\u00e9 pro-iranien Ashab al-Kahf annonce vouloir prendre pour cible &#8220;tous les int\u00e9r\u00eats fran\u00e7ais en Irak et dans la r\u00e9gion&#8221; apr\u00e8s le d\u00e9ploiement du porte-avions fran\u00e7ais Charles de Gaulle en M\u00e9diterran\u00e9e orientale. &#8220;Nous annon\u00e7ons \u00e0 partir de cette nuit que tous les int\u00e9r\u00eats fran\u00e7ais en Irak et dans la r\u00e9gion seront sous le feu de nos attaques&#8221;, a d\u00e9clar\u00e9 le groupe irakien sur Telegram.<\/p>\n<\/div>\n<\/div>\n<div id=\"live_post_EVMMOH3BCWT9L2P\"><span class=\"live-post__date\">06h46.<\/span><\/p>\n<div class=\"live-post__content\">\n<h2 class=\"live-post__title\">\ud83d\udd34\u00a0Un militaire fran\u00e7ais tu\u00e9\u00a0au Kurdistan irakien<\/h2>\n<p class=\"live-post__amorce\">Un militaire fran\u00e7ais est mort &#8220;lors d&#8217;une attaque&#8221; dans la r\u00e9gion d&#8217;Erbil au Kurdistan irakien, a annonc\u00e9 Emmanuel  <strong>Macron <\/strong> dans la nuit de jeudi \u00e0 ce vendredi. L&#8217;adjudant-chef Arnaud Frion appartenait du 7\u00e8me bataillon de chasseurs alpins de Varces (Is\u00e8re). Le soldat est le premier mort recens\u00e9 au sein de l&#8217;arm\u00e9e fran\u00e7aise dans le cadre de la guerre au Moyen-Orient. &#8220;La guerre en Iran ne saurait justifier de telles attaques&#8221;, r\u00e9agit le chef de l&#8217;Etat, sans indiquer qui \u00e9tait l&#8217;auteur de l&#8217;attaque.<\/p>\n<div class=\"extemb-container\">\n<blockquote data-class=\"twitter-tweet\">\n<p lang=\"fr\" dir=\"ltr\">L\u2019adjudant-chef Arnaud Frion du 7\u00e8me bataillon de chasseurs alpins de Varces est mort pour la France lors d\u2019une attaque dans la r\u00e9gion d\u2019Erbil en Irak.<\/p>\n<p>\u00c0 sa famille, \u00e0 ses fr\u00e8res d\u2019armes, je veux dire toute l\u2019affection et la solidarit\u00e9 de la Nation.<\/p>\n<p>Plusieurs de nos militaires\u2026<\/p>\n<p>\u2014 Emmanuel Macron (@EmmanuelMacron) <a href=\"https:\/\/twitter.com\/EmmanuelMacron\/status\/2032254607695487354?ref_src=twsrc%5Etfw\">March 13, 2026<\/a><\/p><\/blockquote><\/div>\n<\/div>\n<\/div>\n<div id=\"live_post_EVMMNZXC7PMAH84\"><span class=\"live-post__date\">06h45.<\/span><\/p>\n<div class=\"live-post__content\">\n<h2 class=\"live-post__title\">Bienvenue dans notre direct<\/h2>\n<p class=\"live-post__amorce\">Suivez la guerre en Iran et au Moyen-Orient en direct toute la journ\u00e9e sur ladepeche.fr.<\/p>\n<\/div>\n<\/div>\n<p><script async src=\"\/\/platform.twitter.com\/widgets.js\" charset=\"utf-8\"><\/script><br \/><a href=\"https:\/\/www.ladepeche.fr\/2026\/03\/13\/direct-guerre-au-moyen-orient-un-soldat-francais-tue-au-kurdistan-irakien-premier-deces-francais-dans-le-conflit-13268616.php\">source<\/a><\/p>\n","protected":false},"excerpt":{"rendered":"<p>18h32. 77 navires ont travers\u00e9 Ormuz depuis le d\u00e9but de la guerre Quelque 77 navires ont effectu\u00e9 la travers\u00e9e du d\u00e9troit d&#8217;Ormuz depuis le d\u00e9but de la guerre au Moyen-Orient, essentiellement des bateaux appartenant \u00e0 la &#8220;flotte fant\u00f4me&#8221;, a rapport\u00e9 vendredi la soci\u00e9t\u00e9 de donn\u00e9es maritime Lloyd&#8217;s List Intelligence. 17h31. Le Premier ministre irakien promet [&hellip;]<\/p>\n","protected":false},"author":1,"featured_media":124511,"comment_status":"open","ping_status":"open","sticky":false,"template":"","format":"standard","meta":{"_monsterinsights_skip_tracking":false,"_monsterinsights_sitenote_active":false,"_monsterinsights_sitenote_note":"","_monsterinsights_sitenote_category":0,"footnotes":""},"categories":[1],"tags":[],"coauthors":[77],"class_list":["post-124510","post","type-post","status-publish","format-standard","has-post-thumbnail","hentry","category-a-la-une"],"aioseo_notices":[],"_links":{"self":[{"href":"https:\/\/pressactu.com\/index.php?rest_route=\/wp\/v2\/posts\/124510","targetHints":{"allow":["GET"]}}],"collection":[{"href":"https:\/\/pressactu.com\/index.php?rest_route=\/wp\/v2\/posts"}],"about":[{"href":"https:\/\/pressactu.com\/index.php?rest_route=\/wp\/v2\/types\/post"}],"author":[{"embeddable":true,"href":"https:\/\/pressactu.com\/index.php?rest_route=\/wp\/v2\/users\/1"}],"replies":[{"embeddable":true,"href":"https:\/\/pressactu.com\/index.php?rest_route=%2Fwp%2Fv2%2Fcomments&post=124510"}],"version-history":[{"count":0,"href":"https:\/\/pressactu.com\/index.php?rest_route=\/wp\/v2\/posts\/124510\/revisions"}],"wp:featuredmedia":[{"embeddable":true,"href":"https:\/\/pressactu.com\/index.php?rest_route=\/wp\/v2\/media\/124511"}],"wp:attachment":[{"href":"https:\/\/pressactu.com\/index.php?rest_route=%2Fwp%2Fv2%2Fmedia&parent=124510"}],"wp:term":[{"taxonomy":"category","embeddable":true,"href":"https:\/\/pressactu.com\/index.php?rest_route=%2Fwp%2Fv2%2Fcategories&post=124510"},{"taxonomy":"post_tag","embeddable":true,"href":"https:\/\/pressactu.com\/index.php?rest_route=%2Fwp%2Fv2%2Ftags&post=124510"},{"taxonomy":"author","embeddable":true,"href":"https:\/\/pressactu.com\/index.php?rest_route=%2Fwp%2Fv2%2Fcoauthors&post=124510"}],"curies":[{"name":"wp","href":"https:\/\/api.w.org\/{rel}","templated":true}]}}