{"id":124508,"date":"2026-03-13T17:49:41","date_gmt":"2026-03-13T17:49:41","guid":{"rendered":"https:\/\/pressactu.com\/?p=124508"},"modified":"2026-03-13T17:49:41","modified_gmt":"2026-03-13T17:49:41","slug":"rugby-a-xiii-nous-avons-les-armes-pour-gagner-les-feminines-de-villeneuve-sur-lot-en-route-pour-la-finale-de-la-coupe-de-france","status":"publish","type":"post","link":"https:\/\/pressactu.com\/?p=124508","title":{"rendered":"Rugby \u00e0 XIII\u00a0: &quot;Nous avons les armes pour gagner&quot;, les f\u00e9minines de Villeneuve-sur-Lot en route pour la finale de la Coupe de France"},"content":{"rendered":"<p>\n                                                                    <span class=\"article-full__chapo-label hide-on-small-only\">l&#8217;essentiel<\/span><br \/>\n                                                                La Coupe de France de rugby \u00e0 XIII f\u00e9minin s\u2019annonce intense pour Villeneuve XIII. Port\u00e9es par une jeunesse fougueuse et une victoire 62-18 en demi-finale, les Panth\u00e8res d\u00e9fieront Pia pour un titre historique.\n                            <\/p>\n<div rel=\"js-article-content\">\n                                                                                                                                                            <!-- Pub DFP Position [outstream] --><\/p>\n<p>Si la saison des L\u00e9opards est un peu compliqu\u00e9e, ce n\u2019est pas le cas pour les Panth\u00e8res coach\u00e9es par Cyril Malbec, S\u00e9bastien Fernandez et Rapha\u00ebl Savar. En effet, les joueuses de Villeneuve XIII vont disputer la finale de la Coupe de France face \u00e0 Pia le dimanche 22\u00a0mars \u00e0 13\u00a0h\u00a030 au stade des Minimes de Toulouse. Un beau challenge pour un groupe dont la moyenne d\u2019\u00e2ge ne d\u00e9passe pas les 20 ans.<\/p>\n<p><!-- Pub DFP Position [article] --><\/p>\n<div class=\"center-align\" rel=\"js-article-inline-img\" data-protec-aida=\"image\">\n<figure class=\"std-img\" data-src=\"https:\/\/images.ladepeche.fr\/api\/v1\/images\/view\/69b3d9406c244be1f304cc76\/original\/image.jpg?v=1\">\n        <img decoding=\"async\" class=\"std-img__img responsive-img\" src=\"http:\/\/pressactu.com\/wp-content\/uploads\/2026\/03\/1773424180_749_image.jpg?v=1\" alt=\"Les joueuses de Villeneuve XIII veulent soulever la Coupe le 22\u00a0mars \u00e0 Toulouse.\"\/><figcaption class=\"article-full__media-infos\">\n                <span class=\"article-full__media-legend\">Les joueuses de Villeneuve XIII veulent soulever la Coupe le 22\u00a0mars \u00e0 Toulouse.<\/span><br \/>\n                                    <span class=\"article-full__media-author\">Photo club<\/span><br \/>\n                            <\/figcaption><\/figure>\n<\/div>\n<p class=\"std-elt__inline\">\n        <strong>\u00c0 lire aussi :<\/strong><br \/>\n        <a href=\"\/2026\/02\/05\/super-xiii-on-nous-previent-juste-quatre-jours-avant-la-colere-de-villeneuve-xiii-oblige-de-se-deplacer-a-saint-esteve-13209657.php\">Super XIII\u00a0: &#8220;On nous pr\u00e9vient juste quatre\u00a0jours avant&#8221;, la col\u00e8re de Villeneuve XIII oblig\u00e9 de se d\u00e9placer \u00e0 Saint-Est\u00e8ve<\/a>\n    <\/p>\n<p>&#8220;Avec le potentiel et la qualit\u00e9 de cette \u00e9quipe, je savais que nous pouvions r\u00e9aliser de belles choses cette saison et ramener peut-\u00eatre un titre \u00e0 la maison&#8221;, l\u00e2che l\u2019entra\u00eeneur Cyril Malbec au lendemain d\u2019une large victoire en demi-finale de la Coupe face au XIII de Provence (62-18). Une derni\u00e8re rencontre ma\u00eetris\u00e9e de bout en bout par une bande de copines dont la vitesse sur le terrain reste le point fort. &#8220;L\u2019arriv\u00e9e de cadettes p\u00e9tries de talent nous a apport\u00e9 une vraie plus-value dans le groupe o\u00f9 chacune des 24 joueuses se donne \u00e0 fond sur la pelouse et fait preuve d\u2019un bel esprit de solidarit\u00e9&#8221;, poursuit Malbec.<\/p>\n<p class=\"std-elt__inline\">\n        <strong>\u00c0 lire aussi :<\/strong><br \/>\n        <a href=\"\/2026\/02\/22\/super-xiii-apres-une-entame-de-match-manquee-les-leopards-de-villeneuve-sur-lot-se-rebellent-et-soffrent-les-catalans-de-pia-13239219.php\">Super XIII\u00a0: apr\u00e8s une entame de match manqu\u00e9e, les L\u00e9opards de Villeneuve-sur-Lot se rebellent et s\u2019offrent les Catalans de Pia<\/a>\n    <\/p>\n<h2 class=\"txt-int\">&#8220;Un \u00e9norme d\u00e9fi&#8221;<\/h2>\n<p>Mais pour d\u00e9crocher la lune dans quelques jours et pour surfer sur une vague de bonheur, les Villeneuvoises devront franchir l\u2019\u00e9cueil pianenc. Une \u00e9quipe qu\u2019elles ont d\u00e9j\u00e0 rencontr\u00e9e cette saison avec un match qui avait \u00e9t\u00e9 le th\u00e9\u00e2tre d\u2019un affrontement tr\u00e8s serr\u00e9 et tr\u00e8s ind\u00e9cis sur les bords du Lot. &#8220;On gagne juste de 4 points face \u00e0 une tr\u00e8s belle \u00e9quipe catalane&#8221;. La r\u00e9serve des D\u00e9esses catalanes voudra donc prendre sa revanche dans la Ville rose et devrait \u00eatre renforc\u00e9e par des joueuses \u00e9voluant en \u00c9lite 1.<\/p>\n<p class=\"std-elt__inline\">\n        <strong>\u00c0 lire aussi :<\/strong><br \/>\n        <a href=\"\/2026\/02\/01\/rugby-a-xiii-super-xiii-les-leopards-de-villeneuve-sur-lot-echouent-encore-face-aux-bisons-davignon-13201660.php\">Rugby \u00e0 XIII \u2013 Super XIII\u00a0: les L\u00e9opards de Villeneuve-sur-Lot \u00e9chouent encore face aux Bisons d\u2019Avignon<\/a>\n    <\/p>\n<p>&#8220;On s\u2019attend \u00e0 un \u00e9norme d\u00e9fi face \u00e0 un adversaire redoutable, mais nous avons aussi les armes pour gagner cette finale et ramener la coupe \u00e0 la maison. Cela va se jouer sur des petits d\u00e9tails techniques et ce sera du 50-50&#8221;, conclut Cyril Malbec. Ce dernier esp\u00e8re que tout le peuple treiziste de la bastide effectuera le d\u00e9placement \u00e0 Toulouse pour encourager cette jeune \u00e9quipe f\u00e9minine et la pousser vers la victoire et vers le titre.<\/p>\n<\/p><\/div>\n<p><a href=\"https:\/\/www.ladepeche.fr\/2026\/03\/13\/rugby-a-xiii-nous-avons-les-armes-pour-gagner-les-feminines-de-villeneuve-sur-lot-en-route-pour-la-finale-de-la-coupe-de-france-13270160.php\">source<\/a><\/p>\n","protected":false},"excerpt":{"rendered":"<p>l&#8217;essentiel La Coupe de France de rugby \u00e0 XIII f\u00e9minin s\u2019annonce intense pour Villeneuve XIII. Port\u00e9es par une jeunesse fougueuse et une victoire 62-18 en demi-finale, les Panth\u00e8res d\u00e9fieront Pia pour un titre historique. Si la saison des L\u00e9opards est un peu compliqu\u00e9e, ce n\u2019est pas le cas pour les Panth\u00e8res coach\u00e9es par Cyril Malbec, [&hellip;]<\/p>\n","protected":false},"author":1,"featured_media":124509,"comment_status":"open","ping_status":"open","sticky":false,"template":"","format":"standard","meta":{"_monsterinsights_skip_tracking":false,"_monsterinsights_sitenote_active":false,"_monsterinsights_sitenote_note":"","_monsterinsights_sitenote_category":0,"footnotes":""},"categories":[71],"tags":[],"coauthors":[77],"class_list":["post-124508","post","type-post","status-publish","format-standard","has-post-thumbnail","hentry","category-sport"],"aioseo_notices":[],"_links":{"self":[{"href":"https:\/\/pressactu.com\/index.php?rest_route=\/wp\/v2\/posts\/124508","targetHints":{"allow":["GET"]}}],"collection":[{"href":"https:\/\/pressactu.com\/index.php?rest_route=\/wp\/v2\/posts"}],"about":[{"href":"https:\/\/pressactu.com\/index.php?rest_route=\/wp\/v2\/types\/post"}],"author":[{"embeddable":true,"href":"https:\/\/pressactu.com\/index.php?rest_route=\/wp\/v2\/users\/1"}],"replies":[{"embeddable":true,"href":"https:\/\/pressactu.com\/index.php?rest_route=%2Fwp%2Fv2%2Fcomments&post=124508"}],"version-history":[{"count":0,"href":"https:\/\/pressactu.com\/index.php?rest_route=\/wp\/v2\/posts\/124508\/revisions"}],"wp:featuredmedia":[{"embeddable":true,"href":"https:\/\/pressactu.com\/index.php?rest_route=\/wp\/v2\/media\/124509"}],"wp:attachment":[{"href":"https:\/\/pressactu.com\/index.php?rest_route=%2Fwp%2Fv2%2Fmedia&parent=124508"}],"wp:term":[{"taxonomy":"category","embeddable":true,"href":"https:\/\/pressactu.com\/index.php?rest_route=%2Fwp%2Fv2%2Fcategories&post=124508"},{"taxonomy":"post_tag","embeddable":true,"href":"https:\/\/pressactu.com\/index.php?rest_route=%2Fwp%2Fv2%2Ftags&post=124508"},{"taxonomy":"author","embeddable":true,"href":"https:\/\/pressactu.com\/index.php?rest_route=%2Fwp%2Fv2%2Fcoauthors&post=124508"}],"curies":[{"name":"wp","href":"https:\/\/api.w.org\/{rel}","templated":true}]}}