{"id":124505,"date":"2026-03-13T17:40:35","date_gmt":"2026-03-13T17:40:35","guid":{"rendered":"https:\/\/pressactu.com\/?p=124505"},"modified":"2026-03-13T17:40:35","modified_gmt":"2026-03-13T17:40:35","slug":"la-laideur-absolue-la-restauration-dun-chateau-francais-du-xixe-siecle-en-residence-sociale-et-ecologique-suscite-un-tolle","status":"publish","type":"post","link":"https:\/\/pressactu.com\/?p=124505","title":{"rendered":"&quot;La laideur absolue&quot;\u00a0: la restauration d\u2019un ch\u00e2teau fran\u00e7ais du XIXe\u00a0si\u00e8cle en r\u00e9sidence sociale et \u00e9cologique suscite un toll\u00e9"},"content":{"rendered":"<p>\n                                                                    <span class=\"article-full__chapo-label hide-on-small-only\">l&#8217;essentiel<\/span><br \/>\n                                                                Construit au XIX\u1d49 si\u00e8cle, le ch\u00e2teau du Tournepuits \u00e0 Gu\u00eenes, dans le Pas-de-Calais, a \u00e9t\u00e9 transform\u00e9 en logements sociaux \u00e9cologiques apr\u00e8s plusieurs ann\u00e9es d\u2019abandon. Une sur\u00e9l\u00e9vation en bois tr\u00e8s contemporaine, ajout\u00e9e au sommet de l\u2019\u00e9difice, suscite toutefois de vives r\u00e9actions.\n                            <\/p>\n<div rel=\"js-article-content\">\n                                                                                                                                                            <!-- Pub DFP Position [outstream] --><\/p>\n<p>Il avait construit de ses mains le ch\u00e2teau\u00a0du Tournepuits \u00e0 Gu\u00eenes (Pas-de-Calais) en 1870. \u00c0 l\u2019\u00e9poque, Narcisse Boulanger n\u2019aurait sans doute jamais pari\u00e9 que sa maison de ma\u00eetre finirait 150 ans plus tard en logements sociaux \u00e9colos. D\u2019imposants\u00a0parpaings en bois sont ainsi venus garnir la brique rouge du ch\u00e2teau, conf\u00e9rant au monument ancien une forme de modernit\u00e9\u00a0qui ne manque pas de d\u00e9contenancer de nombreux badauds, comme l\u2019expliquent nos confr\u00e8res du <a href=\"https:\/\/immobilier.lefigaro.fr\/article\/la-france-perd-son-patrimoine-et-son-histoire-ce-chateau-transforme-en-logements-sociaux-ecolo-suscite-un-tolle-20260312\" target=\"_blank\"><em>Figaro Immobilier<\/em><\/a>. &#8220;Comment les B\u00e2timents de France ont accept\u00e9 \u00e7a\u00a0?&#8221;, questionnent des internautes sur les r\u00e9seaux sociaux.<\/p>\n<p><!-- Pub DFP Position [article] --><\/p>\n<p><iframe width=\"600\" height=\"450\" style=\"border:0;\" allowfullscreen=\"\" loading=\"lazy\" referrerpolicy=\"no-referrer-when-downgrade\" data-src=\"https:\/\/www.google.com\/maps\/embed?pb=!1m18!1m12!1m3!1d40299.36732279216!2d1.7946793945837034!3d50.85504578354516!2m3!1f0!2f0!3f0!3m2!1i1024!2i768!4f13.1!3m3!1m2!1s0x47dc387fd99bb9d1%3A0x41fc895f0c035ef!2s62340%20Gu%C3%AEnes!5e0!3m2!1sfr!2sfr!4v1773333806293!5m2!1sfr!2sfr\"><\/iframe><\/p>\n<p>En premier lieu, ce ch\u00e2teau de 474 m\u00b2 a appartenu \u00e0 l\u2019ancien maire de Gu\u00eenes et b\u00e2tisseur, Narcisse Boulanger. La b\u00e2tisse a par la suite \u00e9t\u00e9 habit\u00e9e par une famille qui a construit une ferme sur le site, avant qu\u2019elle ne soit occup\u00e9e par une usine anglaise \u2013 Morrisson \u2013 sp\u00e9cialis\u00e9e dans la fabrication de rails. Le ch\u00e2teau a finalement \u00e9t\u00e9 laiss\u00e9 \u00e0 l\u2019abandon pendant de tr\u00e8s longues ann\u00e9es, avant que la municipalit\u00e9 de Gu\u00eenes ne d\u00e9cide de le r\u00e9habiliter.<\/p>\n<h2 class=\"txt-int\">&#8220;C\u2019est \u00e0 pleurer&#8221;<\/h2>\n<p>Neuf\u00a0logements sociaux \u2013 tous faisant l\u2019objet d\u2019une empreinte carbone basse \u2013 ont \u00e9t\u00e9 \u00e9rig\u00e9s sur site.\u00a0La transformation a commenc\u00e9 en 2021 pour s\u2019achever en 2023, mobilisant un total d\u2019une dizaine d\u2019entreprises locales.<\/p>\n<p class=\"std-elt__inline\">\n        <strong>\u00c0 lire aussi :<\/strong><br \/>\n        <a href=\"\/2026\/02\/19\/gerard-depardieu-a-enfin-trouve-un-acheteur-pour-son-hotel-particulier-parisien-15-ans-apres-sa-mise-en-vente-mais-loin-des-50-millions-deuros-13234005.php\">G\u00e9rard Depardieu a enfin trouv\u00e9 un acheteur pour son h\u00f4tel particulier parisien, 15 ans apr\u00e8s sa mise en vente, mais loin des 50\u00a0millions d\u2019euros demand\u00e9s<\/a>\n    <\/p>\n<p>Afin d\u2019optimiser le nombre de logements cr\u00e9\u00e9s, une extension a \u00e9t\u00e9 construite \u00e0 l\u2019arri\u00e8re du b\u00e2timent, accompagn\u00e9e d\u2019une sur\u00e9l\u00e9vation du second niveau destin\u00e9e \u00e0 remplacer la charpente endommag\u00e9e par la m\u00e9rule. L\u2019ensemble de ces am\u00e9nagements ont\u00a0\u00e9t\u00e9 r\u00e9alis\u00e9s en ossature bois, avec une isolation en bottes de paille.<\/p>\n<blockquote data-instgrm-captioned=\"\" data-instgrm-permalink=\"https:\/\/www.instagram.com\/p\/DVs9a66DaaP\/?utm_source=ig_embed&amp;utm_campaign=loading\" data-instgrm-version=\"14\" style=\" background:#FFF; border:0; border-radius:3px; box-shadow:0 0 1px 0 rgba(0,0,0,0.5),0 1px 10px 0 rgba(0,0,0,0.15); margin: 1px; max-width:540px; min-width:326px; padding:0; width:99.375%; width:-webkit-calc(100% - 2px); width:calc(100% - 2px);\" data-class=\"instagram-media\"\/>\n<p>&#8220;Il s\u2019agit d\u2019exp\u00e9rimenter des solutions de r\u00e9habilitation sur des b\u00e2timents v\u00e9tustes et vacants en centre bourg pour les transformer en logements sociaux \u00e0 haute performance \u00e9nerg\u00e9tique, bas carbone, et enti\u00e8rement adapt\u00e9s vieillissement \/ handicap&#8221;, indique la Fonci\u00e8re Ch\u00eanelet, devenue propri\u00e9taire du site. La structure a d\u2019ailleurs travaill\u00e9 avec l\u2019Agence Nationale de l\u2019Habitat (Anah). Le co\u00fbt de l\u2019op\u00e9ration a \u00e9t\u00e9 estim\u00e9 \u00e0 2,8\u00a0millions d\u2019euros.<\/p>\n<p class=\"std-elt__inline\">\n        <strong>\u00c0 lire aussi :<\/strong><br \/>\n        <a href=\"\/2026\/02\/23\/stupeur-a-toulouse-les-halles-de-la-cartoucherie-placees-en-redressement-judiciaire-deux-ans-et-demi-apres-leur-ouverture-13240686.php\">Stupeur \u00e0 Toulouse\u00a0: Les Halles de la Cartoucherie plac\u00e9es en redressement judiciaire deux ans et demi apr\u00e8s leur ouverture<\/a>\n    <\/p>\n<p>Seulement voil\u00e0\u00a0: depuis la fin des travaux, la r\u00e9habilitation du ch\u00e2teau suscite de nombreuses r\u00e9actions. En cause\u00a0: la structure cubique en bois, qui tr\u00f4ne d\u00e9sormais au sommet de l\u2019\u00e9difice. &#8220;La laideur absolue au pr\u00e9texte du social et de l\u2019\u00e9cologique\u2026 c\u2019est dans le nord de la France, \u00e0 Gu\u00eenes, et c\u2019est \u00e0 pleurer&#8221;, \u00e9voque ainsi Nicolas Milovanovic, conservateur en chef du mus\u00e9e du Louvre, sur la toile. Pour l\u2019heure, ni la mairie de Gu\u00eenes, ni la Fonci\u00e8re\u00a0Ch\u00eanelet n\u2019ont r\u00e9agi \u00e0 ces critiques.<\/p>\n<\/p><\/div>\n<p><a href=\"https:\/\/www.ladepeche.fr\/2026\/03\/13\/la-laideur-absolue-la-restauration-dun-chateau-francais-du-xixe-siecle-en-residence-sociale-et-ecologique-suscite-un-tolle-13268930.php\">source<\/a><\/p>\n","protected":false},"excerpt":{"rendered":"<p>l&#8217;essentiel Construit au XIX\u1d49 si\u00e8cle, le ch\u00e2teau du Tournepuits \u00e0 Gu\u00eenes, dans le Pas-de-Calais, a \u00e9t\u00e9 transform\u00e9 en logements sociaux \u00e9cologiques apr\u00e8s plusieurs ann\u00e9es d\u2019abandon. Une sur\u00e9l\u00e9vation en bois tr\u00e8s contemporaine, ajout\u00e9e au sommet de l\u2019\u00e9difice, suscite toutefois de vives r\u00e9actions. Il avait construit de ses mains le ch\u00e2teau\u00a0du Tournepuits \u00e0 Gu\u00eenes (Pas-de-Calais) en 1870. [&hellip;]<\/p>\n","protected":false},"author":1,"featured_media":124506,"comment_status":"open","ping_status":"open","sticky":false,"template":"","format":"standard","meta":{"_monsterinsights_skip_tracking":false,"_monsterinsights_sitenote_active":false,"_monsterinsights_sitenote_note":"","_monsterinsights_sitenote_category":0,"footnotes":""},"categories":[74],"tags":[],"coauthors":[77],"class_list":["post-124505","post","type-post","status-publish","format-standard","has-post-thumbnail","hentry","category-economie"],"aioseo_notices":[],"_links":{"self":[{"href":"https:\/\/pressactu.com\/index.php?rest_route=\/wp\/v2\/posts\/124505","targetHints":{"allow":["GET"]}}],"collection":[{"href":"https:\/\/pressactu.com\/index.php?rest_route=\/wp\/v2\/posts"}],"about":[{"href":"https:\/\/pressactu.com\/index.php?rest_route=\/wp\/v2\/types\/post"}],"author":[{"embeddable":true,"href":"https:\/\/pressactu.com\/index.php?rest_route=\/wp\/v2\/users\/1"}],"replies":[{"embeddable":true,"href":"https:\/\/pressactu.com\/index.php?rest_route=%2Fwp%2Fv2%2Fcomments&post=124505"}],"version-history":[{"count":0,"href":"https:\/\/pressactu.com\/index.php?rest_route=\/wp\/v2\/posts\/124505\/revisions"}],"wp:featuredmedia":[{"embeddable":true,"href":"https:\/\/pressactu.com\/index.php?rest_route=\/wp\/v2\/media\/124506"}],"wp:attachment":[{"href":"https:\/\/pressactu.com\/index.php?rest_route=%2Fwp%2Fv2%2Fmedia&parent=124505"}],"wp:term":[{"taxonomy":"category","embeddable":true,"href":"https:\/\/pressactu.com\/index.php?rest_route=%2Fwp%2Fv2%2Fcategories&post=124505"},{"taxonomy":"post_tag","embeddable":true,"href":"https:\/\/pressactu.com\/index.php?rest_route=%2Fwp%2Fv2%2Ftags&post=124505"},{"taxonomy":"author","embeddable":true,"href":"https:\/\/pressactu.com\/index.php?rest_route=%2Fwp%2Fv2%2Fcoauthors&post=124505"}],"curies":[{"name":"wp","href":"https:\/\/api.w.org\/{rel}","templated":true}]}}