{"id":124499,"date":"2026-03-13T16:08:40","date_gmt":"2026-03-13T16:08:40","guid":{"rendered":"https:\/\/pressactu.com\/?p=124499"},"modified":"2026-03-13T16:08:40","modified_gmt":"2026-03-13T16:08:40","slug":"rugby-amateurs-nationale-redressement-judiciaire-demission-du-president-on-vous-explique-pourquoi-niort-pourrait-etre-relegue-en-federale-3","status":"publish","type":"post","link":"https:\/\/pressactu.com\/?p=124499","title":{"rendered":"Rugby amateurs \u2013 Nationale\u00a0: redressement judiciaire, d\u00e9mission du pr\u00e9sident\u2026 on vous explique pourquoi Niort pourrait \u00eatre rel\u00e9gu\u00e9 en F\u00e9d\u00e9rale 3"},"content":{"rendered":"<p>\n                                                                    <span class=\"article-full__chapo-label hide-on-small-only\">l&#8217;essentiel<\/span><br \/>\n                                                                Le RC Niort s\u2019enfonce dans la crise apr\u00e8s que son pr\u00e9sident a d\u00e9missionn\u00e9. La FFR a plac\u00e9 le club de Nationale en cessation de paiements alors que le d\u00e9ficit atteint 615\u00a0000\u00a0euros.\u00a0Le redressement judiciaire suffira-t-il \u00e0 sauver les Niortais\u00a0?\n                            <\/p>\n<div rel=\"js-article-content\">\n                                                                                                                                                            <!-- Pub DFP Position [outstream] --><\/p>\n<p>Les informations se bousculent depuis le d\u00e9but du mois de mars \u00e0 propos du club de Niort, actuellement 7e de Nationale, mais dont le futur est (tr\u00e8s) incertain. Dans un championnat <a href=\"https:\/\/www.ladepeche.fr\/2026\/02\/27\/rugby-nationale-le-stado-rompt-le-silence-sur-son-depot-de-bilan-et-communique-13247359.php\" target=\"_blank\">o\u00f9 Tarbes a d\u00e9pos\u00e9 le bilan \u00e0 la fin du mois de f\u00e9vrier<\/a>, le club des Deux-S\u00e8vres pourrait conna\u00eetre le m\u00eame sort que les Haut-Pyr\u00e9n\u00e9ens. <em>La D\u00e9p\u00eache du Midi<\/em> fait le point.<\/p>\n<p><!-- Pub DFP Position [article] --><\/p>\n<h2 class=\"txt-chapitre\">&#8220;Cessation de paiements&#8221;<\/h2>\n<p>Le feuilleton du Niort RC continue. Selon les informations d\u2019<a href=\"https:\/\/actu.fr\/nouvelle-aquitaine\/niort_79191\/nationale-niort-sauve-et-place-en-redressement-judiciaire-en-interne-la-situation-est-jugee-grotesque_63967965.html\" target=\"_blank\">Actu Rugby<\/a> publi\u00e9es ce jeudi 12\u00a0mars, le conseil de discipline de la FFR a d\u00e9cid\u00e9 de rel\u00e9guer le club en F\u00e9d\u00e9rale 3 pour la saison 2026-2027. Cette sanction fait suite \u00e0 l\u2019\u00e9tat de &#8220;cessation de paiements&#8221; de la structure. Le NRC dispose d\u00e9sormais d\u2019un d\u00e9lai de sept jours pour interjeter appel d\u00e8s r\u00e9ception de la notification officielle.<\/p>\n<p class=\"std-elt__inline\">\n        <strong>\u00c0 lire aussi :<\/strong><br \/>\n        <a href=\"\/2026\/03\/04\/apres-les-depots-de-bilan-de-tarbes-et-niort-la-ffr-reagit-face-a-un-championnat-de-nationale-en-grande-difficulte-13255266.php\">Apr\u00e8s les d\u00e9p\u00f4ts de bilan de Tarbes et Niort, la FFR r\u00e9agit face \u00e0 un championnat de Nationale en grande difficult\u00e9<\/a>\n    <\/p>\n<p>Pourtant, le Tribunal de commerce de Niort avait autoris\u00e9 le m\u00eame jour le placement de la SAS en redressement judiciaire. Ce jugement devait th\u00e9oriquement permettre \u00e0 l\u2019\u00e9quipe de terminer sa saison actuelle en Nationale, o\u00f9 elle occupe la 7e place apr\u00e8s sa victoire contre Massy le 28\u00a0f\u00e9vrier.<\/p>\n<h2 class=\"txt-chapitre\">D\u00e9mission du pr\u00e9sident et r\u00e9union houleuse<\/h2>\n<p>Quelques heures plus tard, nouveau coup de th\u00e9\u00e2tre\u00a0: le pr\u00e9sident du club aurait d\u00e9missionn\u00e9. Toujours selon nos confr\u00e8res, cette d\u00e9cision fait suite \u00e0 une r\u00e9union du comit\u00e9 directeur dans une ambiance qualifi\u00e9e d\u2019intenable. Ce d\u00e9part entra\u00eene par ricochet le retrait du nouvel investisseur qui devait initialement renflouer les caisses.<\/p>\n<p class=\"std-elt__inline\">\n        <strong>\u00c0 lire aussi :<\/strong><br \/>\n        <a href=\"\/2026\/03\/11\/dire-que-le-nationale-nest-pas-fausse-serait-malhonnete-la-ffr-reconnait-le-malaise-apres-les-difficultes-de-tarbes-niort-et-bourg-13266499.php\">&#8220;Dire que le Nationale n\u2019est pas fauss\u00e9 serait malhonn\u00eate\u2026&#8221; La FFR reconnait le malaise apr\u00e8s les difficult\u00e9s de Tarbes, Niort et Bourg<\/a>\n    <\/p>\n<p>Le club accusait un d\u00e9ficit de 615\u00a0000\u00a0euros, une situation qui avait d\u00e9j\u00e0 pouss\u00e9 la direction \u00e0 retirer l\u2019\u00e9quipe du championnat de Nationale le mardi 3\u00a0mars dernier. Selon une source interne contact\u00e9e par Actu Rugby, la situation financi\u00e8re reste &#8220;catastrophique&#8221; et qualifi\u00e9e de &#8220;grotesque&#8221;.<\/p>\n<h2 class=\"txt-chapitre\">Le match face \u00e0 Chamb\u00e9ry pourra-t-il se jouer\u00a0?<\/h2>\n<p>L\u2019incertitude plane sur la tenue de la rencontre pr\u00e9vue \u00e0 Chamb\u00e9ry le 21\u00a0mars prochain. D\u2019apr\u00e8s <a href=\"https:\/\/www.rugbyrama.fr\/2026\/03\/13\/nationale-situation-folle-a-niort-gilbert-nasarre-demissionne-le-nouvel-investisseur-se-retire-le-club-relegue-en-federale-3-13270056.php\" target=\"_blank\">Rugbyrama<\/a>, les joueurs et le staff, &#8220;choqu\u00e9s par l\u2019annonce du d\u00e9p\u00f4t de bilan&#8221;, n\u2019auraient plus la t\u00eate \u00e0 la comp\u00e9tition depuis une dizaine de jours. Le redressement judiciaire devait th\u00e9oriquement permettre de finir la saison, mais le chaos interne rend ce sc\u00e9nario improbable. Malgr\u00e9 le soutien des supporters, qui ont lanc\u00e9 une cagnotte, l\u2019avenir du rugby niortais semble s\u2019\u00e9crire bien loin du monde professionnel.<\/p>\n<\/p><\/div>\n<p><a href=\"https:\/\/www.ladepeche.fr\/2026\/03\/13\/rugby-amateurs-nationale-redressement-judiciaire-demission-du-president-on-vous-explique-pourquoi-niort-pourrait-etre-relegue-en-federale-3-13270155.php\">source<\/a><\/p>\n","protected":false},"excerpt":{"rendered":"<p>l&#8217;essentiel Le RC Niort s\u2019enfonce dans la crise apr\u00e8s que son pr\u00e9sident a d\u00e9missionn\u00e9. La FFR a plac\u00e9 le club de Nationale en cessation de paiements alors que le d\u00e9ficit atteint 615\u00a0000\u00a0euros.\u00a0Le redressement judiciaire suffira-t-il \u00e0 sauver les Niortais\u00a0? Les informations se bousculent depuis le d\u00e9but du mois de mars \u00e0 propos du club de [&hellip;]<\/p>\n","protected":false},"author":1,"featured_media":124500,"comment_status":"open","ping_status":"open","sticky":false,"template":"","format":"standard","meta":{"_monsterinsights_skip_tracking":false,"_monsterinsights_sitenote_active":false,"_monsterinsights_sitenote_note":"","_monsterinsights_sitenote_category":0,"footnotes":""},"categories":[71],"tags":[],"coauthors":[77],"class_list":["post-124499","post","type-post","status-publish","format-standard","has-post-thumbnail","hentry","category-sport"],"aioseo_notices":[],"_links":{"self":[{"href":"https:\/\/pressactu.com\/index.php?rest_route=\/wp\/v2\/posts\/124499","targetHints":{"allow":["GET"]}}],"collection":[{"href":"https:\/\/pressactu.com\/index.php?rest_route=\/wp\/v2\/posts"}],"about":[{"href":"https:\/\/pressactu.com\/index.php?rest_route=\/wp\/v2\/types\/post"}],"author":[{"embeddable":true,"href":"https:\/\/pressactu.com\/index.php?rest_route=\/wp\/v2\/users\/1"}],"replies":[{"embeddable":true,"href":"https:\/\/pressactu.com\/index.php?rest_route=%2Fwp%2Fv2%2Fcomments&post=124499"}],"version-history":[{"count":0,"href":"https:\/\/pressactu.com\/index.php?rest_route=\/wp\/v2\/posts\/124499\/revisions"}],"wp:featuredmedia":[{"embeddable":true,"href":"https:\/\/pressactu.com\/index.php?rest_route=\/wp\/v2\/media\/124500"}],"wp:attachment":[{"href":"https:\/\/pressactu.com\/index.php?rest_route=%2Fwp%2Fv2%2Fmedia&parent=124499"}],"wp:term":[{"taxonomy":"category","embeddable":true,"href":"https:\/\/pressactu.com\/index.php?rest_route=%2Fwp%2Fv2%2Fcategories&post=124499"},{"taxonomy":"post_tag","embeddable":true,"href":"https:\/\/pressactu.com\/index.php?rest_route=%2Fwp%2Fv2%2Ftags&post=124499"},{"taxonomy":"author","embeddable":true,"href":"https:\/\/pressactu.com\/index.php?rest_route=%2Fwp%2Fv2%2Fcoauthors&post=124499"}],"curies":[{"name":"wp","href":"https:\/\/api.w.org\/{rel}","templated":true}]}}