{"id":124495,"date":"2026-03-13T15:35:40","date_gmt":"2026-03-13T15:35:40","guid":{"rendered":"https:\/\/pressactu.com\/?p=124495"},"modified":"2026-03-13T15:35:40","modified_gmt":"2026-03-13T15:35:40","slug":"guerre-au-moyen-orient-un-premier-soldat-francais-tue-en-irak","status":"publish","type":"post","link":"https:\/\/pressactu.com\/?p=124495","title":{"rendered":"Guerre au Moyen-Orient\u00a0: un premier soldat fran\u00e7ais tu\u00e9 en Irak"},"content":{"rendered":"<div auto_robot_readability=\"140.54059744703\">\n                          <!-- partials\/article\/hook_media--standard.volt --><\/p>\n<figure class=\"hook-media--standard \" auto_robot_readability=\"-22.5\">\n    <picture class=\"hook-media_picture pb-8\"><source media=\"(max-width: 768px)\" srcset=\"https:\/\/focus.nouvelobs.com\/2026\/03\/13\/0\/192\/4002\/2668\/375\/250\/75\/0\/0d3d771_upload-1-ht4fpq7er0df-000-qk4ub.jpg 1x,https:\/\/focus.nouvelobs.com\/2026\/03\/13\/0\/192\/4002\/2668\/750\/500\/50\/0\/0d3d771_upload-1-ht4fpq7er0df-000-qk4ub.jpg 2x\" width=\"375\" height=\"250\"><img fetchpriority=\"high\" decoding=\"async\" class=\"mx-auto\" src=\"data:image\/svg+xml,%3Csvg%20xmlns%3D%27http%3A%2F%2Fwww.w3.org%2F2000%2Fsvg%27%20fill%3D%22%23e4e4e4%22%20viewBox%3D%270%200%20510%20340%27%20width%3D%22510%22%20height%3D%22340%22%3E%3Cpath%20d%3D%27M0%200h510v340H0z%27%2F%3E%3C%2Fsvg%3E\" srcset=\"https:\/\/focus.nouvelobs.com\/2026\/03\/13\/0\/192\/4002\/2668\/510\/340\/75\/0\/0d3d771_upload-1-ht4fpq7er0df-000-qk4ub.jpg 1x,https:\/\/focus.nouvelobs.com\/2026\/03\/13\/0\/192\/4002\/2668\/1020\/680\/50\/0\/0d3d771_upload-1-ht4fpq7er0df-000-qk4ub.jpg 2x\" loading=\"eager\" width=\"510\" height=\"340\" data-oncrawl-image-size=\"510x340\" alt=\"Un soldat fran\u00e7ais sur une base militaire en Irak, pour apporter un soutien militaire sur place contre le groupe Etat islamique, le 13\u00a0juillet 2017.\"\/>      <\/source><\/picture><figcaption class=\"hook-media_figcaption\" auto_robot_readability=\"-20\">\n<p class=\"latino-100m text-grey-600\">\n            Un soldat fran\u00e7ais sur une base militaire en Irak, pour apporter un soutien militaire sur place contre le groupe Etat islamique, le 13\u00a0juillet 2017.\u00a0<span class=\"text-grey-600 ms-4\">FADEL SENNA\/AFP<\/span>        <\/p>\n<\/figcaption><\/figure>\n<p>            <!-- partials\/article\/actions\/toolbar --><\/p>\n<div class=\"article__share d-flex align-items-center py-24 border-bottom  mb-32\" style=\"--border-color:#D9D9D9;\">\n<div class=\"d-flex flex-wrap gap-16\" auto_robot_readability=\"5.4432989690722\">\n<p>          <!-- partials\/article\/actions\/gift.volt --><\/p>\n<p>          <!-- partials\/article\/actions\/comment.volt --><\/p>\n<p>  <button data-article-key=\"20260313.OBS113145\" aria-label=\"Lire\u00a0plus\u00a0tard\" data-section=\"Monde\" data-piano=\"Page_Article,Sous_date_publi,A_lire_plus_tard,1er_clic,action\" class=\"popover-trigger btn--tertiary btn--icon-only btn btn--small btn--secondary read-later\"><br \/>\n    <i class=\"icon  icon-read-after\" aria-hidden=\"true\"\/><br \/>\n          <span class=\"latino-300r mt-2 \"><br \/>\n        Lire\u00a0plus\u00a0tard      <\/span><br \/>\n      <\/button><\/p>\n<p><a aria-label=\"Nous suivre sur Google News\" href=\"https:\/\/news.google.com\/publications\/CAAqBwgKMJe4nQkw3dFs?hl=fr&amp;gl=FR&amp;ceid=FR%3Afr\" target=\"_blank\" data-piano=\"Page_Article,Sous_date_publi,Nous_suivre_sur_google_news,1er_clic,action\" class=\"btn btn--small btn--tertiary btn--icon-only\"><br \/>\n        <svg class=\"icon icon--google  \" style=\"--fill:#56668A\">\n              <use href=\"\/bucket\/resources\/web\/img\/e86dad2a9be111d0faac.svg#google\"\/><\/p>\n<p>  <\/svg><br \/>\n      <span class=\"latino-300r mt-2 \">Google Actualit\u00e9s<\/span><br \/>\n  <\/a><\/p>\n<p>          <!-- partials\/article\/actions\/hook_action--share.volt --><br \/>\n<button id=\"share\" aria-label=\"Partager\" class=\"popover-trigger btn btn--small btn--tertiary btn--icon-only\" data-piano=\"Page_Article,Sous_date_publi,Partager,1er_clic,action\"><br \/>\n        <svg class=\"icon icon--share-alt  \" style=\"--fill:var(--base-foreground-color,#171717)\">\n              <use href=\"\/bucket\/resources\/web\/img\/e86dad2a9be111d0faac.svg#share-alt\"\/><\/p>\n<p>  <\/svg><br \/>\n  <span class=\"latino-300r mt-2\">Partager<\/span><br \/>\n<\/button><\/p>\n<div id=\"popover-share\" data-url=\"https:\/\/www.nouvelobs.com\/monde\/20260313.OBS113145\/guerre-au-moyen-orient-un-premier-soldat-francais-tue-en-irak.html\" data-id=\"20260313.OBS113145\" data-popover-for=\"share\" class=\"popover p-32\" role=\"tooltip\" style=\"width: 375px\" auto_robot_readability=\"7\">\n<p>\n          <button onclick=\"setToFacebook();\" class=\"btn btn--large btn--secondary\" aria-label=\"Facebook\" piano-context-origin=\"Page_Article,Sous_date_publi,Partager,Facebook,action\"><br \/>\n              <svg class=\"icon icon--facebook  \" style=\"--fill:var(--base-foreground-color,#171717)\">\n              <use href=\"\/bucket\/resources\/web\/img\/e86dad2a9be111d0faac.svg#facebook\"\/><\/p>\n<p>  <\/svg><br \/>\n        <span class=\"latino-300r\">Facebook<\/span><br \/>\n      <\/button><br \/>\n      <button onclick=\"setToBsky();\" class=\"btn btn--large btn--secondary\" aria-label=\"Bluesky\" piano-context-origin=\"Page_Article,Sous_date_publi,Partager,Bluesky,action\"><br \/>\n              <svg class=\"icon icon--bluesky  \" style=\"--fill:var(--base-foreground-color,#171717)\">\n              <use href=\"\/bucket\/resources\/web\/img\/e86dad2a9be111d0faac.svg#bluesky\"\/><\/p>\n<p>  <\/svg><br \/>\n        <span class=\"latino-300r\">Bluesky<\/span><br \/>\n      <\/button><br \/>\n      <button id=\"mail-button\" onclick=\"setToMail(true)\" class=\"btn btn--large btn--secondary\" aria-label=\"Mail\" piano-context-origin=\"Page_Article,Sous_date_publi,Partager,Email,action\"><br \/>\n              <svg class=\"icon icon--mail  \" style=\"--fill:var(--base-foreground-color,#171717)\">\n              <use href=\"\/bucket\/resources\/web\/img\/e86dad2a9be111d0faac.svg#mail\"\/><\/p>\n<p>  <\/svg><br \/>\n        <span class=\"latino-300r\">E-mail<\/span><br \/>\n      <\/button><br \/>\n      <button onclick=\"setToClipboard();\" class=\"copy-button btn btn--large btn--secondary\" aria-label=\"copier le lien\" piano-context-origin=\"Page_Article,Sous_date_publi,Partager,Copier_lien,action\"><br \/>\n              <svg class=\"icon icon--link  \" style=\"--fill:var(--base-foreground-color,#171717)\">\n              <use href=\"\/bucket\/resources\/web\/img\/e86dad2a9be111d0faac.svg#link\"\/><\/p>\n<p>  <\/svg><br \/>\n        <span class=\"latino-300r\">Copier le lien<\/span><br \/>\n      <\/button>\n      <\/p>\n<p>\n    <button id=\"share-mail-submit\" type=\"submit\" form=\"mail-form\" onclick=\"__forecast.collectShareMail()\" class=\"latino-300r btn btn--large btn--black btn--fit\"><br \/>\n      Envoyer<br \/>\n    <\/button>\n  <\/p>\n<\/div>\n<p>          <!-- app\/web\/views\/partials\/article\/actions\/subscribe.volt --><\/p>\n<p>            <span data-urlencode=\"L2Fib25uZW1lbnQtbXVuaWNpcGFsZXMtMjAyNg==\" data-piano=\"Page_Article,Sous_date_publi,S_abonner_Municipales2026,1er_clic,action\" data-batch=\"clic_s_abonner\" class=\"btn btn--small btn--conversion-secondary\" style=\"--btn-color:#FFF;--btn-color-hover:#FFF;--btn-bg:#522DF7;--btn-bg-hover:#522DF7;--btn-bg-focus:#522DF7;--btn-border-color:#522DF7;\"><br \/>\n      S\u2019abonner    <\/span><\/p><\/div>\n<\/div>\n<p>            <!-- partials\/article\/contextual_blocks.volt --><\/p>\n<p>    <!-- partials\/article\/node.volt --><br \/>\n<!-- partials\/article\/node_text.volt --><\/p>\n<p class=\"node__paragraphe antonia-750r text-grey-800 pb-24 pb-md-32\">\nLa <a href=\"https:\/\/www.nouvelobs.com\/monde\/20260311.OBS113084\/la-guerre-au-moyen-orient-jusqu-ou-cinq-scenarios-possibles-de-la-chute-du-regime-a-l-enlisement.html\">guerre au Moyen-Orient<\/a> a franchi une nouvelle \u00e9tape cette nuit. Le chef de l\u2019Etat Emmanuel Macron a annonc\u00e9 vendredi 13\u00a0mars la mort d\u2019un premier militaire fran\u00e7ais, <em>\u00ab\u00a0lors d\u2019une attaque dans la r\u00e9gion d\u2019Erbil\u00a0\u00bb<\/em> <a href=\"https:\/\/www.nouvelobs.com\/monde\/20260124.OBS111781\/ces-iraniens-en-exil-qui-prennent-les-armes-ils-tiraient-sur-les-femmes-et-les-enfants-ils-etaient-sans-pitie.html\">au Kurdistan irakien<\/a>. Plusieurs militaires ont \u00e9galement \u00e9t\u00e9 bless\u00e9s par l\u2019attaque.<\/p>\n<p>            <!-- partials\/article\/node.volt --><br \/>\n<!-- partials\/article\/node_text.volt --><\/p>\n<h2 class=\"node__heading latino-800m latino-lg-1400e text-grey-800 pb-8 pb-md-16\">\n\u2022 Un soldat du 7<sup>e<\/sup> bataillon de chasseurs alpins<\/h2>\n<p>      <!-- partials\/article\/node.volt --><br \/>\n<!-- partials\/article\/node_text.volt --><\/p>\n<p class=\"node__paragraphe antonia-750r text-grey-800 pb-24 pb-md-32\">\n<em>\u00ab\u00a0L\u2019adjudant-chef Arnaud Frion du 7<sup>e<\/sup> bataillon de chasseurs alpins de Varces est mort pour la France lors d\u2019une attaque dans la r\u00e9gion d\u2019Erbil en Irak\u00a0\u00bb,<\/em> a \u00e9crit le pr\u00e9sident, confirmant que plusieurs militaires fran\u00e7ais avaient \u00e9t\u00e9 bless\u00e9s.<\/p>\n<p>      <!-- partials\/article\/node.volt --><br \/>\n<!-- partials\/article\/node_media.volt --><\/p>\n<p>      <!-- partials\/article\/node.volt --><br \/>\n<!-- partials\/article\/node_text.volt --><\/p>\n<p class=\"node__paragraphe antonia-750r text-grey-800 pb-24 pb-md-32\">\nLe sous-officier, \u00e2g\u00e9 de 42\u00a0ans, <em>\u00ab\u00a0est mort frapp\u00e9 par un drone Shahed sur la position sur laquelle il \u00e9tait\u00a0\u00bb<\/em>, a pr\u00e9cis\u00e9 \u00e0 la presse le colonel Fran\u00e7ois-Xavier de la Chesnay. Le drone Shahed est une arme de conception iranienne. <em>\u00ab\u00a0Il faisait de la formation de Kurdes\u00a0\u00bb<\/em> dans le cadre d\u2019une <em>\u00ab\u00a0mission de contre-terrorisme <\/em>[\u2026]<em>, de lutte contre Daech\u00a0\u00bb<\/em>, le groupe djihadiste Etat islamique (EI), a pr\u00e9cis\u00e9 le colonel.<\/p>\n<p>      <!-- partials\/article\/node.volt --><br \/>\n<!-- partials\/article\/node_text.volt --><\/p>\n<p class=\"node__paragraphe antonia-750r text-grey-800 pb-24 pb-md-32\">\nL\u2019adjudant-chef Frion, <em>\u00ab\u00a0c\u2019est vraiment ce que l\u2019arm\u00e9e de terre, les chasseurs alpins produisent de mieux en termes de soldats. C\u2019est vraiment un excellent soldat. C\u2019est quelqu\u2019un qui \u00e9tait ultracomp\u00e9tent\u00a0\u00bb<\/em>, avec <em>\u00ab\u00a0beaucoup d\u2019exp\u00e9rience\u00a0\u00bb<\/em> et <em>\u00ab\u00a0une dizaine d\u2019op\u00e9rations \u00e0 son actif\u00a0\u00bb<\/em>, a-t-il ajout\u00e9.<\/p>\n<p>      <!-- partials\/article\/node.volt --><br \/>\n<!-- partials\/article\/node_text.volt --><\/p>\n<p class=\"node__paragraphe antonia-750r text-grey-800 pb-24 pb-md-32\">\nIl est le premier soldat fran\u00e7ais tu\u00e9 depuis le d\u00e9but de la guerre au Moyen-Orient, d\u00e9clench\u00e9e par des frappes isra\u00e9lo-am\u00e9ricaines sur l\u2019Iran le 28\u00a0f\u00e9vrier et qui s\u2019est propag\u00e9e dans plusieurs pays de la r\u00e9gion. Sept soldats am\u00e9ricains ont trouv\u00e9 la mort au Kowe\u00eft et en Arabie saoudite, selon le commandement militaire am\u00e9ricain pour le Moyen-Orient (Centcom).<\/p>\n<p>            <!-- partials\/article\/node.volt --><br \/>\n<!-- partials\/article\/node_media.volt --><\/p>\n<p>      <!-- partials\/article\/node.volt --><br \/>\n<!-- partials\/article\/node_text.volt --><\/p>\n<p class=\"node__paragraphe antonia-750r text-grey-800 pb-24 pb-md-32\">\nL\u2019attaque visait des forces antiterroristes, selon le pr\u00e9sident fran\u00e7ais. Dans le cadre d\u2019une coalition internationale antidjihadiste dirig\u00e9e par Washington, des militaires de plusieurs pays, dont l\u2019Italie et la France, entra\u00eenent au Kurdistan irakien des membres des forces de s\u00e9curit\u00e9 kurdes. <em>\u00ab\u00a0La guerre en Iran ne saurait justifier de telles attaques\u00a0\u00bb,<\/em> a soulign\u00e9 le chef de l\u2019Etat, sans indiquer qui en \u00e9tait l\u2019auteur.<\/p>\n<p>      <!-- partials\/article\/node.volt --><br \/>\n<!-- partials\/article\/node_text.volt --><\/p>\n<h2 class=\"node__heading latino-800m latino-lg-1400e text-grey-800 pb-8 pb-md-16\">\n\u2022 Un groupe arm\u00e9 irakien pro-iranien suspect\u00e9<\/h2>\n<p>      <!-- partials\/article\/node.volt --><br \/>\n<!-- partials\/article\/node_text.volt --><\/p>\n<p class=\"node__paragraphe antonia-750r text-grey-800 pb-24 pb-md-32\">\nSans revendiquer directement d\u2019attaque, un groupe arm\u00e9 irakien et pro-iranien, Ashab al-Kahf, a annonc\u00e9 qu\u2019il s\u2019en prendrait d\u00e9sormais \u00e0 <em>\u00ab\u00a0tous les int\u00e9r\u00eats fran\u00e7ais\u00a0en Irak et dans la r\u00e9gion\u00a0\u00bb.<\/em> Une d\u00e9cision prise, explique-t-il, en r\u00e9action au d\u00e9ploiement du porte-avions \u00ab\u00a0Charles-de-Gaulle\u00a0\u00bb dans le Golfe, <em>\u00ab\u00a0dans la zone d\u2019op\u00e9rations du Commandement central am\u00e9ricain\u00a0\u00bb.<\/em><\/p>\n<p>      <!-- partials\/article\/node.volt --><br \/>\n<!-- partials\/article\/node_text.volt --><\/p>\n<p class=\"node__paragraphe antonia-750r text-grey-800 pb-24 pb-md-32\">\nLe groupe a exhort\u00e9 les forces de s\u00e9curit\u00e9 \u00e0 rester \u00e0 au moins 500\u00a0m\u00e8tres d\u2019une base \u00e0 Kirkouk (nord) o\u00f9 se trouvent, indique-t-il, des militaires fran\u00e7ais.<\/p>\n<p>      <!-- partials\/article\/node.volt --><br \/>\n<!-- partials\/article\/node_media.volt --><br \/>\n<!-- partials\/article\/node_media-image.volt \nTODO : g&eacute;rer les tailles w\/h \n--><\/p>\n<figure class=\"node__media-image  \">\n<div class=\"offcanvas-wrapper\" auto_robot_readability=\"7\">\n    <picture class=\"pb-8\"><source media=\"(min-width: 769px) and (max-width: 1024px)\" srcset=\"https:\/\/focus.nouvelobs.com\/2026\/03\/13\/0\/0\/5448\/3798\/900\/627\/75\/0\/90332ca_upload-1-qgxvvxnvb3se-sipa-01258257-000012.jpg 1x, https:\/\/focus.nouvelobs.com\/2026\/03\/13\/0\/0\/5448\/3798\/1800\/1254\/50\/0\/90332ca_upload-1-qgxvvxnvb3se-sipa-01258257-000012.jpg 2x\"\/><source media=\"(max-width: 450px)\" srcset=\"https:\/\/focus.nouvelobs.com\/2026\/03\/13\/0\/0\/5448\/3798\/450\/313\/75\/0\/90332ca_upload-1-qgxvvxnvb3se-sipa-01258257-000012.jpg 1x, https:\/\/focus.nouvelobs.com\/2026\/03\/13\/0\/0\/5448\/3798\/900\/626\/50\/0\/90332ca_upload-1-qgxvvxnvb3se-sipa-01258257-000012.jpg 2x\"\/><source media=\"(max-width: 768px)\" srcset=\"https:\/\/focus.nouvelobs.com\/2026\/03\/13\/0\/0\/5448\/3798\/768\/535\/75\/0\/90332ca_upload-1-qgxvvxnvb3se-sipa-01258257-000012.jpg 1x, https:\/\/focus.nouvelobs.com\/2026\/03\/13\/0\/0\/5448\/3798\/1536\/1070\/50\/0\/90332ca_upload-1-qgxvvxnvb3se-sipa-01258257-000012.jpg 2x\"\/><img loading=\"lazy\" decoding=\"async\" class=\"w-100\" src=\"data:image\/svg+xml,%3Csvg%20xmlns%3D%27http%3A%2F%2Fwww.w3.org%2F2000%2Fsvg%27%20fill%3D%22%23e4e4e4%22%20viewBox%3D%270%200%20630%20439%27%20width%3D%22630%22%20height%3D%22439%22%3E%3Cpath%20d%3D%27M0%200h630v439H0z%27%2F%3E%3C%2Fsvg%3E\" srcset=\"https:\/\/focus.nouvelobs.com\/2026\/03\/13\/0\/0\/5448\/3798\/630\/439\/75\/0\/90332ca_upload-1-qgxvvxnvb3se-sipa-01258257-000012.jpg 1x, https:\/\/focus.nouvelobs.com\/2026\/03\/13\/0\/0\/5448\/3798\/1260\/878\/50\/0\/90332ca_upload-1-qgxvvxnvb3se-sipa-01258257-000012.jpg 2x\" alt=\"Emmanuel Macron s\u2019est rendu sur le \u00ab\u00a0Charles-de-Gaulle\u00a0\u00bb, le porte-avions fran\u00e7ais d\u00e9ploy\u00e9 en M\u00e9diterran\u00e9e.\" width=\"630\" height=\"439\" loading=\"lazy\"\/>\n    <\/picture><figcaption class=\"node__media-image-caption d-block mb-16\" auto_robot_readability=\"-21\">\n<p class=\"latino-100m text-grey-600\">\n        Emmanuel Macron s\u2019est rendu sur le \u00ab\u00a0Charles-de-Gaulle\u00a0\u00bb, le porte-avions fran\u00e7ais d\u00e9ploy\u00e9 en M\u00e9diterran\u00e9e.                  <span class=\"ms-4\">GONZALO FUENTES-POOL\/SIPA<\/span>\n              <\/p>\n<\/figcaption><\/div>\n<\/figure>\n<p>      <!-- partials\/article\/node.volt --><br \/>\n<!-- partials\/article\/node_text.volt --><\/p>\n<h2 class=\"node__heading latino-800m latino-lg-1400e text-grey-800 pb-8 pb-md-16\">\n\u2022 Plusieurs soldats bless\u00e9s<\/h2>\n<p>      <!-- partials\/article\/node.volt --><br \/>\n<!-- partials\/article\/node_text.volt --><\/p>\n<p class=\"node__paragraphe antonia-750r text-grey-800 pb-24 pb-md-32\">\nL\u2019\u00e9tat-major fran\u00e7ais des arm\u00e9es avait auparavant inform\u00e9 l\u2019AFP jeudi que plusieurs soldats fran\u00e7ais avaient \u00e9t\u00e9 bless\u00e9s dans <em>\u00ab\u00a0une attaque de drones dans la r\u00e9gion d\u2019Erbil\u00a0\u00bb.<\/em><\/p>\n<p>      <!-- partials\/article\/node.volt --><br \/>\n<!-- partials\/article\/node_text.volt --><\/p>\n<p class=\"node__paragraphe antonia-750r text-grey-800 pb-24 pb-md-32\">\nSelon le minist\u00e8re des Arm\u00e9es, sept soldats ont \u00e9t\u00e9 bless\u00e9s dans une <em>\u00ab\u00a0attaque de drone\u00a0\u00bb<\/em> jeudi soir et l\u2019adjudant-chef Arnaud Frion <em>\u00ab\u00a0malgr\u00e9 une prise en charge rapide par les \u00e9quipes m\u00e9dicales pr\u00e9sentes, a succomb\u00e9 \u00e0 ses blessures\u00a0\u00bb<\/em>. Il \u00e9tait d\u00e9ploy\u00e9 en Irak depuis fin janvier. Les six bless\u00e9s sont <em>\u00ab\u00a0toujours \u00e0 l\u2019h\u00f4pital. Leur rapatriement en France se met en place\u00a0\u00bb<\/em>, a-t-il ajout\u00e9.<\/p>\n<p>            <!-- partials\/article\/node.volt --><br \/>\n<!-- partials\/article\/node_media.volt --><\/p>\n<p>      <!-- partials\/article\/node.volt --><br \/>\n<!-- partials\/article\/node_text.volt --><\/p>\n<p class=\"node__paragraphe antonia-750r text-grey-800 pb-24 pb-md-32\">\nSelon l\u2019\u00e9tat-major des arm\u00e9es, ces militaires bless\u00e9s \u00e9taient <em>\u00ab\u00a0engag\u00e9s dans des actions de formation \u00e0 la lutte contre le terrorisme aupr\u00e8s de partenaires irakiens\u00a0\u00bb.<\/em><\/p>\n<p>      <!-- partials\/article\/node.volt --><br \/>\n<!-- partials\/article\/node_text.volt --><\/p>\n<p class=\"node__paragraphe antonia-750r text-grey-800 pb-24 pb-md-32\">\nLe gouvernement d\u2019Erbil avait indiqu\u00e9 que la frappe ayant bless\u00e9 ces soldats impliquait deux drones et avait eu lieu sur une base situ\u00e9e \u00e0 Mala Qara situ\u00e9e \u00e0 une quarantaine de kilom\u00e8tres au sud-ouest d\u2019Erbil.<\/p>\n<p>      <!-- partials\/article\/node.volt --><br \/>\n<!-- partials\/article\/node_text.volt --><\/p>\n<h2 class=\"node__heading latino-800m latino-lg-1400e text-grey-800 pb-8 pb-md-16\">\n\u2022 \u00ab\u00a0Nous ne sommes pas engag\u00e9s en guerre\u00a0\u00bb, r\u00e9p\u00e8te Macron<\/h2>\n<p>      <!-- partials\/article\/node.volt --><br \/>\n<!-- partials\/article\/node_text.volt --><\/p>\n<p class=\"node__paragraphe antonia-750r text-grey-800 pb-24 pb-md-32\">\nUn peu plus tard dans la journ\u00e9e, Emmanuel Macron a r\u00e9affirm\u00e9 que <em>\u00ab\u00a0la position de la France est purement d\u00e9fensive\u00a0\u00bb<\/em> face \u00e0 la guerre au Moyen-Orient et <em>\u00ab\u00a0ne saurait justifier, jamais, qu\u2019on s\u2019en prenne \u00e0 elle\u00a0\u00bb<\/em>. Le chef d\u2019Etat a jug\u00e9 <em>\u00ab\u00a0inacceptable\u00a0\u00bb<\/em> que des soldats fran\u00e7ais aient \u00e9t\u00e9 frapp\u00e9s alors qu\u2019ils <em>\u00ab\u00a0luttaient dans le cadre d\u2019une coalition internationale contre les r\u00e9surgences du terrorisme dans la r\u00e9gion et au service de la souverainet\u00e9 irakienne\u00a0\u00bb<\/em>.<\/p>\n<p>      <!-- partials\/article\/node.volt --><br \/>\n<!-- partials\/article\/node_text.volt --><\/p>\n<p class=\"node__paragraphe antonia-750r text-grey-800 pb-24 pb-md-32\">\nInterrog\u00e9 lors d\u2019une conf\u00e9rence de presse, le chef de l\u2019Etat a refus\u00e9 d\u2019\u00e9laborer toute <em>\u00ab\u00a0forme de sc\u00e9nario\u00a0\u00bb<\/em> ou d\u2019entrer dans une <em>\u00ab\u00a0politique-fiction sur ce sujet\u00a0\u00bb<\/em>. <em>\u00ab\u00a0Nous ne sommes pas engag\u00e9s en guerre contre qui que ce soit\u00a0\u00bb<\/em>, a dit le pr\u00e9sident fran\u00e7ais. <em>\u00ab\u00a0La France continuera \u00e0 faire preuve de sang-froid, de calme, de d\u00e9termination, d\u2019\u00eatre fiable vis-\u00e0-vis de nos partenaires, de prot\u00e9ger nos ressortissants et de d\u00e9fendre nos int\u00e9r\u00eats et notre s\u00e9curit\u00e9\u00a0\u00bb<\/em>, a-t-il encore assur\u00e9.<\/p>\n<p>      <!-- partials\/article\/node.volt --><br \/>\n<!-- partials\/article\/node_text.volt --><\/p>\n<h2 class=\"node__heading latino-800m latino-lg-1400e text-grey-800 pb-8 pb-md-16\">\n\u2022 La France, un \u00ab\u00a0r\u00f4le d\u00e9cisif\u00a0\u00bb dans la guerre<\/h2>\n<p>      <!-- partials\/article\/node.volt --><br \/>\n<!-- partials\/article\/node_text.volt --><\/p>\n<p class=\"node__paragraphe antonia-750r text-grey-800 pb-24 pb-md-32\">\nDepuis le d\u00e9but de la guerre au Moyen-Orient, la r\u00e9gion autonome du Kurdistan irakien et Erbil ont essuy\u00e9 de multiples attaques imput\u00e9es \u00e0 des factions pro-iraniennes et pour la plupart neutralis\u00e9e par la d\u00e9fense antia\u00e9rienne.<\/p>\n<p>      <!-- partials\/article\/node.volt --><br \/>\n<!-- partials\/article\/node_media.volt --><\/p>\n<p>      <!-- partials\/article\/node.volt --><br \/>\n<!-- partials\/article\/node_text.volt --><\/p>\n<p class=\"node__paragraphe antonia-750r text-grey-800 pb-24 pb-md-32\">\nEmmanuel Macron a mis en avant derni\u00e8rement le <em>\u00ab\u00a0r\u00f4le d\u00e9cisif\u00a0\u00bb<\/em> de la France dans la guerre. Paris a d\u00e9p\u00each\u00e9 pour cela un important dispositif a\u00e9ronaval autour du porte-avions \u00ab\u00a0Charles-de-Gaulle\u00a0\u00bb en M\u00e9diterran\u00e9e orientale. Ce dispositif est, selon le chef d\u2019Etat, appel\u00e9 \u00e0 mobiliser huit fr\u00e9gates et deux porte-h\u00e9licopt\u00e8res amphibies dans une vaste zone incluant \u00e9galement la mer Rouge et le <a href=\"https:\/\/www.nouvelobs.com\/monde\/20260311.OBS113103\/l-iran-va-t-il-miner-le-detroit-d-ormuz-cette-menace-previsible-qui-demontre-l-improvisation-de-trump.html\">d\u00e9troit d\u2019Ormuz<\/a> dans le Golfe. Emmanuel Macron s\u2019efforce aussi de peser sur <a href=\"https:\/\/www.nouvelobs.com\/monde\/20260306.OBS112938\/il-y-avait-tant-d-espoir-au-liban-et-tout-s-est-fracasse-avec-cette-guerre-raconte-rima-abdul-malak-depuis-beyrouth.html\">la situation au Liban<\/a> o\u00f9 la guerre s\u2019est \u00e9tendue \u00e0 la suite de frappes contre Isra\u00ebl du Hezbollah pro-iranien.<\/p>\n<div class=\"article__author pb-32\" auto_robot_readability=\"32\">\n    <!-- app\/web\/views\/partials\/article\/authors.volt --><\/p>\n<p class=\"authors latino-600m text-grey-800\">\n<p>  <span>Par\u00a0<\/span><br \/>\nService Actu\u00a0(avec AFP)<\/p>\n<\/p><\/div>\n<\/p><\/div>\n<p><a href=\"https:\/\/www.nouvelobs.com\/monde\/20260313.OBS113145\/guerre-au-moyen-orient-un-premier-soldat-francais-tue-en-irak.html\">source<\/a><\/p>\n","protected":false},"excerpt":{"rendered":"<p>Un soldat fran\u00e7ais sur une base militaire en Irak, pour apporter un soutien militaire sur place contre le groupe Etat islamique, le 13\u00a0juillet 2017.\u00a0FADEL SENNA\/AFP Lire\u00a0plus\u00a0tard Google Actualit\u00e9s Partager Facebook Bluesky E-mail Copier le lien Envoyer S\u2019abonner La guerre au Moyen-Orient a franchi une nouvelle \u00e9tape cette nuit. Le chef de l\u2019Etat Emmanuel Macron a [&hellip;]<\/p>\n","protected":false},"author":1,"featured_media":124496,"comment_status":"open","ping_status":"open","sticky":false,"template":"","format":"standard","meta":{"_monsterinsights_skip_tracking":false,"_monsterinsights_sitenote_active":false,"_monsterinsights_sitenote_note":"","_monsterinsights_sitenote_category":0,"footnotes":""},"categories":[75],"tags":[],"coauthors":[77],"class_list":["post-124495","post","type-post","status-publish","format-standard","has-post-thumbnail","hentry","category-monde"],"aioseo_notices":[],"_links":{"self":[{"href":"https:\/\/pressactu.com\/index.php?rest_route=\/wp\/v2\/posts\/124495","targetHints":{"allow":["GET"]}}],"collection":[{"href":"https:\/\/pressactu.com\/index.php?rest_route=\/wp\/v2\/posts"}],"about":[{"href":"https:\/\/pressactu.com\/index.php?rest_route=\/wp\/v2\/types\/post"}],"author":[{"embeddable":true,"href":"https:\/\/pressactu.com\/index.php?rest_route=\/wp\/v2\/users\/1"}],"replies":[{"embeddable":true,"href":"https:\/\/pressactu.com\/index.php?rest_route=%2Fwp%2Fv2%2Fcomments&post=124495"}],"version-history":[{"count":0,"href":"https:\/\/pressactu.com\/index.php?rest_route=\/wp\/v2\/posts\/124495\/revisions"}],"wp:featuredmedia":[{"embeddable":true,"href":"https:\/\/pressactu.com\/index.php?rest_route=\/wp\/v2\/media\/124496"}],"wp:attachment":[{"href":"https:\/\/pressactu.com\/index.php?rest_route=%2Fwp%2Fv2%2Fmedia&parent=124495"}],"wp:term":[{"taxonomy":"category","embeddable":true,"href":"https:\/\/pressactu.com\/index.php?rest_route=%2Fwp%2Fv2%2Fcategories&post=124495"},{"taxonomy":"post_tag","embeddable":true,"href":"https:\/\/pressactu.com\/index.php?rest_route=%2Fwp%2Fv2%2Ftags&post=124495"},{"taxonomy":"author","embeddable":true,"href":"https:\/\/pressactu.com\/index.php?rest_route=%2Fwp%2Fv2%2Fcoauthors&post=124495"}],"curies":[{"name":"wp","href":"https:\/\/api.w.org\/{rel}","templated":true}]}}