{"id":124489,"date":"2026-03-13T14:20:11","date_gmt":"2026-03-13T14:20:11","guid":{"rendered":"https:\/\/pressactu.com\/?p=124489"},"modified":"2026-03-13T14:20:11","modified_gmt":"2026-03-13T14:20:11","slug":"municipale-2026-a-deux-jours-des-elections-a-foix-que-faut-il-savoir-sur-les-trois-pretendants-a-la-mairie","status":"publish","type":"post","link":"https:\/\/pressactu.com\/?p=124489","title":{"rendered":"Municipale 2026\u00a0: \u00e0 deux jours des \u00e9lections \u00e0 Foix, que faut-il savoir sur les trois pr\u00e9tendants \u00e0 la mairie\u00a0?"},"content":{"rendered":"<p>\n                                                                    <span class=\"article-full__chapo-label hide-on-small-only\">l&#8217;essentiel<\/span><br \/>\n                                                                \u00c0 Foix, la campagne a \u00e9t\u00e9 muscl\u00e9e pour l\u2019\u00e9lection du prochain maire de la ville. Chaque candidat a lanc\u00e9 il y a maintenant quelques mois leurs campagnes. Pour les retardataires, voici tout ce qu\u2019il faut savoir avant le premier tour des municipales dans la capitale ari\u00e9geoise.\n                            <\/p>\n<div rel=\"js-article-content\" data-state=\"fixed-height\" data-selection=\"disabled\">\n                                                                                                                                                                                                                                <!-- Pub DFP Position [outstream] --><\/p>\n<p>C\u2019est la derni\u00e8re ligne droite pour les trois candidats dans la capitale ari\u00e9geoise. Les trois listes ont men\u00e9 une campagne \u00e9lectorale\u00a0intense, dans\u00a0un but commun\u00a0: une ville meilleure.<\/p>\n<p><!-- Pub DFP Position [article] --><\/p>\n<p>Qui sont-ils\u00a0? Que proposent-ils\u00a0? O\u00f9 aller voter\u00a0? Et m\u00eame comment voter\u00a0? Tout savoir sur l\u2019\u00e9dition 2026 des \u00e9lections municipales \u00e0 Foix.<\/p>\n<p><iframe width=\"600\" height=\"450\" style=\"border:0;\" allowfullscreen=\"\" loading=\"lazy\" referrerpolicy=\"no-referrer-when-downgrade\" data-src=\"https:\/\/www.google.com\/maps\/embed?pb=!1m18!1m12!1m3!1d71159.930429752!2d1.526550897433989!3d42.970231209908846!2m3!1f0!2f0!3f0!3m2!1i1024!2i768!4f13.1!3m3!1m2!1s0x12af10d80e92f7d1%3A0x406f69c2f435c30!2s09000%20Foix!5e1!3m2!1sfr!2sfr!4v1773322875018!5m2!1sfr!2sfr\"><\/iframe><\/p>\n<h2 class=\"txt-int\">&#8220;Foix cap 2032&#8221;<\/h2>\n<p>La maire sortante, Marine Bordes, se repr\u00e9sente avec la liste &#8220;Foix cap 2032&#8221;, rassemblant socialistes et \u00e9cologistes. Forte d\u2019un premier mandat r\u00e9alis\u00e9 \u00e0 partir du 3\u00a0octobre 2023, suite \u00e0 la d\u00e9mission de Norbert Meler qui avait \u00e9t\u00e9 \u00e9lu \u00e0 la majorit\u00e9 absolue en 2020. Depuis, celle qui est la premi\u00e8re femme \u00e0 la t\u00eate de la mairie de Foix d\u00e9tient les cl\u00e9s de la ville et ne compte pas les c\u00e9der.<\/p>\n<p>Un des points phares de son programme est la construction d\u2019un centre pluriprofessionnel\u00a0: &#8220;Mettre en place une plus grande maison de sant\u00e9 pluridisciplinaire et des cabinets satellites. L\u2019id\u00e9e serait d\u2019aller vers des consultations avanc\u00e9es, dans les quartiers ou dans les villages de l\u2019agglom\u00e9ration, car cela sera n\u00e9cessaire.&#8221;<\/p>\n<p class=\"std-elt__inline\">\n        <strong>\u00c0 lire aussi :<\/strong><br \/>\n        <a href=\"\/2026\/02\/24\/marine-bordes-presente-ses-projets-dans-les-quartiers-13241789.php\">Marine Bordes pr\u00e9sente ses projets dans les quartiers<\/a>\n    <\/p>\n<p>Au niveau de la s\u00e9curit\u00e9, le programme pr\u00e9voit \u00e9galement d\u2019augmenter les effectifs de la police municipale et de renforcer leurs \u00e9quipements. Enfin, pour le centre-ville, la candidate pr\u00e9voit de poursuivre les travaux de r\u00e9novation afin de maintenir le dynamisme commercial et de repenser la chauss\u00e9e, notamment des all\u00e9es de Villote, dans le but de favoriser le d\u00e9veloppement des mobilit\u00e9s dites douces et de fluidifier le trafic.<\/p>\n<h2 class=\"txt-int\">&#8220;Foix en Commun. e&#8221;<\/h2>\n<p>Du c\u00f4t\u00e9 de ses concurrents, on retrouve Alexandre Besson, t\u00eate de liste de &#8220;Foix en Commun. e&#8221;. La liste entame une nouvelle candidature apr\u00e8s 2020.<\/p>\n<p>Un point important de leur programme est la r\u00e9cup\u00e9ration et la r\u00e9appropriation des friches commerciales\u00a0: &#8220;Le Intermarch\u00e9 et le Lidl seraient id\u00e9als pour en faire des centres de traitement de contenant de vrac.&#8221; Un syst\u00e8me bas\u00e9 sur le lavage des bocaux alimentaires pour les r\u00e9utiliser.<\/p>\n<p class=\"std-elt__inline\">\n        <strong>\u00c0 lire aussi :<\/strong><br \/>\n        <a href=\"\/2026\/02\/23\/foix-en-commune-presente-sa-liste-officielle-et-son-programme-13240244.php\">Municipales 2026\u00a0: Foix en commun.e pr\u00e9sente sa liste officielle et son programme<\/a>\n    <\/p>\n<p>Pour ce qui est de l\u2019environnement, la liste &#8220;Foix en Commun. e&#8221; voit la chose de mani\u00e8re transversale\u00a0: &#8220;On l\u2019int\u00e8gre dans l\u2019ensemble des politiques publiques locales&#8221;, rappelle-t-il en pr\u00e9cisant que des mesures seront prises sur la r\u00e9habilitation des b\u00e2timents ainsi que sur la cr\u00e9ation d\u2019espaces verts et des \u00eelots de fra\u00eecheur. De plus le candidat \u00e0 la mairie compte adopter une approche totalement diff\u00e9rente de ses concurrents sur la s\u00e9curit\u00e9, notamment en &#8220;supprimant\u00a0les cam\u00e9ras de vid\u00e9o surveillance dans la ville&#8221;.<\/p>\n<h2 class=\"txt-int\">&#8220;L\u2019autre choix pour Foix&#8221;<\/h2>\n<p>Le troisi\u00e8me candidat dans la capitale ari\u00e9geoise est J\u00e9r\u00f4me Mat\u00e9os. Il est la t\u00eate de liste de &#8220;L\u2019autre choix pour Foix&#8221;. \u00c9lu municipal sous Marine Bordes, il se lance dans l\u2019aventure avec de l\u2019ambition et des convictions. Le candidat reste un amoureux de sa ville et souhaite instaurer des id\u00e9es nouvelles.<\/p>\n<p>J\u00e9r\u00f4me Mat\u00e9os met d\u2019ailleurs l\u2019accent sur la s\u00e9curit\u00e9\u00a0: &#8220;Je veux doubler les effectifs de police et rajouter des cam\u00e9ras dans la ville.&#8221; Une politique s\u00e9curitaire assum\u00e9e pour le candidat souhaitant une ville sans incivilit\u00e9 et plus propre.<\/p>\n<p class=\"std-elt__inline\">\n        <strong>\u00c0 lire aussi :<\/strong><br \/>\n        <a href=\"\/2026\/02\/24\/jerome-mateos-devoile-sa-liste-pour-les-municipales-13241788.php\">J\u00e9r\u00f4me Mat\u00e9os d\u00e9voile sa liste pour les municipales<\/a>\n    <\/p>\n<p>Autre proposition essentielle de son programme, la cr\u00e9ation d\u2019un parking dans Foix. &#8220;Il faut une bonne fois pour toutes s\u2019occuper du sujet du stationnement en augmentant le plus possible le nombre de places \u00e0 la Vigne.&#8221; Ce projet est primordial pour lui, \u00e0 tel point qu\u2019il affirme vouloir le faire s\u2019il ne pouvait mettre en place qu\u2019une seule de ses propositions.<\/p>\n<div class=\"std-frame\">\n<h2 class=\"encart_titre\">Information essentielle<\/h2>\n<div class=\"encart_texte\">\n<p>Dimanche, chaque citoyen de Foix devra se rendre aux urnes. La ville poss\u00e8de neuf bureaux de vote r\u00e9partis dans deux lieux diff\u00e9rents\u00a0: \u00e0 la mairie et \u00e0 l\u2019\u00e9cole Parmentier. Celles-ci ouvriront d\u00e8s 8\u00a0h pour une fermeture \u00e0 18\u00a0h. Pour pouvoir voter, il faut se munir de sa carte \u00e9lectorale ainsi que d\u2019un document d\u2019identit\u00e9 \u00e0 jour (carte d\u2019identit\u00e9, passeport\u2026).<\/p>\n<\/div>\n<\/div><\/div>\n<p><a href=\"https:\/\/www.ladepeche.fr\/2026\/03\/13\/municipale-2026-a-deux-jours-des-elections-a-foix-que-faut-il-savoir-sur-les-trois-pretendants-a-la-mairie-13266480.php\">source<\/a><\/p>\n","protected":false},"excerpt":{"rendered":"<p>l&#8217;essentiel \u00c0 Foix, la campagne a \u00e9t\u00e9 muscl\u00e9e pour l\u2019\u00e9lection du prochain maire de la ville. Chaque candidat a lanc\u00e9 il y a maintenant quelques mois leurs campagnes. Pour les retardataires, voici tout ce qu\u2019il faut savoir avant le premier tour des municipales dans la capitale ari\u00e9geoise. C\u2019est la derni\u00e8re ligne droite pour les trois [&hellip;]<\/p>\n","protected":false},"author":1,"featured_media":124490,"comment_status":"open","ping_status":"open","sticky":false,"template":"","format":"standard","meta":{"_monsterinsights_skip_tracking":false,"_monsterinsights_sitenote_active":false,"_monsterinsights_sitenote_note":"","_monsterinsights_sitenote_category":0,"footnotes":""},"categories":[74],"tags":[],"coauthors":[77],"class_list":["post-124489","post","type-post","status-publish","format-standard","has-post-thumbnail","hentry","category-economie"],"aioseo_notices":[],"_links":{"self":[{"href":"https:\/\/pressactu.com\/index.php?rest_route=\/wp\/v2\/posts\/124489","targetHints":{"allow":["GET"]}}],"collection":[{"href":"https:\/\/pressactu.com\/index.php?rest_route=\/wp\/v2\/posts"}],"about":[{"href":"https:\/\/pressactu.com\/index.php?rest_route=\/wp\/v2\/types\/post"}],"author":[{"embeddable":true,"href":"https:\/\/pressactu.com\/index.php?rest_route=\/wp\/v2\/users\/1"}],"replies":[{"embeddable":true,"href":"https:\/\/pressactu.com\/index.php?rest_route=%2Fwp%2Fv2%2Fcomments&post=124489"}],"version-history":[{"count":0,"href":"https:\/\/pressactu.com\/index.php?rest_route=\/wp\/v2\/posts\/124489\/revisions"}],"wp:featuredmedia":[{"embeddable":true,"href":"https:\/\/pressactu.com\/index.php?rest_route=\/wp\/v2\/media\/124490"}],"wp:attachment":[{"href":"https:\/\/pressactu.com\/index.php?rest_route=%2Fwp%2Fv2%2Fmedia&parent=124489"}],"wp:term":[{"taxonomy":"category","embeddable":true,"href":"https:\/\/pressactu.com\/index.php?rest_route=%2Fwp%2Fv2%2Fcategories&post=124489"},{"taxonomy":"post_tag","embeddable":true,"href":"https:\/\/pressactu.com\/index.php?rest_route=%2Fwp%2Fv2%2Ftags&post=124489"},{"taxonomy":"author","embeddable":true,"href":"https:\/\/pressactu.com\/index.php?rest_route=%2Fwp%2Fv2%2Fcoauthors&post=124489"}],"curies":[{"name":"wp","href":"https:\/\/api.w.org\/{rel}","templated":true}]}}