{"id":124487,"date":"2026-03-13T13:55:01","date_gmt":"2026-03-13T13:55:01","guid":{"rendered":"https:\/\/pressactu.com\/?p=124487"},"modified":"2026-03-13T13:55:01","modified_gmt":"2026-03-13T13:55:01","slug":"humanitaire-francaise-tuee-en-rdc-ce-que-lon-sait","status":"publish","type":"post","link":"https:\/\/pressactu.com\/?p=124487","title":{"rendered":"Humanitaire fran\u00e7aise tu\u00e9e en RDC\u00a0: ce que l\u2019on sait"},"content":{"rendered":"<div auto_robot_readability=\"112.72466335932\">\n                          <!-- partials\/article\/hook_media--standard.volt --><\/p>\n<figure class=\"hook-media--standard \" auto_robot_readability=\"-21.5\">\n    <picture class=\"hook-media_picture pb-8\"><source media=\"(max-width: 768px)\" srcset=\"https:\/\/focus.nouvelobs.com\/2026\/03\/13\/0\/0\/6720\/4480\/375\/250\/75\/0\/1628632_upload-1-ch1ydx5cmzre-000-a2t22ur.jpg 1x,https:\/\/focus.nouvelobs.com\/2026\/03\/13\/0\/0\/6720\/4480\/750\/500\/50\/0\/1628632_upload-1-ch1ydx5cmzre-000-a2t22ur.jpg 2x\" width=\"375\" height=\"250\"><img fetchpriority=\"high\" decoding=\"async\" class=\"mx-auto\" src=\"data:image\/svg+xml,%3Csvg%20xmlns%3D%27http%3A%2F%2Fwww.w3.org%2F2000%2Fsvg%27%20fill%3D%22%23e4e4e4%22%20viewBox%3D%270%200%20510%20340%27%20width%3D%22510%22%20height%3D%22340%22%3E%3Cpath%20d%3D%27M0%200h510v340H0z%27%2F%3E%3C%2Fsvg%3E\" srcset=\"https:\/\/focus.nouvelobs.com\/2026\/03\/13\/0\/0\/6720\/4480\/510\/340\/75\/0\/1628632_upload-1-ch1ydx5cmzre-000-a2t22ur.jpg 1x,https:\/\/focus.nouvelobs.com\/2026\/03\/13\/0\/0\/6720\/4480\/1020\/680\/50\/0\/1628632_upload-1-ch1ydx5cmzre-000-a2t22ur.jpg 2x\" loading=\"eager\" width=\"510\" height=\"340\" data-oncrawl-image-size=\"510x340\" alt=\"Des soldats de la Mission de l\u2019Organisation des Nations unies pour la stabilisation en R\u00e9publique d\u00e9mocratique du Congo (Monusco), pr\u00e8s de la maison vis\u00e9e par l\u2019attaque, \u00e0 Goma, le 11\u00a0mars 2026.\"\/>      <\/source><\/picture><figcaption class=\"hook-media_figcaption\" auto_robot_readability=\"-18\">\n<p class=\"latino-100m text-grey-600\">\n            Des soldats de la Mission de l\u2019Organisation des Nations unies pour la stabilisation en R\u00e9publique d\u00e9mocratique du Congo (Monusco), pr\u00e8s de la maison vis\u00e9e par l\u2019attaque, \u00e0 Goma, le 11\u00a0mars 2026.\u00a0<span class=\"text-grey-600 ms-4\">JOSPIN MWISHA\/AFP<\/span>        <\/p>\n<\/figcaption><\/figure>\n<p>            <!-- partials\/article\/actions\/toolbar --><\/p>\n<div class=\"article__share d-flex align-items-center py-24 border-bottom  mb-32\" style=\"--border-color:#D9D9D9;\">\n<div class=\"d-flex flex-wrap gap-16\" auto_robot_readability=\"5.4432989690722\">\n<p>          <!-- partials\/article\/actions\/gift.volt --><\/p>\n<p>          <!-- partials\/article\/actions\/comment.volt --><\/p>\n<p>  <button data-article-key=\"20260313.OBS113150\" aria-label=\"Lire\u00a0plus\u00a0tard\" data-section=\"Monde\" data-piano=\"Page_Article,Sous_date_publi,A_lire_plus_tard,1er_clic,action\" class=\"popover-trigger btn--tertiary btn--icon-only btn btn--small btn--secondary read-later\"><br \/>\n    <i class=\"icon  icon-read-after\" aria-hidden=\"true\"\/><br \/>\n          <span class=\"latino-300r mt-2 \"><br \/>\n        Lire\u00a0plus\u00a0tard      <\/span><br \/>\n      <\/button><\/p>\n<p><a aria-label=\"Nous suivre sur Google News\" href=\"https:\/\/news.google.com\/publications\/CAAqBwgKMJe4nQkw3dFs?hl=fr&amp;gl=FR&amp;ceid=FR%3Afr\" target=\"_blank\" data-piano=\"Page_Article,Sous_date_publi,Nous_suivre_sur_google_news,1er_clic,action\" class=\"btn btn--small btn--tertiary btn--icon-only\"><br \/>\n        <svg class=\"icon icon--google  \" style=\"--fill:#56668A\">\n              <use href=\"\/bucket\/resources\/web\/img\/e86dad2a9be111d0faac.svg#google\"\/><\/p>\n<p>  <\/svg><br \/>\n      <span class=\"latino-300r mt-2 \">Google Actualit\u00e9s<\/span><br \/>\n  <\/a><\/p>\n<p>          <!-- partials\/article\/actions\/hook_action--share.volt --><br \/>\n<button id=\"share\" aria-label=\"Partager\" class=\"popover-trigger btn btn--small btn--tertiary btn--icon-only\" data-piano=\"Page_Article,Sous_date_publi,Partager,1er_clic,action\"><br \/>\n        <svg class=\"icon icon--share-alt  \" style=\"--fill:var(--base-foreground-color,#171717)\">\n              <use href=\"\/bucket\/resources\/web\/img\/e86dad2a9be111d0faac.svg#share-alt\"\/><\/p>\n<p>  <\/svg><br \/>\n  <span class=\"latino-300r mt-2\">Partager<\/span><br \/>\n<\/button><\/p>\n<div id=\"popover-share\" data-url=\"https:\/\/www.nouvelobs.com\/monde\/20260313.OBS113150\/humanitaire-francaise-tuee-en-rdc-ce-que-l-on-sait.html\" data-id=\"20260313.OBS113150\" data-popover-for=\"share\" class=\"popover p-32\" role=\"tooltip\" style=\"width: 375px\" auto_robot_readability=\"7\">\n<p>\n          <button onclick=\"setToFacebook();\" class=\"btn btn--large btn--secondary\" aria-label=\"Facebook\" piano-context-origin=\"Page_Article,Sous_date_publi,Partager,Facebook,action\"><br \/>\n              <svg class=\"icon icon--facebook  \" style=\"--fill:var(--base-foreground-color,#171717)\">\n              <use href=\"\/bucket\/resources\/web\/img\/e86dad2a9be111d0faac.svg#facebook\"\/><\/p>\n<p>  <\/svg><br \/>\n        <span class=\"latino-300r\">Facebook<\/span><br \/>\n      <\/button><br \/>\n      <button onclick=\"setToBsky();\" class=\"btn btn--large btn--secondary\" aria-label=\"Bluesky\" piano-context-origin=\"Page_Article,Sous_date_publi,Partager,Bluesky,action\"><br \/>\n              <svg class=\"icon icon--bluesky  \" style=\"--fill:var(--base-foreground-color,#171717)\">\n              <use href=\"\/bucket\/resources\/web\/img\/e86dad2a9be111d0faac.svg#bluesky\"\/><\/p>\n<p>  <\/svg><br \/>\n        <span class=\"latino-300r\">Bluesky<\/span><br \/>\n      <\/button><br \/>\n      <button id=\"mail-button\" onclick=\"setToMail(true)\" class=\"btn btn--large btn--secondary\" aria-label=\"Mail\" piano-context-origin=\"Page_Article,Sous_date_publi,Partager,Email,action\"><br \/>\n              <svg class=\"icon icon--mail  \" style=\"--fill:var(--base-foreground-color,#171717)\">\n              <use href=\"\/bucket\/resources\/web\/img\/e86dad2a9be111d0faac.svg#mail\"\/><\/p>\n<p>  <\/svg><br \/>\n        <span class=\"latino-300r\">E-mail<\/span><br \/>\n      <\/button><br \/>\n      <button onclick=\"setToClipboard();\" class=\"copy-button btn btn--large btn--secondary\" aria-label=\"copier le lien\" piano-context-origin=\"Page_Article,Sous_date_publi,Partager,Copier_lien,action\"><br \/>\n              <svg class=\"icon icon--link  \" style=\"--fill:var(--base-foreground-color,#171717)\">\n              <use href=\"\/bucket\/resources\/web\/img\/e86dad2a9be111d0faac.svg#link\"\/><\/p>\n<p>  <\/svg><br \/>\n        <span class=\"latino-300r\">Copier le lien<\/span><br \/>\n      <\/button>\n      <\/p>\n<p>\n    <button id=\"share-mail-submit\" type=\"submit\" form=\"mail-form\" onclick=\"__forecast.collectShareMail()\" class=\"latino-300r btn btn--large btn--black btn--fit\"><br \/>\n      Envoyer<br \/>\n    <\/button>\n  <\/p>\n<\/div>\n<p>          <!-- app\/web\/views\/partials\/article\/actions\/subscribe.volt --><\/p>\n<p>            <span data-urlencode=\"L2Fib25uZW1lbnQtbXVuaWNpcGFsZXMtMjAyNg==\" data-piano=\"Page_Article,Sous_date_publi,S_abonner_Municipales2026,1er_clic,action\" data-batch=\"clic_s_abonner\" class=\"btn btn--small btn--conversion-secondary\" style=\"--btn-color:#FFF;--btn-color-hover:#FFF;--btn-bg:#522DF7;--btn-bg-hover:#522DF7;--btn-bg-focus:#522DF7;--btn-border-color:#522DF7;\"><br \/>\n      S\u2019abonner    <\/span><\/p><\/div>\n<\/div>\n<p>            <!-- partials\/article\/contextual_blocks.volt --><\/p>\n<p>    <!-- partials\/article\/node.volt --><br \/>\n<!-- partials\/article\/node_text.volt --><\/p>\n<p class=\"node__paragraphe antonia-750r text-grey-800 pb-24 pb-md-32\">\nUne enqu\u00eate <em>\u00ab\u00a0de flagrance contre X du chef de meurtre constitutif de crime de guerre\u00a0\u00bb<\/em> a \u00e9t\u00e9 ouverte apr\u00e8s la mort d\u2019une humanitaire fran\u00e7aise mercredi en <a href=\"https:\/\/www.nouvelobs.com\/monde\/20251210.OBS110542\/poursuite-des-bombardements-la-ville-d-uvira-prise-par-le-m23-le-burundi-ferme-sa-frontiere-quelle-est-situation-entre-la-rdc-et-le-rwanda.html\">R\u00e9publique d\u00e9mocratique du Congo<\/a> (RDC), a indiqu\u00e9 ce vendredi 13\u00a0mars \u00e0 l\u2019AFP le parquet national antiterroriste.<\/p>\n<p>            <!-- partials\/article\/node.volt --><br \/>\n<!-- partials\/article\/node_text.volt --><\/p>\n<h2 class=\"node__heading latino-800m latino-lg-1400e text-grey-800 pb-8 pb-md-16\">\n\u2022 Une Fran\u00e7aise de 54\u00a0ans tu\u00e9e \u00e0 Goma<\/h2>\n<p>      <!-- partials\/article\/node.volt --><br \/>\n<!-- partials\/article\/node_text.volt --><\/p>\n<p class=\"node__paragraphe antonia-750r text-grey-800 pb-24 pb-md-32\">\nMercredi \u00e0 l\u2019aube, Karine Buisset, une ressortissante fran\u00e7aise \u00e2g\u00e9e de 54\u00a0ans, travaillant pour l\u2019Unicef, est d\u00e9c\u00e9d\u00e9e \u00e0 Goma, ville situ\u00e9e dans l\u2019est de la RDC, apr\u00e8s <em>\u00ab\u00a0que la maison qu\u2019elle occupait eut \u00e9t\u00e9 atteinte par un engin explosif\u00a0\u00bb,<\/em> relate le p\u00f4le de r\u00e9pression des crimes internationaux du parquet national antiterroriste (Pnat).<\/p>\n<p>      <!-- partials\/article\/node.volt --><br \/>\n<!-- partials\/article\/node_text.volt --><\/p>\n<p class=\"node__paragraphe antonia-750r text-grey-800 pb-24 pb-md-32\">\nKarine Buisset r\u00e9sidait dans une maison situ\u00e9e dans le quartier de Himbi. Nombre d\u2019expatri\u00e9s, de personnels et de si\u00e8ges d\u2019organisations humanitaires sont install\u00e9s dans ce quartier ais\u00e9 et r\u00e9sidentiel, au bord du lac Kivu. De vastes propri\u00e9t\u00e9s y ont \u00e9t\u00e9 r\u00e9quisitionn\u00e9es par des cadres du <a href=\"https:\/\/www.nouvelobs.com\/monde\/20250128.OBS99600\/pourquoi-le-m23-et-ses-allies-rwandais-menacent-la-republique-democratique-du-congo.html\">mouvement rebelle du 23\u00a0mars dit M23<\/a>. Des sources s\u00e9curitaires contact\u00e9es par l\u2019AFP estiment que les frappes visaient des responsables ou des proches du groupe arm\u00e9 et que la maison occup\u00e9e avait \u00e9t\u00e9 touch\u00e9e par erreur. Par ailleurs, deux autres civils ont \u00e9t\u00e9 tu\u00e9s lors des faits.<\/p>\n<p>      <!-- partials\/article\/node.volt --><br \/>\n<!-- partials\/article\/node_media.volt --><\/p>\n<p>      <!-- partials\/article\/node.volt --><br \/>\n<!-- partials\/article\/node_text.volt --><\/p>\n<p class=\"node__paragraphe antonia-750r text-grey-800 pb-24 pb-md-32\">\nKarine Buisset \u00e9tait m\u00e8re de deux enfants, selon un ami proche de la victime, qui a d\u00e9crit \u00e0 l\u2019AFP une <em>\u00ab\u00a0personne tr\u00e8s humaine\u00a0\u00bb<\/em> et passionn\u00e9e par l\u2019Afrique o\u00f9 elle avait effectu\u00e9 de multiples missions. Le pr\u00e9sident fran\u00e7ais Emmanuel Macron a appel\u00e9 <em>\u00ab\u00a0au respect du droit humanitaire et des personnels <\/em>[\u2026] <em>sur place\u00a0\u00bb<\/em>, adressant <em>\u00ab\u00a0le soutien et l\u2019\u00e9motion de la Nation\u00a0\u00bb<\/em> aux proches de la victime.<\/p>\n<p>      <!-- partials\/article\/node.volt --><br \/>\n<!-- partials\/article\/node_text.volt --><\/p>\n<h2 class=\"node__heading latino-800m latino-lg-1400e text-grey-800 pb-8 pb-md-16\">\n\u2022 Guerre entre le mouvement du M23\u00a0et l\u2019arm\u00e9e congolaise<\/h2>\n<p>      <!-- partials\/article\/node.volt --><br \/>\n<!-- partials\/article\/node_text.volt --><\/p>\n<p class=\"node__paragraphe antonia-750r text-grey-800 pb-24 pb-md-32\">\nLes faits apparaissent <em>\u00ab\u00a0en lien avec une situation de conflit arm\u00e9 opposant les forces congolaises et le mouvement dit M23\u00a0\u00bb<\/em>, a indiqu\u00e9 le Pnat. Positionn\u00e9es \u00e0 plusieurs centaines de kilom\u00e8tres de Goma, les forces de Kinshasa m\u00e8nent r\u00e9guli\u00e8rement des frappes de drones \u00e0 longue port\u00e9e sur les positions du M23\u00a0dans l\u2019Est. Le M23\u00a0fait \u00e9galement usage de drones kamikazes sur le front, selon des sources s\u00e9curitaires.<\/p>\n<p>      <!-- partials\/article\/node.volt --><br \/>\n<!-- partials\/article\/node_text.volt --><\/p>\n<p class=\"node__paragraphe antonia-750r text-grey-800 pb-24 pb-md-32\">\nLe porte-parole du M23, qui s\u2019est empar\u00e9 depuis fin 2021, avec le soutien du Rwanda et de son arm\u00e9e, de vastes parties de l\u2019est de la RDC, r\u00e9gion riche en ressources et ravag\u00e9e par trente\u00a0ans de conflits, a accus\u00e9 l\u2019arm\u00e9e de la RDC d\u2019avoir men\u00e9 cette attaque.<\/p>\n<p>            <!-- partials\/article\/node.volt --><br \/>\n<!-- partials\/article\/node_media.volt --><\/p>\n<p>      <!-- partials\/article\/node.volt --><br \/>\n<!-- partials\/article\/node_text.volt --><\/p>\n<p class=\"node__paragraphe antonia-750r text-grey-800 pb-24 pb-md-32\">\nDe son c\u00f4t\u00e9, le gouvernement de la RDC \u2013 plus repr\u00e9sent\u00e9 \u00e0 Goma, sous contr\u00f4le du M23 \u2013 a assur\u00e9 mercredi qu\u2019il ne <em>\u00ab\u00a0saurait entreprendre une action qui contrarie les valeurs qu\u2019il a toujours d\u00e9fendues\u00a0\u00bb<\/em>, faisant part de sa <em>\u00ab\u00a0profonde tristesse\u00a0\u00bb<\/em> apr\u00e8s le d\u00e9c\u00e8s de Karine Buisset et rendant hommage au personnel humanitaire en RDC.<\/p>\n<p>      <!-- partials\/article\/node.volt --><br \/>\n<!-- partials\/article\/node_text.volt --><\/p>\n<p class=\"node__paragraphe antonia-750r text-grey-800 pb-24 pb-md-32\">\nKinshasa a annonc\u00e9 une enqu\u00eate sur <em>\u00ab\u00a0les circonstances\u00a0\u00bb<\/em> et <em>\u00ab\u00a0l\u2019origine des explosions\u00a0\u00bb<\/em> pour faire <em>\u00ab\u00a0toute la lumi\u00e8re sur les faits\u00a0\u00bb<\/em>, sans autre d\u00e9tail.<\/p>\n<p>      <!-- partials\/article\/node.volt --><br \/>\n<!-- partials\/article\/node_text.volt --><\/p>\n<h2 class=\"node__heading latino-800m latino-lg-1400e text-grey-800 pb-8 pb-md-16\">\n\u2022 Les investigations confi\u00e9es au parquet national antiterroriste<\/h2>\n<p>      <!-- partials\/article\/node.volt --><br \/>\n<!-- partials\/article\/node_text.volt --><\/p>\n<p class=\"node__paragraphe antonia-750r text-grey-800 pb-24 pb-md-32\">\nLes investigations, confi\u00e9es \u00e0 l\u2019Office central de lutte contre les crimes contre l\u2019humanit\u00e9 de la gendarmerie nationale (OCLCH), devront \u00e9claircir <em>\u00ab\u00a0les circonstances de commission des faits\u00a0\u00bb<\/em> et <em>\u00ab\u00a0tenir inform\u00e9s les proches de la victime\u00a0\u00bb<\/em>, a-t-on pr\u00e9cis\u00e9 au Pnat.<\/p>\n<p>            <!-- partials\/article\/node.volt --><br \/>\n<!-- partials\/article\/node_media.volt --><\/p>\n<p>      <!-- partials\/article\/node.volt --><br \/>\n<!-- partials\/article\/node_text.volt --><\/p>\n<h2 class=\"node__heading latino-800m latino-lg-1400e text-grey-800 pb-8 pb-md-16\">\n\u2022 L\u2019Unicef boulevers\u00e9e<\/h2>\n<p>      <!-- partials\/article\/node.volt --><br \/>\n<!-- partials\/article\/node_text.volt --><\/p>\n<p class=\"node__paragraphe antonia-750r text-grey-800 pb-24 pb-md-32\">\n<em>\u00ab\u00a0Nous sommes, \u00e0 l\u2019Unicef, profond\u00e9ment boulevers\u00e9s et indign\u00e9s par le d\u00e9c\u00e8s de notre coll\u00e8gue Karine Buisset, tu\u00e9e lors d\u2019une attaque de drone sur un b\u00e2timent abritant des travailleurs humanitaires \u00e0 Goma\u00a0\u00bb<\/em>, a d\u00e9clar\u00e9 le Fonds des Nations unies pour l\u2019Enfance (Unicef).<\/p>\n<p>      <!-- partials\/article\/node.volt --><br \/>\n<!-- partials\/article\/node_text.volt --><\/p>\n<p class=\"node__paragraphe antonia-750r text-grey-800 pb-24 pb-md-32\">\nLe secr\u00e9taire g\u00e9n\u00e9ral de l\u2019ONU Antonio Guterres a exprim\u00e9 son <em>\u00ab\u00a0indignation\u00a0\u00bb<\/em> par la voix de son porte-parole St\u00e9phane Dujarric. <em>\u00ab\u00a0Le personnel humanitaire ne doit jamais \u00eatre pris pour cible. C\u2019est le droit international. <\/em>[\u2026]<em> Il doit \u00eatre respect\u00e9\u00a0\u00bb<\/em>, a soulign\u00e9 ce dernier.<\/p>\n<p>      <!-- partials\/article\/node.volt --><br \/>\n<!-- partials\/article\/node_text.volt --><\/p>\n<p class=\"node__paragraphe antonia-750r text-grey-800 pb-24 pb-md-32\">\nInstall\u00e9e depuis dix\u00a0ans en Bretagne, dans le Morbihan, o\u00f9 elle r\u00e9sidait entre ses missions pour l\u2019Unicef, Karine Buisset est pr\u00e9sent\u00e9e par ses voisins comme une personne <em>\u00ab\u00a0ayant le c\u0153ur sur la main\u00a0\u00bb,<\/em> <a target=\"_blank\" href=\"https:\/\/www.letelegramme.fr\/morbihan\/belz-56550\/elle-avait-le-coeur-sur-la-main-a-belz-les-voisins-de-karine-buisset-pleurent-la-mort-de-lhumanitaire-7003494.php\" rel=\"noopener\">rapporte le quotidien local \u00ab\u00a0le T\u00e9l\u00e9gramme\u00a0\u00bb<\/a>.<\/p>\n<p>      <!-- partials\/article\/node.volt --><br \/>\n<!-- partials\/article\/node_media.volt --><\/p>\n<div class=\"article__author pb-32\" auto_robot_readability=\"32\">\n    <!-- app\/web\/views\/partials\/article\/authors.volt --><\/p>\n<p class=\"authors latino-600m text-grey-800\">\n<p>  <span>Par\u00a0<\/span><br \/>\nService Actu\u00a0(avec AFP)<\/p>\n<\/p><\/div>\n<\/p><\/div>\n<p><a href=\"https:\/\/www.nouvelobs.com\/monde\/20260313.OBS113150\/humanitaire-francaise-tuee-en-rdc-ce-que-l-on-sait.html\">source<\/a><\/p>\n","protected":false},"excerpt":{"rendered":"<p>Des soldats de la Mission de l\u2019Organisation des Nations unies pour la stabilisation en R\u00e9publique d\u00e9mocratique du Congo (Monusco), pr\u00e8s de la maison vis\u00e9e par l\u2019attaque, \u00e0 Goma, le 11\u00a0mars 2026.\u00a0JOSPIN MWISHA\/AFP Lire\u00a0plus\u00a0tard Google Actualit\u00e9s Partager Facebook Bluesky E-mail Copier le lien Envoyer S\u2019abonner Une enqu\u00eate \u00ab\u00a0de flagrance contre X du chef de meurtre constitutif [&hellip;]<\/p>\n","protected":false},"author":1,"featured_media":124488,"comment_status":"open","ping_status":"open","sticky":false,"template":"","format":"standard","meta":{"_monsterinsights_skip_tracking":false,"_monsterinsights_sitenote_active":false,"_monsterinsights_sitenote_note":"","_monsterinsights_sitenote_category":0,"footnotes":""},"categories":[75],"tags":[],"coauthors":[77],"class_list":["post-124487","post","type-post","status-publish","format-standard","has-post-thumbnail","hentry","category-monde"],"aioseo_notices":[],"_links":{"self":[{"href":"https:\/\/pressactu.com\/index.php?rest_route=\/wp\/v2\/posts\/124487","targetHints":{"allow":["GET"]}}],"collection":[{"href":"https:\/\/pressactu.com\/index.php?rest_route=\/wp\/v2\/posts"}],"about":[{"href":"https:\/\/pressactu.com\/index.php?rest_route=\/wp\/v2\/types\/post"}],"author":[{"embeddable":true,"href":"https:\/\/pressactu.com\/index.php?rest_route=\/wp\/v2\/users\/1"}],"replies":[{"embeddable":true,"href":"https:\/\/pressactu.com\/index.php?rest_route=%2Fwp%2Fv2%2Fcomments&post=124487"}],"version-history":[{"count":0,"href":"https:\/\/pressactu.com\/index.php?rest_route=\/wp\/v2\/posts\/124487\/revisions"}],"wp:featuredmedia":[{"embeddable":true,"href":"https:\/\/pressactu.com\/index.php?rest_route=\/wp\/v2\/media\/124488"}],"wp:attachment":[{"href":"https:\/\/pressactu.com\/index.php?rest_route=%2Fwp%2Fv2%2Fmedia&parent=124487"}],"wp:term":[{"taxonomy":"category","embeddable":true,"href":"https:\/\/pressactu.com\/index.php?rest_route=%2Fwp%2Fv2%2Fcategories&post=124487"},{"taxonomy":"post_tag","embeddable":true,"href":"https:\/\/pressactu.com\/index.php?rest_route=%2Fwp%2Fv2%2Ftags&post=124487"},{"taxonomy":"author","embeddable":true,"href":"https:\/\/pressactu.com\/index.php?rest_route=%2Fwp%2Fv2%2Fcoauthors&post=124487"}],"curies":[{"name":"wp","href":"https:\/\/api.w.org\/{rel}","templated":true}]}}