{"id":124485,"date":"2026-03-13T13:02:50","date_gmt":"2026-03-13T13:02:50","guid":{"rendered":"https:\/\/pressactu.com\/?p=124485"},"modified":"2026-03-13T13:02:50","modified_gmt":"2026-03-13T13:02:50","slug":"coupe-du-monde-2026-personne-ne-peut-exclure-notre-equipe-liran-hausse-le-ton-et-repond-sechement-a-donald-trump","status":"publish","type":"post","link":"https:\/\/pressactu.com\/?p=124485","title":{"rendered":"Coupe du monde 2026\u00a0: &quot;Personne ne peut exclure notre \u00e9quipe&quot;\u2026 L\u2019Iran hausse le ton et r\u00e9pond s\u00e8chement \u00e0 Donald Trump"},"content":{"rendered":"<p>\n                                                                    <span class=\"article-full__chapo-label hide-on-small-only\">l&#8217;essentiel<\/span><br \/>\n                                                                Sur son compte Instagram, la F\u00e9d\u00e9ration de football iranienne\u00a0a pr\u00e9venu\u00a0que &#8220;personne&#8221; ne pouvait l\u2019exclure du Mondial 2026. Cette r\u00e9ponse fait \u00e9cho \u00e0 la d\u00e9claration de Donald Trump, qui a estim\u00e9\u00a0qu\u2019il n\u2019\u00e9tait pas &#8220;appropri\u00e9&#8221; que l\u2019Iran participe au tournoi apr\u00e8s l\u2019annonce du boycott par T\u00e9h\u00e9ran.\n                            <\/p>\n<div rel=\"js-article-content\">\n                                                                                                                                                            <!-- Pub DFP Position [outstream] --><\/p>\n<p>Le bras de fer entre Donald Trump et la s\u00e9lection iranienne s\u2019intensifie cette semaine. Sur son compte Instagram, la &#8220;Team Melli&#8221; met en garde les \u00c9tats-Unis et leur pr\u00e9sident, pr\u00e9venant\u00a0que personne ne d\u00e9cidera pour elle quant \u00e0 sa participation\u00a0ou non\u00a0\u00e0 la <a href=\"https:\/\/www.ladepeche.fr\/sport\/football\/coupe-du-monde-de-football\/\" target=\"_blank\">Coupe du monde 2026<\/a> organis\u00e9e en Am\u00e9rique du Nord.<\/p>\n<p><!-- Pub DFP Position [article] --><\/p>\n<p class=\"std-elt__inline\">\n        <strong>\u00c0 lire aussi :<\/strong><br \/>\n        <a href=\"\/2026\/03\/12\/tout-le-monde-est-furieux-la-lettre-de-trop-pour-la-fifa-la-coupe-du-monde-2026-deja-minee-par-de-nombreuses-polemiques-13268562.php\">&#8220;Tout le monde est furieux&#8221;, la lettre de trop pour la Fifa\u00a0? La Coupe du monde 2026 d\u00e9j\u00e0 min\u00e9e par de nombreuses pol\u00e9miques<\/a>\n    <\/p>\n<p>&#8220;Gr\u00e2ce \u00e0 sa force et \u00e0 une s\u00e9rie de victoires d\u00e9cisives remport\u00e9es par les courageux fils de l\u2019Iran, l\u2019\u00e9quipe nationale iranienne a \u00e9t\u00e9 parmi les premi\u00e8res \u00e0 se qualifier pour ce tournoi majeur&#8221;, rappelle-t-elle\u00a0sur ses r\u00e9seaux sociaux. Avant de formuler une nouvelle critique\u00a0: &#8220;Personne ne peut nous exclure de la Coupe du monde, le seul pays qui pourrait \u00eatre\u00a0exclu est celui qui porte simplement le titre &#8220;d\u2019h\u00f4te&#8221; mais qui n\u2019a pas la capacit\u00e9 d\u2019assurer la s\u00e9curit\u00e9 des \u00e9quipes participant \u00e0 cet \u00e9v\u00e9nement mondial.&#8221;<\/p>\n<h2 class=\"txt-int\">&#8220;Gouvernement corrompu&#8221;<\/h2>\n<p>Cette d\u00e9claration fait \u00e9cho aux derniers \u00e9changes entre les deux pays cette semaine. Interrog\u00e9 par\u00a0<a href=\"https:\/\/www.politico.com\/news\/2026\/03\/03\/iran-trump-world-cup-00808608\" target=\"_blank\">Politico<\/a>\u00a0le 3\u00a0mars, Donald Trump avait d\u00e9clar\u00e9 qu\u2019il se\u00a0&#8220;moquait compl\u00e8tement&#8221; de la participation de l\u2019Iran. D\u2019apr\u00e8s Gianni Infantino, pr\u00e9sident de la FIFA, le pr\u00e9sident am\u00e9ricain avait n\u00e9anmoins assur\u00e9 que l\u2019\u00e9quipe nationale\u00a0iranienne serait la &#8220;bienvenue&#8221; au Mondial.<\/p>\n<p class=\"std-elt__inline\">\n        <strong>\u00c0 lire aussi :<\/strong><br \/>\n        <a href=\"\/2026\/03\/11\/depuis-que-ce-gouvernement-corrompu-a-assassine-notre-dirigeant-liran-refuse-de-disputer-la-coupe-du-monde-2026-organisee-aux-etats-unis-13266683.php\">&#8220;Depuis que ce gouvernement corrompu a assassin\u00e9 notre dirigeant\u2026&#8221;\u00a0: l\u2019Iran refuse de disputer la Coupe du monde 2026 organis\u00e9e aux \u00c9tats-Unis<\/a>\n    <\/p>\n<p>Des propos auxquels n\u2019ont pas forc\u00e9ment go\u00fbt\u00e9 les Iraniens, <a href=\"https:\/\/www.ladepeche.fr\/2026\/03\/11\/depuis-que-ce-gouvernement-corrompu-a-assassine-notre-dirigeant-liran-refuse-de-disputer-la-coupe-du-monde-2026-organisee-aux-etats-unis-13266683.php\" target=\"_blank\">annon\u00e7ant leur boycott de la comp\u00e9tition<\/a>. &#8220;<meta charset=\"UTF-8\"\/>Depuis que ce gouvernement corrompu a assassin\u00e9 notre dirigeant, nous n\u2019avons pas la moindre intention de participer \u00e0 la Coupe du monde&#8221;.\u00a0En dernier lieu, le locataire de la Maison-Blanche avait fini par prof\u00e9rer des menaces voil\u00e9es \u00e0 l\u2019encontre des joueurs iraniens, <a href=\"https:\/\/www.ladepeche.fr\/2026\/03\/12\/pour-leur-propre-vie-et-leur-securite-donald-trump-menace-a-demi-mot-lequipe-diran-en-cas-de-participation-a-la-coupe-du-monde-2026-13268922.php\" target=\"_blank\">estimant qu\u2019il y avait un risque pour &#8220;leur propre vie et leur s\u00e9curit\u00e9&#8221;<\/a>.<\/p>\n<h2 class=\"txt-int\">Qui pour remplacer l\u2019Iran dans le groupe G\u00a0?<\/h2>\n<p>Si le d\u00e9sengagement de la &#8220;Team Melli&#8221; paraissait act\u00e9, cette derni\u00e8re d\u00e9claration\u00a0vient relancer le d\u00e9bat sur sa participation.\u00a0Qu\u2019il s\u2019agisse d\u2019une simple d\u00e9claration contradictoire, ou d\u2019un r\u00e9el d\u00e9fi lanc\u00e9 aux \u00c9tats-Unis, personne ne sait \u00e0 l\u2019heure actuelle qui compl\u00e9tera le groupe G compos\u00e9 par\u00a0<meta charset=\"UTF-8\"\/>la Belgique, l\u2019\u00c9gypte et la Nouvelle-Z\u00e9lande. Il existe trois possibilit\u00e9s.<\/p>\n<p class=\"std-elt__inline\">\n        <strong>\u00c0 lire aussi :<\/strong><br \/>\n        <a href=\"\/2026\/03\/12\/pour-leur-propre-vie-et-leur-securite-donald-trump-menace-a-demi-mot-lequipe-diran-en-cas-de-participation-a-la-coupe-du-monde-2026-13268922.php\">&#8220;Pour leur propre vie et leur s\u00e9curit\u00e9\u2026&#8221; Donald Trump menace \u00e0 demi-mot l\u2019\u00e9quipe d\u2019Iran en cas de participation \u00e0 la Coupe du monde 2026<\/a>\n    <\/p>\n<p>Plusieurs solutions sont possibles\u00a0: l\u2019Iran pourrait d\u00e9cider de respecter sa qualification et venir jouer en terre ennemie\u00a0; l\u2019Irak, qu\u2019elle gagne ou qu\u2019elle perde son barrage de qualification face \u00e0 la Bolivie ou au Suriname, pourrait se voir attribuer la place de son voisin ou encore en cas de\u00a0victoire de l\u2019Irak, les \u00c9mirats arabes unis pourraient \u00eatre rep\u00each\u00e9s eux qui avaient\u00a0manqu\u00e9 de peu leur qualification. \u00c0 l\u2019image de ce conflit diplomatique, le flou le plus total demeure.<\/p>\n<\/p><\/div>\n<p><a href=\"https:\/\/www.ladepeche.fr\/2026\/03\/13\/coupe-du-monde-2026-personne-ne-peut-exclure-notre-equipe-liran-hausse-le-ton-et-repond-sechement-a-donald-trump-13270212.php\">source<\/a><\/p>\n","protected":false},"excerpt":{"rendered":"<p>l&#8217;essentiel Sur son compte Instagram, la F\u00e9d\u00e9ration de football iranienne\u00a0a pr\u00e9venu\u00a0que &#8220;personne&#8221; ne pouvait l\u2019exclure du Mondial 2026. Cette r\u00e9ponse fait \u00e9cho \u00e0 la d\u00e9claration de Donald Trump, qui a estim\u00e9\u00a0qu\u2019il n\u2019\u00e9tait pas &#8220;appropri\u00e9&#8221; que l\u2019Iran participe au tournoi apr\u00e8s l\u2019annonce du boycott par T\u00e9h\u00e9ran. Le bras de fer entre Donald Trump et la s\u00e9lection [&hellip;]<\/p>\n","protected":false},"author":1,"featured_media":124486,"comment_status":"open","ping_status":"open","sticky":false,"template":"","format":"standard","meta":{"_monsterinsights_skip_tracking":false,"_monsterinsights_sitenote_active":false,"_monsterinsights_sitenote_note":"","_monsterinsights_sitenote_category":0,"footnotes":""},"categories":[1],"tags":[],"coauthors":[77],"class_list":["post-124485","post","type-post","status-publish","format-standard","has-post-thumbnail","hentry","category-a-la-une"],"aioseo_notices":[],"_links":{"self":[{"href":"https:\/\/pressactu.com\/index.php?rest_route=\/wp\/v2\/posts\/124485","targetHints":{"allow":["GET"]}}],"collection":[{"href":"https:\/\/pressactu.com\/index.php?rest_route=\/wp\/v2\/posts"}],"about":[{"href":"https:\/\/pressactu.com\/index.php?rest_route=\/wp\/v2\/types\/post"}],"author":[{"embeddable":true,"href":"https:\/\/pressactu.com\/index.php?rest_route=\/wp\/v2\/users\/1"}],"replies":[{"embeddable":true,"href":"https:\/\/pressactu.com\/index.php?rest_route=%2Fwp%2Fv2%2Fcomments&post=124485"}],"version-history":[{"count":0,"href":"https:\/\/pressactu.com\/index.php?rest_route=\/wp\/v2\/posts\/124485\/revisions"}],"wp:featuredmedia":[{"embeddable":true,"href":"https:\/\/pressactu.com\/index.php?rest_route=\/wp\/v2\/media\/124486"}],"wp:attachment":[{"href":"https:\/\/pressactu.com\/index.php?rest_route=%2Fwp%2Fv2%2Fmedia&parent=124485"}],"wp:term":[{"taxonomy":"category","embeddable":true,"href":"https:\/\/pressactu.com\/index.php?rest_route=%2Fwp%2Fv2%2Fcategories&post=124485"},{"taxonomy":"post_tag","embeddable":true,"href":"https:\/\/pressactu.com\/index.php?rest_route=%2Fwp%2Fv2%2Ftags&post=124485"},{"taxonomy":"author","embeddable":true,"href":"https:\/\/pressactu.com\/index.php?rest_route=%2Fwp%2Fv2%2Fcoauthors&post=124485"}],"curies":[{"name":"wp","href":"https:\/\/api.w.org\/{rel}","templated":true}]}}