{"id":124483,"date":"2026-03-13T12:45:34","date_gmt":"2026-03-13T12:45:34","guid":{"rendered":"https:\/\/pressactu.com\/?p=124483"},"modified":"2026-03-13T12:45:34","modified_gmt":"2026-03-13T12:45:34","slug":"france-angleterre-nous-avons-encore-de-reelles-chances-de-gagner-le-tournoi-le-rugbyman-du-lot-emilien-gailleton-retenu-dans-le-groupe-du-xv-de-france","status":"publish","type":"post","link":"https:\/\/pressactu.com\/?p=124483","title":{"rendered":"France-Angleterre\u00a0: &quot;Nous\u00a0avons encore de r\u00e9elles chances\u00a0de gagner le tournoi\u2026&quot;\u00a0Le rugbyman du Lot \u00c9milien Gailleton retenu dans le groupe du XV de France"},"content":{"rendered":"<p>\n                                                                    <span class=\"article-full__chapo-label hide-on-small-only\">l&#8217;essentiel<\/span><br \/>\n                                                                \u00c0 la veille du &#8220;Crunch&#8221; contre l\u2019Angleterre ce samedi 14\u00a0mars, le Cadurcien \u00c9milien Gailleton honorera, s\u2019il rentre en jeu, son troisi\u00e8me match dans le tournoi des Six Nations. L\u2019occasion pour lui de revenir sur sa formation lotoise et d\u2019\u00e9voquer ses attentes avant l\u2019ultime rendez-vous de la comp\u00e9tition.\n                            <\/p>\n<div rel=\"js-article-content\" data-state=\"fixed-height\" data-selection=\"disabled\">\n                                                                                                                                                            <!-- Pub DFP Position [outstream] --><\/p>\n<p>Ce samedi, le XV de France dispute le match le plus important du tournoi, aussi bien sur le plan symbolique que sportif. Enfant de Cahors mais natif de l\u2019\u00eele britannique, \u00c9milien Gailleton revient sur son enfance et \u00e9voque les enjeux de ce choc capital pour les Bleus.<\/p>\n<p><!-- Pub DFP Position [article] --><\/p>\n<div class=\"center-align\" rel=\"js-article-inline-img\" data-protec-aida=\"image\">\n<figure class=\"std-img\" data-src=\"https:\/\/images.ladepeche.fr\/api\/v1\/images\/view\/69b2d84fd2bd944c3f0dccb0\/original\/image.png?v=1\">\n        <img decoding=\"async\" class=\"std-img__img responsive-img\" src=\"http:\/\/pressactu.com\/wp-content\/uploads\/2026\/03\/1773405932_909_image.png?v=1\" alt=\"\u00c9milien Gailleton lors du coup d\u2019envoi du match Cahors \u2013 Tulle mi-mars.\"\/><figcaption class=\"article-full__media-infos\">\n                <span class=\"article-full__media-legend\">\u00c9milien Gailleton lors du coup d\u2019envoi du match Cahors \u2013 Tulle mi-mars.<\/span><br \/>\n                                    <span class=\"article-full__media-author\">DDM Micka\u00ebl Fabre<\/span><br \/>\n                            <\/figcaption><\/figure>\n<\/div>\n<p>Rempla\u00e7ant pour cette rencontre aux allures de finale, le joueur de la Section Paloise conna\u00eet sa mission en cas de sortie de banc\u00a0: &#8220;Je peux amener de la fra\u00eecheur. Il y a de grandes chances que je rentre dans les vingt derni\u00e8res minutes, je devrais donc apporter de la vitesse et de la lucidit\u00e9 quand les autres seront plus fatigu\u00e9s.&#8221;\u00a0Lanc\u00e9 en ao\u00fbt\u00a02023 sous les ordres de Fabien Galthi\u00e9, le Cadurcien de 22 ans n\u2019oublie pas d\u2019o\u00f9 il vient.<\/p>\n<h2 class=\"txt-int\">&#8220;La campagne lotoise, c\u2019est celle avec laquelle j\u2019ai grandi et \u00e9volu\u00e9&#8221;<\/h2>\n<p>\u00c0 l\u2019\u00e2ge de 3 ans \u00c9milien s\u2019installe dans le Lot avec sa famille, un d\u00e9partement qu\u2019il ne quittera qu\u2019au moment d\u2019int\u00e9grer le centre de formation du club d\u2019Agen. De ces ann\u00e9es pass\u00e9es dans les causses du Quercy, il garde un attachement profond au territoire\u00a0: &#8220;J\u2019essaie d\u2019y retourner mais c\u2019est compliqu\u00e9 avec nos emplois du temps charg\u00e9s. \u00c7a fait toujours du bien de revenir dans le Lot, cela me permet de me ressourcer aupr\u00e8s de mes proches et dans cette campagne que j\u2019appr\u00e9cie \u00e9norm\u00e9ment, celle avec laquelle j\u2019ai grandi et \u00e9volu\u00e9.&#8221;<\/p>\n<p class=\"std-elt__inline\">\n        <strong>\u00c0 lire aussi :<\/strong><br \/>\n        <a href=\"\/2023\/06\/07\/le-lotois-emilien-gailleton-tres-agreablement-surpris-de-sa-premiere-saison-en-top-14-11247340.php\">Le Lotois \u00c9milien Gailleton &#8220;tr\u00e8s agr\u00e9ablement surpris&#8221; de sa premi\u00e8re saison en Top 14&#8243;<\/a>\n    <\/p>\n<p>Il revient d\u00e8s que possible sur ses terres, marqu\u00e9 par des d\u00e9buts \u00e0 l\u2019\u00e9cole de rugby au sein d\u2019un collectif soud\u00e9. Une p\u00e9riode cruciale dont il parle encore avec \u00e9motion\u00a0: &#8220;On avait une g\u00e9n\u00e9ration tr\u00e8s solidaire, qui aimait passer du temps ensemble et \u00e7a se ressentait sur le terrain. On \u00e9tait une bande de copains qui jouait au rugby avec le sourire, donc c\u2019est toujours nostalgique de repenser \u00e0 \u00e7a.&#8221;<\/p>\n<p>Ces souvenirs, \u00c9milien les cultive et s\u2019en sert dans son quotidien, surtout lorsque son rythme de vie devient plus pesant\u00a0: &#8220;Ces moments, je les garde en moi pour toute la vie. Quand je traverse des phases plus compliqu\u00e9es dans ma carri\u00e8re, je repense \u00e0 ces instants o\u00f9 je me r\u00e9galais sur le terrain. Imm\u00e9diatement, cela me redonne de la motivation pour continuer \u00e0 avancer.&#8221;<\/p>\n<h2 class=\"txt-int\">L\u2019enjeu au-dessus de la symbolique<\/h2>\n<p>L\u2019objectif, \u00c9milien et les bleus ne s\u2019en cachent pas\u00a0: gagner est la seule option privil\u00e9gi\u00e9e par le groupe. Une victoire bonifi\u00e9e (avec quatre\u00a0essais inscrits) face au XV de la Rose garantirait\u00a0aux hommes de Fabien Galthi\u00e9 de rester devant les \u00c9cossais au classement. Il confie\u00a0: &#8220;On va essayer de r\u00e9aliser\u00a0notre meilleure\u00a0performance du tournoi. L\u2019objectif est d\u2019aller chercher la victoire, avec le bonus et de l\u2019emporter\u00a0avec le maximum d\u2019\u00e9cart possible.&#8221; Pour cela, ils abordent la rencontre\u00a0avec envie et d\u00e9termination. &#8220;Nous\u00a0avons encore de r\u00e9elles chances\u00a0de gagner le tournoi, donc nous sommes\u00a0concentr\u00e9s. Il y a de la pression, mais c\u2019est de la pression positive. C\u2019est notre dernier match, nous\u00a0avons envie de le faire.&#8221;<\/p>\n<p>N\u00e9 \u00e0 Croydon, dans la banlieue sud de Londres, le Franco-Anglais ne s\u2019attarde\u00a0pas sur\u00a0la valeur symbolique de la rencontre. Le r\u00e9sultat prime\u00a0sur les sentiments\u00a0: &#8220;Oui, c\u2019est symbolique, mais je n\u2019y pense pas du tout.\u00a0Il y a une victoire \u00e0 aller chercher, donc ce n\u2019est pas un match lambda. Il faut rester concentr\u00e9, \u00e7a ne m\u2019a pas travers\u00e9 l\u2019esprit.&#8221;<\/p>\n<h2 class=\"txt-int\">Un match qui sonnera le glas d\u2019une campagne aboutie<\/h2>\n<p>Auteur de deux essais en deux rencontres, proactif en d\u00e9fense comme en attaque, le polyvalent centre de l\u2019\u00e9quipe de France reconna\u00eet s\u2019am\u00e9liorer de jour en jour. Il admet toutefois continuer d\u2019apprendre et d\u2019\u00e9voluer\u00a0: &#8220;La carri\u00e8re d\u2019un joueur est en perp\u00e9tuelle \u00e9volution, que ce soit en club ou en s\u00e9lection.\u00a0Mais en \u00e9quipe nationale, il y a davantage de pression et d\u2019enjeux. Il y a aussi une \u00e9nergie suppl\u00e9mentaire quand tu joues pour ton pays. Les joueurs autour de moi sont tr\u00e8s talentueux, il faut donc hausser son niveau de jeu. \u00c0 partir du moment o\u00f9 tu t\u2019entra\u00eenes et tu joues en \u00e9quipe de France, tu es en \u00e9volution constante.&#8221;<\/p>\n<\/p><\/div>\n<p><a href=\"https:\/\/www.ladepeche.fr\/2026\/03\/13\/nous-avons-encore-de-reelles-chances-de-gagner-le-tournoi-le-rugbyman-lotois-emilien-gailleton-retenu-dans-le-groupe-du-xv-de-france-face-a-13268626.php\">source<\/a><\/p>\n","protected":false},"excerpt":{"rendered":"<p>l&#8217;essentiel \u00c0 la veille du &#8220;Crunch&#8221; contre l\u2019Angleterre ce samedi 14\u00a0mars, le Cadurcien \u00c9milien Gailleton honorera, s\u2019il rentre en jeu, son troisi\u00e8me match dans le tournoi des Six Nations. L\u2019occasion pour lui de revenir sur sa formation lotoise et d\u2019\u00e9voquer ses attentes avant l\u2019ultime rendez-vous de la comp\u00e9tition. Ce samedi, le XV de France dispute [&hellip;]<\/p>\n","protected":false},"author":1,"featured_media":124484,"comment_status":"open","ping_status":"open","sticky":false,"template":"","format":"standard","meta":{"_monsterinsights_skip_tracking":false,"_monsterinsights_sitenote_active":false,"_monsterinsights_sitenote_note":"","_monsterinsights_sitenote_category":0,"footnotes":""},"categories":[71],"tags":[],"coauthors":[77],"class_list":["post-124483","post","type-post","status-publish","format-standard","has-post-thumbnail","hentry","category-sport"],"aioseo_notices":[],"_links":{"self":[{"href":"https:\/\/pressactu.com\/index.php?rest_route=\/wp\/v2\/posts\/124483","targetHints":{"allow":["GET"]}}],"collection":[{"href":"https:\/\/pressactu.com\/index.php?rest_route=\/wp\/v2\/posts"}],"about":[{"href":"https:\/\/pressactu.com\/index.php?rest_route=\/wp\/v2\/types\/post"}],"author":[{"embeddable":true,"href":"https:\/\/pressactu.com\/index.php?rest_route=\/wp\/v2\/users\/1"}],"replies":[{"embeddable":true,"href":"https:\/\/pressactu.com\/index.php?rest_route=%2Fwp%2Fv2%2Fcomments&post=124483"}],"version-history":[{"count":0,"href":"https:\/\/pressactu.com\/index.php?rest_route=\/wp\/v2\/posts\/124483\/revisions"}],"wp:featuredmedia":[{"embeddable":true,"href":"https:\/\/pressactu.com\/index.php?rest_route=\/wp\/v2\/media\/124484"}],"wp:attachment":[{"href":"https:\/\/pressactu.com\/index.php?rest_route=%2Fwp%2Fv2%2Fmedia&parent=124483"}],"wp:term":[{"taxonomy":"category","embeddable":true,"href":"https:\/\/pressactu.com\/index.php?rest_route=%2Fwp%2Fv2%2Fcategories&post=124483"},{"taxonomy":"post_tag","embeddable":true,"href":"https:\/\/pressactu.com\/index.php?rest_route=%2Fwp%2Fv2%2Ftags&post=124483"},{"taxonomy":"author","embeddable":true,"href":"https:\/\/pressactu.com\/index.php?rest_route=%2Fwp%2Fv2%2Fcoauthors&post=124483"}],"curies":[{"name":"wp","href":"https:\/\/api.w.org\/{rel}","templated":true}]}}