{"id":124480,"date":"2026-03-13T12:38:24","date_gmt":"2026-03-13T12:38:24","guid":{"rendered":"https:\/\/pressactu.com\/?p=124480"},"modified":"2026-03-13T12:38:24","modified_gmt":"2026-03-13T12:38:24","slug":"a-lissue-de-leur-formation-95-des-eleves-trouvent-un-emploi-dans-la-filiere-aeronautique-le-lycee-airbus-ouvre-ses-portes-au-public","status":"publish","type":"post","link":"https:\/\/pressactu.com\/?p=124480","title":{"rendered":"\u00c0 l\u2019issue de leur formation, 95\u00a0% des \u00e9l\u00e8ves trouvent un emploi dans la fili\u00e8re a\u00e9ronautique\u2026 Le lyc\u00e9e Airbus ouvre ses portes au public"},"content":{"rendered":"<p>\n                                                                    <span class=\"article-full__chapo-label hide-on-small-only\">l&#8217;essentiel<\/span><br \/>\n                                                                Le lyc\u00e9e professionnel Airbus ouvre ses portes ce samedi 14\u00a0mars 2026 \u00e0 Toulouse. Avec 100\u00a0% de r\u00e9ussite aux examens et 95\u00a0% d\u2019insertion professionnelle, l\u2019\u00e9tablissement confirme son r\u00f4le moteur dans la formation aux m\u00e9tiers de l\u2019a\u00e9ronautique.\n                            <\/p>\n<div rel=\"js-article-content\">\n                                                                                                                                                            <!-- Pub DFP Position [outstream] --><\/p>\n<p>Le lyc\u00e9e professionnel priv\u00e9 des m\u00e9tiers de l\u2019a\u00e9ronautique Airbus organise une matin\u00e9e portes ouvertes ce samedi 14\u00a0mars entre 8\u00a0h et 12\u00a0h\u00a030. L\u2019\u00e9tablissement, cr\u00e9\u00e9 en 1949, est situ\u00e9 au c\u0153ur de l\u2019usine Saint-Eloi \u00e0 Toulouse*, la plus ancienne des usines Airbus, sp\u00e9cialis\u00e9e dans la production de m\u00e2ts r\u00e9acteurs.<\/p>\n<p><!-- Pub DFP Position [article] --><\/p>\n<div class=\"article-full-nl-promo\">\n<div class=\"article-full-nl-promo__content\">\n<p class=\"article-full-nl-promo__title\">Newsletter A\u00e9ronautique<\/p>\n<p class=\"article-full-nl-promo__text\">Votre RDV hebdomadaire pour d\u00e9couvrir des <strong>informations<br \/>\n                    exclusives<\/strong> sur le secteur de l\u2019a\u00e9ronautique : interviews, analyses approfondies, enqu\u00eates&#8230;<\/p>\n<\/p><\/div>\n<p>        <a class=\"btn btn-primary btn-pill\" href=\"https:\/\/profil.ladepeche.fr\/account\/newsletter?optinNL=NEWS_AERO\">S&#8217;inscrire<\/a>\n    <\/div>\n<p>Ouvert aux jeunes et \u00e0 leurs familles, l\u2019\u00e9v\u00e9nement ne n\u00e9cessite aucune inscription pr\u00e9alable. Tout au long de la matin\u00e9e, diff\u00e9rentes visites seront propos\u00e9es au public afin de d\u00e9couvrir ce que propose ce lyc\u00e9e, qui dispense un enseignement gratuit avec un corps d\u2019enseignants compos\u00e9 \u00e0 la fois de professeurs de l\u2019\u00c9ducation nationale et de professionnels issus de l\u2019entreprise.<\/p>\n<p class=\"std-elt__inline\">\n        <strong>\u00c0 lire aussi :<\/strong><br \/>\n        <a href=\"\/2026\/01\/08\/a-toulouse-le-lycee-airbus-recrute-aussi-par-simulation-13149666.php\">\u00c0 Toulouse, le lyc\u00e9e Airbus recrute aussi par simulation<\/a>\n    <\/p>\n<h2 class=\"txt-int\">Des formations \u00e0 la carte<\/h2>\n<p>Pour les lyc\u00e9ens, trois baccalaur\u00e9ats professionnels sont propos\u00e9s\u00a0: a\u00e9ronautique (option avionique, structure ou syst\u00e8mes), technicien en r\u00e9alisation de produits m\u00e9caniques et technicien en chaudronnerie industrielle.<\/p>\n<p>Pour les Bac +\u00a02, l\u2019\u00e9tablissement propose, en partenariat, un BTS A\u00e9ronautique et un BTS Maintenance des syst\u00e8mes de production. Il dispense \u00e9galement, pour les dipl\u00f4m\u00e9s d\u2019un bac professionnel, technologique ou g\u00e9n\u00e9ral, une formation de deux ans pour devenir technicien sup\u00e9rieur en m\u00e9thodes et exploitation logistique.<\/p>\n<p>Le <a href=\"https:\/\/www.lyceeairbus.com\/\" target=\"_self\">lyc\u00e9e Airbus<\/a> propose \u00e9galement trois CAP A\u00e9ronautique en apprentissage\u00a0: avionique, structure et syst\u00e8me. Pour les titulaires d\u2019un BTS A\u00e9ronautique, un certificat de sp\u00e9cialisation Agent de contr\u00f4le non destructif et Technicien en peinture a\u00e9ronautique figurent enfin au catalogue des formations.<\/p>\n<div class=\"center-align\" rel=\"js-article-inline-img\" data-protec-aida=\"image\">\n<figure class=\"std-img\" data-src=\"https:\/\/images.ladepeche.fr\/api\/v1\/images\/view\/69b3d905fa3487af2a0c17ae\/original\/image.jpg?v=1\">\n        <img decoding=\"async\" class=\"std-img__img responsive-img\" src=\"http:\/\/pressactu.com\/wp-content\/uploads\/2026\/03\/1773405504_196_image.jpg?v=1\" alt=\"Le lyc\u00e9e Airbus a affich\u00e9 en 2025 un taux de r\u00e9ussite au Bac, CAP et Certificat de sp\u00e9cialisation de 100\u00a0%.\"\/><figcaption class=\"article-full__media-infos\">\n                <span class=\"article-full__media-legend\">Le lyc\u00e9e Airbus a affich\u00e9 en 2025 un taux de r\u00e9ussite au Bac, CAP et Certificat de sp\u00e9cialisation de 100\u00a0%.<\/span><br \/>\n                                    <span class=\"article-full__media-author\">DDM &#8211; MS<\/span><br \/>\n                            <\/figcaption><\/figure>\n<\/div>\n<h2 class=\"txt-int\">Un emploi quasi assur\u00e9 \u00e0 la sortie<\/h2>\n<p>Le taux de r\u00e9ussite au bac, au CAP et au certificat de sp\u00e9cialisation a \u00e9t\u00e9 de 100\u00a0% en 2025. \u00c0 l\u2019issue de leur formation, 95\u00a0% des \u00e9l\u00e8ves trouvent un emploi dans la fili\u00e8re a\u00e9ronautique. Le lyc\u00e9e Airbus forme chaque ann\u00e9e plus de 500 jeunes gar\u00e7ons et filles, dont 27\u00a0% de jeunes filles. Elles ne repr\u00e9sentaient que 10\u00a0% des effectifs il y a dix ans. Le lyc\u00e9e Airbus vient d\u2019ailleurs de recevoir le niveau 2 du label \u00e9galit\u00e9 filles-gar\u00e7ons des \u00e9tablissements du second degr\u00e9.<\/p>\n<footer class=\"txt-note\">* 57 chemin du Sang-de-Serp, Toulouse (ligne B m\u00e9tro, station Canal du Midi)<\/footer>\n<\/p><\/div>\n<p><a href=\"https:\/\/www.ladepeche.fr\/2026\/03\/13\/a-lissue-de-leur-formation-95-des-eleves-trouvent-un-emploi-dans-la-filiere-aeronautique-le-lycee-airbus-ouvre-ses-portes-au-public-13268210.php\">source<\/a><\/p>\n","protected":false},"excerpt":{"rendered":"<p>l&#8217;essentiel Le lyc\u00e9e professionnel Airbus ouvre ses portes ce samedi 14\u00a0mars 2026 \u00e0 Toulouse. Avec 100\u00a0% de r\u00e9ussite aux examens et 95\u00a0% d\u2019insertion professionnelle, l\u2019\u00e9tablissement confirme son r\u00f4le moteur dans la formation aux m\u00e9tiers de l\u2019a\u00e9ronautique. Le lyc\u00e9e professionnel priv\u00e9 des m\u00e9tiers de l\u2019a\u00e9ronautique Airbus organise une matin\u00e9e portes ouvertes ce samedi 14\u00a0mars entre 8\u00a0h [&hellip;]<\/p>\n","protected":false},"author":1,"featured_media":124481,"comment_status":"open","ping_status":"open","sticky":false,"template":"","format":"standard","meta":{"_monsterinsights_skip_tracking":false,"_monsterinsights_sitenote_active":false,"_monsterinsights_sitenote_note":"","_monsterinsights_sitenote_category":0,"footnotes":""},"categories":[74],"tags":[],"coauthors":[77],"class_list":["post-124480","post","type-post","status-publish","format-standard","has-post-thumbnail","hentry","category-economie"],"aioseo_notices":[],"_links":{"self":[{"href":"https:\/\/pressactu.com\/index.php?rest_route=\/wp\/v2\/posts\/124480","targetHints":{"allow":["GET"]}}],"collection":[{"href":"https:\/\/pressactu.com\/index.php?rest_route=\/wp\/v2\/posts"}],"about":[{"href":"https:\/\/pressactu.com\/index.php?rest_route=\/wp\/v2\/types\/post"}],"author":[{"embeddable":true,"href":"https:\/\/pressactu.com\/index.php?rest_route=\/wp\/v2\/users\/1"}],"replies":[{"embeddable":true,"href":"https:\/\/pressactu.com\/index.php?rest_route=%2Fwp%2Fv2%2Fcomments&post=124480"}],"version-history":[{"count":0,"href":"https:\/\/pressactu.com\/index.php?rest_route=\/wp\/v2\/posts\/124480\/revisions"}],"wp:featuredmedia":[{"embeddable":true,"href":"https:\/\/pressactu.com\/index.php?rest_route=\/wp\/v2\/media\/124481"}],"wp:attachment":[{"href":"https:\/\/pressactu.com\/index.php?rest_route=%2Fwp%2Fv2%2Fmedia&parent=124480"}],"wp:term":[{"taxonomy":"category","embeddable":true,"href":"https:\/\/pressactu.com\/index.php?rest_route=%2Fwp%2Fv2%2Fcategories&post=124480"},{"taxonomy":"post_tag","embeddable":true,"href":"https:\/\/pressactu.com\/index.php?rest_route=%2Fwp%2Fv2%2Ftags&post=124480"},{"taxonomy":"author","embeddable":true,"href":"https:\/\/pressactu.com\/index.php?rest_route=%2Fwp%2Fv2%2Fcoauthors&post=124480"}],"curies":[{"name":"wp","href":"https:\/\/api.w.org\/{rel}","templated":true}]}}