{"id":124477,"date":"2026-03-13T11:20:46","date_gmt":"2026-03-13T11:20:46","guid":{"rendered":"https:\/\/pressactu.com\/?p=124477"},"modified":"2026-03-13T11:20:46","modified_gmt":"2026-03-13T11:20:46","slug":"temoignage-bloquee-au-sri-lanka-cette-famille-doit-payer-11-000-euros-pour-rentrer-en-france-il-y-a-une-forme-de-speculation-autour-du-malheur-des-gens","status":"publish","type":"post","link":"https:\/\/pressactu.com\/?p=124477","title":{"rendered":"TEMOIGNAGE. Bloqu\u00e9e au Sri Lanka, cette famille doit payer 11\u00a0000\u00a0euros pour rentrer en France : &quot;Il y a une forme de sp\u00e9culation autour du malheur des gens&quot;"},"content":{"rendered":"<p>\n                                                                    <span class=\"article-full__chapo-label hide-on-small-only\">l&#8217;essentiel<\/span><br \/>\n                                                                Les vacances d\u2019une famille ari\u00e9geoise et haut-garonnaise ont vir\u00e9 au cauchemar au Sri-Lanka, dans le sillage du conflit au Moyen-Orient. Vols annul\u00e9s, prix envol\u00e9s, plus de 11\u00a0000\u00a0euros d\u00e9pens\u00e9s pour rentrer\u2026. Cor\u00e9lia et ses proches se sont sentis abandonn\u00e9s par leur compagnie a\u00e9rienne et la France.\n                            <\/p>\n<div rel=\"js-article-content\" data-state=\"fixed-height\" data-selection=\"disabled\">\n                                                                                                                                                            <!-- Pub DFP Position [outstream] --><\/p>\n<p>Ce voyage, Cor\u00e9lia Pratx et sa famille l\u2019attendaient depuis longtemps. Mais ce qui devait \u00eatre des vacances de r\u00eave au Sri Lanka s\u2019est transform\u00e9 en parcours du combattant pour rentrer en France.<\/p>\n<p><!-- Pub DFP Position [article] --><\/p>\n<p>La famille, compos\u00e9e de six personnes (quatre adultes et deux adolescentes de 14 ans) vit entre l\u2019Ari\u00e8ge et la Haute-Garonne, \u00e0 Pamiers et \u00e0 Gr\u00e9piac pr\u00e9cis\u00e9ment. Ces naturalistes passionn\u00e9s d\u2019ornithologie avaient choisi ce pays insulaire\u00a0pour observer les oiseaux et les \u00e9l\u00e9phants. &#8220;Et puis notre tante est Sri-lankaise, elle nous r\u00e9p\u00e9tait depuis des ann\u00e9es d\u2019aller d\u00e9couvrir son pays natal&#8221;, relate pour <em>La D\u00e9p\u00eache du Midi<\/em> Cor\u00e9lia Pratx.<\/p>\n<p class=\"std-elt__inline\">\n        <strong>\u00c0 lire aussi :<\/strong><br \/>\n        <a href=\"\/2026\/03\/08\/guerre-en-iran-vols-annules-flambee-des-prix-un-repas-par-jour-la-detresse-dune-famille-bloquee-au-sri-lanka-13261267.php\">Guerre en Iran\u00a0: vols annul\u00e9s, flamb\u00e9e des prix, un repas par jour\u2026 la d\u00e9tresse d\u2019une famille bloqu\u00e9e au Sri Lanka<\/a>\n    <\/p>\n<h2 class=\"txt-int\">&#8220;S\u2019il y avait eu la moindre alerte claire, jamais nous ne serions partis&#8221;<\/h2>\n<p>Les billets d\u2019avion avaient \u00e9t\u00e9 r\u00e9serv\u00e9s pr\u00e8s d\u2019un an \u00e0 l\u2019avance, au d\u00e9part de Barcelone, faute de tarifs accessibles depuis Toulouse. &#8220;On avait choisi Qatar Airways parce que la compagnie \u00e9tait r\u00e9put\u00e9e \u00eatre &#8220;la meilleure du monde&#8221;. On avait aussi pris un vol plus cher avec une seule escale \u00e0 Doha car\u00a0nous ne sommes pas tr\u00e8s rassur\u00e9s en avion, alors on voulait \u00e9viter de multiplier les d\u00e9collages.&#8221;<\/p>\n<p>Le s\u00e9jour commence sous les meilleurs auspices et pendant une semaine, la famille profite de son s\u00e9jour. Puis la situation internationale se ternit au fur et \u00e0 mesure\u00a0: &#8220;On suivait l\u2019actualit\u00e9 parce qu\u2019il y avait des tensions mais on n\u2019imaginait pas que \u00e7a se d\u00e9clencherait \u00e0 ce moment-l\u00e0. S\u2019il y avait eu la moindre alerte claire, jamais nous ne serions partis&#8221;, affirme\u00a0l\u2019Ari\u00e9geoise.<\/p>\n<p class=\"std-elt__inline\">\n        <strong>\u00c0 lire aussi :<\/strong><br \/>\n        <a href=\"\/2026\/03\/13\/direct-guerre-au-moyen-orient-un-soldat-francais-tue-au-kurdistan-irakien-premier-deces-francais-dans-le-conflit-13268616.php\">DIRECT. Guerre au Moyen-Orient\u00a0: au moins 8 morts dans une frappe isra\u00e9lienne sur le sud du Liban<\/a>\n    <\/p>\n<p>Les vols sont annul\u00e9s les uns apr\u00e8s les autres. Deux jours avant leur retour en France, le leur n\u2019\u00e9chappe pas \u00e0 la r\u00e8gle. &#8220;On a envoy\u00e9 des mails \u00e0 la compagnie, mais les r\u00e9ponses arrivaient plusieurs jours apr\u00e8s et sans solution concr\u00e8te. On \u00e9tait dans le doute complet.&#8221;<\/p>\n<h2 class=\"txt-int\">Un sentiment d\u2019abandon<\/h2>\n<p>La famille s\u2019inscrit sur le Fil d\u2019Ariane du minist\u00e8re des Affaires \u00e9trang\u00e8res, contacte son assurance voyage, ses assurances personnelles. &#8220;On avait l\u2019impression que c\u2019\u00e9tait &#8216;signalez-vous puis d\u00e9brouillez-vous&#8217;. Les assurances nous ont dit que ce type de situation n\u2019\u00e9tait pas couvert&#8221;, souffle Cor\u00e9lia. Pendant plusieurs jours, la famille tente de trouver des solutions\u00a0mais les billets disponibles se rar\u00e9fient et les prix flambent. &#8220;On voyait les dates de retour s\u2019\u00e9loigner et les prix augmenter. Il y avait une forme de sp\u00e9culation autour du malheur des gens.&#8221;<\/p>\n<p class=\"std-elt__inline\">\n        <strong>\u00c0 lire aussi :<\/strong><br \/>\n        <a href=\"\/2026\/03\/10\/temoignage-bloquee-a-dubai-cette-toulousaine-doit-poser-des-conges-et-debourser-4-000-euros-pour-financer-son-retour-en-france-13264177.php\">T\u00c9MOIGNAGE. Bloqu\u00e9e \u00e0 Duba\u00ef, cette Toulousaine doit poser des cong\u00e9s et d\u00e9bourser 4\u00a0000\u00a0euros pour financer son retour en France<\/a>\n    <\/p>\n<p>Parmi les adultes, deux sont enseignants. La rentr\u00e9e scolaire approche et leur absence commence \u00e0 poser probl\u00e8me. &#8220;Pour la classe de CM2 ils ont trouv\u00e9 un remplacement, mais pas au coll\u00e8ge. Les filles sont en troisi\u00e8me et elles \u00e9taient tr\u00e8s stress\u00e9es \u00e0 l\u2019id\u00e9e d\u2019avoir tous les cours \u00e0 rattraper.&#8221;<\/p>\n<h2 class=\"txt-int\">Des billets \u00e0 prix exorbitants<\/h2>\n<p>Dix jours apr\u00e8s leur date de retour initiale, la famille finit par trouver un vol disponible pour la\u00a0somme de 2\u00a0000\u00a0euros par personne\u2026 Les proches de Cor\u00e9lia se r\u00e9signent \u00e0 les prendre mais l\u00e0 encore, un \u00e9ni\u00e8me probl\u00e8me arrive. &#8220;Les plafonds de nos cartes bancaires sont d\u00e9pass\u00e9s. Nous payons donc trois fois deux places avec trois cartes bancaires diff\u00e9rentes&#8221;. Et histoire de bien enfoncer le clou\u00a0: seules deux places sont confirm\u00e9es.<\/p>\n<p>Apr\u00e8s de nombreux appels et l\u2019aide d\u2019une proche en France, quatre membres de la famille obtiennent finalement ce vol. Les deux derniers trouveront un autre billet le lendemain. Leur\u00a0retour sera donc \u00e9tal\u00e9 sur deux jours, les 16 et 17\u00a0mars, avec 23\u00a0heures de voyage, deux escales et une facture totale d\u00e9passant les 11\u00a0000\u00a0euros.<\/p>\n<p class=\"std-elt__inline\">\n        <strong>\u00c0 lire aussi :<\/strong><br \/>\n        <a href=\"\/2026\/03\/04\/guerre-en-iran-des-sirenes-toute-la-nuit-vacances-dhorreur-a-dubai-pour-ces-toulousains-bloques-sous-les-missiles-et-dont-les-frais-explosent-13254626.php\">Guerre en Iran\u00a0: &#8220;Des sir\u00e8nes toute la nuit&#8221;\u2026 vacances d\u2019horreur \u00e0 Duba\u00ef pour ces Toulousains bloqu\u00e9s sous les missiles et dont les frais explosent<\/a>\n    <\/p>\n<h2 class=\"txt-int\">Le sentiment d\u2019avoir \u00e9t\u00e9 livr\u00e9s \u00e0 eux-m\u00eames<\/h2>\n<p>Cor\u00e9lia Pratx garde un sentiment amer de cette exp\u00e9rience, avec la sensation\u00a0d\u2019avoir \u00e9t\u00e9 livr\u00e9e \u00e0 elle-m\u00eame. &#8220;Les Sri-Lankais qu\u2019on a rencontr\u00e9s ont tout fait pour nous aider, nous proposant m\u00eame un soutien financier alors qu\u2019ils n\u2019avaient d\u00e9j\u00e0 pas beaucoup de ressources&#8221;.<\/p>\n<p>La famille esp\u00e9rait toutefois\u00a0davantage de soutien de son pays\u00a0: &#8220;On aurait aim\u00e9 un peu plus d\u2019accompagnement de notre pays, de nos assurances, et aussi de Qatar Airways soi-disant &#8216;meilleure compagnie a\u00e9rienne du monde&#8217;. Elle n\u2019est pas responsable de la situation, bien s\u00fbr, mais elle n\u2019a rien fait pour rassurer ses clients.&#8221;<\/p>\n<\/p><\/div>\n<p><a href=\"https:\/\/www.ladepeche.fr\/2026\/03\/13\/temoignage-bloquee-au-sri-lanka-cette-famille-doit-payer-11-000-euros-pour-rentrer-en-france-il-y-a-une-forme-de-speculation-autour-du-malheur-des-13270066.php\">source<\/a><\/p>\n","protected":false},"excerpt":{"rendered":"<p>l&#8217;essentiel Les vacances d\u2019une famille ari\u00e9geoise et haut-garonnaise ont vir\u00e9 au cauchemar au Sri-Lanka, dans le sillage du conflit au Moyen-Orient. Vols annul\u00e9s, prix envol\u00e9s, plus de 11\u00a0000\u00a0euros d\u00e9pens\u00e9s pour rentrer\u2026. Cor\u00e9lia et ses proches se sont sentis abandonn\u00e9s par leur compagnie a\u00e9rienne et la France. Ce voyage, Cor\u00e9lia Pratx et sa famille l\u2019attendaient depuis [&hellip;]<\/p>\n","protected":false},"author":1,"featured_media":124478,"comment_status":"open","ping_status":"open","sticky":false,"template":"","format":"standard","meta":{"_monsterinsights_skip_tracking":false,"_monsterinsights_sitenote_active":false,"_monsterinsights_sitenote_note":"","_monsterinsights_sitenote_category":0,"footnotes":""},"categories":[1],"tags":[],"coauthors":[77],"class_list":["post-124477","post","type-post","status-publish","format-standard","has-post-thumbnail","hentry","category-a-la-une"],"aioseo_notices":[],"_links":{"self":[{"href":"https:\/\/pressactu.com\/index.php?rest_route=\/wp\/v2\/posts\/124477","targetHints":{"allow":["GET"]}}],"collection":[{"href":"https:\/\/pressactu.com\/index.php?rest_route=\/wp\/v2\/posts"}],"about":[{"href":"https:\/\/pressactu.com\/index.php?rest_route=\/wp\/v2\/types\/post"}],"author":[{"embeddable":true,"href":"https:\/\/pressactu.com\/index.php?rest_route=\/wp\/v2\/users\/1"}],"replies":[{"embeddable":true,"href":"https:\/\/pressactu.com\/index.php?rest_route=%2Fwp%2Fv2%2Fcomments&post=124477"}],"version-history":[{"count":0,"href":"https:\/\/pressactu.com\/index.php?rest_route=\/wp\/v2\/posts\/124477\/revisions"}],"wp:featuredmedia":[{"embeddable":true,"href":"https:\/\/pressactu.com\/index.php?rest_route=\/wp\/v2\/media\/124478"}],"wp:attachment":[{"href":"https:\/\/pressactu.com\/index.php?rest_route=%2Fwp%2Fv2%2Fmedia&parent=124477"}],"wp:term":[{"taxonomy":"category","embeddable":true,"href":"https:\/\/pressactu.com\/index.php?rest_route=%2Fwp%2Fv2%2Fcategories&post=124477"},{"taxonomy":"post_tag","embeddable":true,"href":"https:\/\/pressactu.com\/index.php?rest_route=%2Fwp%2Fv2%2Ftags&post=124477"},{"taxonomy":"author","embeddable":true,"href":"https:\/\/pressactu.com\/index.php?rest_route=%2Fwp%2Fv2%2Fcoauthors&post=124477"}],"curies":[{"name":"wp","href":"https:\/\/api.w.org\/{rel}","templated":true}]}}