{"id":124475,"date":"2026-03-13T11:05:32","date_gmt":"2026-03-13T11:05:32","guid":{"rendered":"https:\/\/pressactu.com\/?p=124475"},"modified":"2026-03-13T11:05:32","modified_gmt":"2026-03-13T11:05:32","slug":"entretien-cest-peut-etre-un-mal-pour-un-bien-le-president-de-lassociation-evoque-lavenir-du-stado","status":"publish","type":"post","link":"https:\/\/pressactu.com\/?p=124475","title":{"rendered":"ENTRETIEN. &quot;C\u2019est peut-\u00eatre un mal pour un bien&quot;, le pr\u00e9sident de l\u2019Association \u00e9voque l\u2019avenir du Stado"},"content":{"rendered":"<p>\n                                                                    <span class=\"article-full__chapo-label hide-on-small-only\">l&#8217;essentiel<\/span><br \/>\n                                                                Apr\u00e8s la disparition de la SASP, la partie professionnelle du Stado TPR en d\u00e9p\u00f4t de bilan, Michel Ridou pr\u00e9sident de l\u2019Association qui regroupe toutes les cat\u00e9gories jeunes a accept\u00e9, pour la premi\u00e8re fois, de r\u00e9pondre \u00e0 quelques questions concernant l\u2019avenir du club.<br \/>Malgr\u00e9 la disparition de la SASP, le club esp\u00e8re rena\u00eetre gr\u00e2ce \u00e0 de nouveaux soutiens et un projet sportif repens\u00e9.\n                            <\/p>\n<div rel=\"js-article-content\" data-state=\"fixed-height\" data-selection=\"disabled\">\n                                                                                                                                                            <!-- Pub DFP Position [outstream] --><\/p>\n<p class=\"txt-question\">Selon vous, quelles sont les raisons pr\u00e9cises qui ont conduit au d\u00e9p\u00f4t de bilan et comment voyez-vous l\u2019avenir\u00a0?<\/p>\n<p><!-- Pub DFP Position [article] --><\/p>\n<p>La raison principale est le manque de tr\u00e9sorerie ce qui a entra\u00een\u00e9 les imp\u00f4ts \u00e0 nous bloquer les comptes en janvier et de ce fait on n\u2019a plus eu de rentr\u00e9e d\u2019argent car les subventions que nous devions percevoir et le partenariat que nous avions avec certaines entreprises ont \u00e9t\u00e9 saisies. Le d\u00e9part de Lionel Terr\u00e9, les difficult\u00e9s \u00e0 trouver des sponsors vu la situation \u00e9conomique du d\u00e9partement ne nous ont pas facilit\u00e9 la t\u00e2che. Peut-\u00eatre que maintenant comme la SASP n\u2019existe plus, certains reviendront nous soutenir en sachant qu\u2019ils pourront d\u00e9fiscaliser 60\u00a0% de la somme qu\u2019ils nous verseront. On compte aussi sur celui qui sera \u00e9lu le prochain maire de Tarbes car au vu des annonces que les candidats ont faites et des aides qu\u2019ils pensent nous apporter il y a des raisons d\u2019esp\u00e9rer des jours meilleurs.<\/p>\n<h2 class=\"txt-int\"><span class=\"txt-cit\">&#8220;Nos difficult\u00e9s financi\u00e8res remontent \u00e0 20, 25 ans\u2026 &#8220;<\/span><\/h2>\n<p class=\"txt-question\">Depuis quand les difficult\u00e9s financi\u00e8res sont-elles connues\u00a0?<\/p>\n<p>Nos difficult\u00e9s financi\u00e8res remontent \u00e0 20, 25 ans\u2026 Mais jusqu\u2019\u00e0 la saison derni\u00e8re on avait un pr\u00e9sident (Lionel Terr\u00e9, NDLR) qui \u00e9tait capable de mettre la main au portefeuille pour \u00e9ponger le d\u00e9ficit, ce qui n\u2019a pas \u00e9t\u00e9 le cas malheureusement cette fois.<\/p>\n<p class=\"txt-question\">Vous avez re\u00e7u durant la semaine\u00a0chaque joueur professionnel. Est-ce qu\u2019on peut en savoir un peu plus sur leur avenir\u00a0?<\/p>\n<p>Ils vont bient\u00f4t \u00eatre pris en charge par l\u2019AGS (Assurance Garantie des Salaires). Nous les avons re\u00e7us individuellement, certains ont manifest\u00e9 leur d\u00e9sir de rester au club, mais on ne pourra tous les conserver que si la plupart acceptent d\u2019avoir un travail en dehors du rugby. Dans cette p\u00e9riode tr\u00e8s compliqu\u00e9e pour eux, il y en a plusieurs qui font des petits boulots pour joindre les deux bouts.<\/p>\n<p class=\"txt-question\">Concernant les jeunes, que va devenir le centre de formation qui faisait la jonction entre l\u2019\u00e9cole de rugby et l\u2019\u00e9quipe professionnelle\u00a0?<\/p>\n<p>Il va continuer sous une forme ou sous une autre. Soit on aura les moyens de le garder ou alors il deviendra une \u00e9cole de rugby labellis\u00e9. Le probl\u00e8me quand on descend en Nationale 2 ou F\u00e9d\u00e9rale 1, c\u2019est qu\u2019on aura toujours le m\u00eame cahier des charges mais nous n\u2019aurons plus les aides de la FFR entre 45\u00a0000\u00a0et 50\u00a0000\u00a0euros, tout d\u00e9pendra donc du budget que l\u2019on aura la saison prochaine.<\/p>\n<p class=\"txt-question\">\u00c0 quel niveau le club pourra-t-il repartir\u00a0?<\/p>\n<p>Actuellement l\u2019Association dispose de 800\u00a0000\u00a0\u00e0 900\u00a0000\u00a0euros de budget. D\u2019ici 15 jours nous allons d\u00e9poser un dossier aupr\u00e8s de la FFR avec un budget d\u2019environ 1\u00a0200\u00a0000\u00a0euros pour essayer de repartir au mieux en Nationale 2 ou au pire, en F\u00e9d\u00e9rale 1. Apr\u00e8s ce sera fonction des finances dont on disposera mais je reste optimiste car plusieurs partenaires proches du club depuis longtemps sont pr\u00eats \u00e0 mettre la main \u00e0 la poche pour nous aider afin que le club perdure.<\/p>\n<h2 class=\"txt-int\"><span class=\"txt-cit\">&#8220;On s\u2019est fait piller par la Section Paloise&#8221;<\/span><\/h2>\n<p class=\"txt-question\">Comment expliquez-vous la baisse des licenci\u00e9s \u00e0 Tarbes chez les jeunes\u00a0?<\/p>\n<p>La premi\u00e8re raison il y a une baisse des gamins qui veulent jouer au rugby, surtout au niveau des \u00e9quipes cadets\u00a0; la preuve Lourdes s\u2019est associ\u00e9e avec Argel\u00e8s et Lous Maynats, L\u2019entente des Coteaux avec les Gersois de Mirande Mielan Rabastens et l\u2019\u00e9cole de rugby du Bals a m\u00eame disparu. En plus on s\u2019est fait piller par la Section Paloise, avec une dizaine de gamins qu\u2019ils ont recrut\u00e9e cette saison. De nombreux jeunes de toutes les \u00e9coles de rugby du d\u00e9partement ont fait aussi le choix d\u2019aller \u00e0 Pau alors qu\u2019avant ils venaient d\u2019abord chez nous avant de tenter leur chance dans ce club de Top 14.<\/p>\n<p class=\"txt-question\">Quelles sont les raisons des difficult\u00e9s rencontr\u00e9es par les Crabos et les Alamercery dans leur championnat respectif\u00a0?<\/p>\n<p>Apr\u00e8s une saison o\u00f9 nos jeunes ont perform\u00e9 il y a donc eu un trou de g\u00e9n\u00e9ration chez les cadets ce qui nous a amen\u00e9s \u00e0 supprimer les Gaudermen pour renforcer les Alamercery mais malheureusement avec beaucoup de premi\u00e8res ann\u00e9es les r\u00e9sultats n\u2019ont pas \u00e9t\u00e9 au rendez-vous, certains gamins se sont d\u00e9courag\u00e9s ce qui explique qu\u2019ils n\u2019\u00e9taient que 20 sur la feuille de match samedi dernier. En ce qui concerne les Crabos, il n\u2019y a pas de probl\u00e8mes d\u2019effectif mais c\u2019est le d\u00e9part de certains meneurs qui a affaibli cette \u00e9quipe. Je pense toutefois qu\u2019ils sont capables de ne pas finir dans les deux derni\u00e8res places de la poule pour \u00e9viter la rel\u00e9gation en championnat de Nationale comme \u00e7a va \u00eatre le cas pour les cadets. Avec l\u2019apport de nos minimes qui performent en Super Challenge de France c\u2019est peut-\u00eatre un mal pour un bien pour les Alamercery de disputer la saison prochaine un Championnat moins hupp\u00e9 avec surtout des d\u00e9placements moins lointains.<\/p>\n<p class=\"txt-question\">Un nouveau projet sportif est-il en pr\u00e9paration\u00a0?<\/p>\n<p>Il devrait y avoir un nouveau comit\u00e9 directeur avec un repr\u00e9sentant de la mairie de Tarbes, du grand Tarbes, du conseil g\u00e9n\u00e9ral et un pr\u00e9sident de l\u2019association qui ne sera pas moi car j\u2019ai d\u00e9cid\u00e9 de moins m\u2019investir d\u00e9sormais au sein du club.<\/p>\n<\/p><\/div>\n<p><a href=\"https:\/\/www.ladepeche.fr\/2026\/03\/13\/entretien-cest-peut-etre-un-mal-pour-un-bien-le-president-de-lassociation-evoque-lavenir-du-stado-13270217.php\">source<\/a><\/p>\n","protected":false},"excerpt":{"rendered":"<p>l&#8217;essentiel Apr\u00e8s la disparition de la SASP, la partie professionnelle du Stado TPR en d\u00e9p\u00f4t de bilan, Michel Ridou pr\u00e9sident de l\u2019Association qui regroupe toutes les cat\u00e9gories jeunes a accept\u00e9, pour la premi\u00e8re fois, de r\u00e9pondre \u00e0 quelques questions concernant l\u2019avenir du club.Malgr\u00e9 la disparition de la SASP, le club esp\u00e8re rena\u00eetre gr\u00e2ce \u00e0 de [&hellip;]<\/p>\n","protected":false},"author":1,"featured_media":124476,"comment_status":"open","ping_status":"open","sticky":false,"template":"","format":"standard","meta":{"_monsterinsights_skip_tracking":false,"_monsterinsights_sitenote_active":false,"_monsterinsights_sitenote_note":"","_monsterinsights_sitenote_category":0,"footnotes":""},"categories":[71],"tags":[],"coauthors":[77],"class_list":["post-124475","post","type-post","status-publish","format-standard","has-post-thumbnail","hentry","category-sport"],"aioseo_notices":[],"_links":{"self":[{"href":"https:\/\/pressactu.com\/index.php?rest_route=\/wp\/v2\/posts\/124475","targetHints":{"allow":["GET"]}}],"collection":[{"href":"https:\/\/pressactu.com\/index.php?rest_route=\/wp\/v2\/posts"}],"about":[{"href":"https:\/\/pressactu.com\/index.php?rest_route=\/wp\/v2\/types\/post"}],"author":[{"embeddable":true,"href":"https:\/\/pressactu.com\/index.php?rest_route=\/wp\/v2\/users\/1"}],"replies":[{"embeddable":true,"href":"https:\/\/pressactu.com\/index.php?rest_route=%2Fwp%2Fv2%2Fcomments&post=124475"}],"version-history":[{"count":0,"href":"https:\/\/pressactu.com\/index.php?rest_route=\/wp\/v2\/posts\/124475\/revisions"}],"wp:featuredmedia":[{"embeddable":true,"href":"https:\/\/pressactu.com\/index.php?rest_route=\/wp\/v2\/media\/124476"}],"wp:attachment":[{"href":"https:\/\/pressactu.com\/index.php?rest_route=%2Fwp%2Fv2%2Fmedia&parent=124475"}],"wp:term":[{"taxonomy":"category","embeddable":true,"href":"https:\/\/pressactu.com\/index.php?rest_route=%2Fwp%2Fv2%2Fcategories&post=124475"},{"taxonomy":"post_tag","embeddable":true,"href":"https:\/\/pressactu.com\/index.php?rest_route=%2Fwp%2Fv2%2Ftags&post=124475"},{"taxonomy":"author","embeddable":true,"href":"https:\/\/pressactu.com\/index.php?rest_route=%2Fwp%2Fv2%2Fcoauthors&post=124475"}],"curies":[{"name":"wp","href":"https:\/\/api.w.org\/{rel}","templated":true}]}}