{"id":124468,"date":"2026-03-13T09:24:39","date_gmt":"2026-03-13T09:24:39","guid":{"rendered":"https:\/\/pressactu.com\/?p=124468"},"modified":"2026-03-13T09:24:39","modified_gmt":"2026-03-13T09:24:39","slug":"pour-leur-propre-vie-et-leur-securite-donald-trump-menace-a-demi-mot-lequipe-diran-en-cas-de-participation-a-la-coupe-du-monde-2026","status":"publish","type":"post","link":"https:\/\/pressactu.com\/?p=124468","title":{"rendered":"&quot;Pour leur propre vie et leur s\u00e9curit\u00e9\u2026&quot; Donald Trump menace \u00e0 demi-mot l\u2019\u00e9quipe d\u2019Iran en cas de participation \u00e0 la Coupe du monde 2026"},"content":{"rendered":"<p>\n                                                                    <span class=\"article-full__chapo-label hide-on-small-only\">l&#8217;essentiel<\/span><br \/>\n                                                                Au lendemain de l\u2019annonce du boycott iranien du Mondial-2026, Donald Trump a durci le ton ce jeudi en estimant qu\u2019il n\u2019\u00e9tait pas &#8220;appropri\u00e9&#8221;\u00a0que la s\u00e9lection iranienne participe au tournoi, pourtant organis\u00e9 qu\u2019en partie aux \u00c9tats-Unis. Une sortie qui accentue encore un peu plus la rupture entre Washington et T\u00e9h\u00e9ran.\n                            <\/p>\n<div rel=\"js-article-content\">\n                                                                                                                                                            <!-- Pub DFP Position [outstream] --><\/p>\n<p>Le dossier iranien prend une tournure de plus en plus explosive. Ce jeudi 12\u00a0mars, le pr\u00e9sident am\u00e9ricain Donald Trump a publi\u00e9 un message sans ambigu\u00eft\u00e9 sur Truth Social au sujet de la participation de l\u2019Iran \u00e0 la Coupe du monde de football 2026.<\/p>\n<p><!-- Pub DFP Position [article] --><\/p>\n<p>&#8220;L\u2019\u00e9quipe nationale de football d\u2019Iran est la bienvenue \u00e0 la Coupe du monde, mais je ne crois vraiment pas qu\u2019il soit appropri\u00e9 qu\u2019ils soient l\u00e0, pour leur propre vie et leur s\u00e9curit\u00e9&#8221;, a \u00e9crit le pr\u00e9sident am\u00e9ricain. Une formule qui ressemble \u00e0 une mise en garde, voir une menace \u00e0 peine voil\u00e9e, alors que l\u2019Iran avait d\u00e9j\u00e0 annonc\u00e9 la veille son refus de disputer le Mondial coorganis\u00e9 aux \u00c9tats-Unis, au Canada et au Mexique.<\/p>\n<p class=\"std-elt__inline\">\n        <strong>\u00c0 lire aussi :<\/strong><br \/>\n        <a href=\"\/2026\/03\/11\/depuis-que-ce-gouvernement-corrompu-a-assassine-notre-dirigeant-liran-refuse-de-disputer-la-coupe-du-monde-2026-organisee-aux-etats-unis-13266683.php\">&#8220;Depuis que ce gouvernement corrompu a assassin\u00e9 notre dirigeant\u2026&#8221;\u00a0: l\u2019Iran refuse de disputer la Coupe du monde 2026 organis\u00e9e aux \u00c9tats-Unis<\/a>\n    <\/p>\n<h2 class=\"txt-int\">De &#8220;Ils sont les bienvenus&#8221; \u00e0 la menace de mort, il n\u2019y a qu\u2019un pas<\/h2>\n<p>Le plus frappant reste le contraste avec la position affich\u00e9e quelques jours plus t\u00f4t par Donald Trump. Le 3\u00a0mars, interrog\u00e9 par <a href=\"https:\/\/www.politico.com\/news\/2026\/03\/03\/iran-trump-world-cup-00808608\" target=\"_blank\">Politico<\/a> sur une \u00e9ventuelle participation iranienne, il avait d\u00e9clar\u00e9 qu\u2019il s\u2019en &#8220;moquait compl\u00e8tement&#8221;.<\/p>\n<p class=\"std-elt__inline\">\n        <strong>\u00c0 lire aussi :<\/strong><br \/>\n        <a href=\"\/2026\/03\/04\/coupe-du-monde-2026-liran-envisage-un-forfait-trump-reagit-sechement-je-men-fiche-completement-13254700.php\">Coupe du monde 2026 : l\u2019Iran envisage un forfait, Trump r\u00e9agit s\u00e8chement, &#8220;Je m\u2019en fiche compl\u00e8tement&#8221;<\/a>\n    <\/p>\n<p>Puis, hier encore, Gianni Infantino affirmait avoir re\u00e7u l\u2019assurance que l\u2019Iran serait &#8220;le bienvenu&#8221;\u00a0au Mondial. En l\u2019espace de quelques jours, le discours am\u00e9ricain a donc gliss\u00e9 de l\u2019indiff\u00e9rence affich\u00e9e \u00e0 une forme de dissuasion publique. Cette s\u00e9quence en dit surtout beaucoup sur l\u2019administration Trump\u00a0: comme souvent une communication erratique et totalement contradictoire. En tout cas, pas celle du niveau d\u2019un &#8220;prix de la paix&#8221; de la FIFA.<\/p>\n<\/p><\/div>\n<p><a href=\"https:\/\/www.ladepeche.fr\/2026\/03\/12\/pour-leur-propre-vie-et-leur-securite-donald-trump-menace-a-demi-mot-lequipe-diran-en-cas-de-participation-a-la-coupe-du-monde-2026-13268922.php\">source<\/a><\/p>\n","protected":false},"excerpt":{"rendered":"<p>l&#8217;essentiel Au lendemain de l\u2019annonce du boycott iranien du Mondial-2026, Donald Trump a durci le ton ce jeudi en estimant qu\u2019il n\u2019\u00e9tait pas &#8220;appropri\u00e9&#8221;\u00a0que la s\u00e9lection iranienne participe au tournoi, pourtant organis\u00e9 qu\u2019en partie aux \u00c9tats-Unis. Une sortie qui accentue encore un peu plus la rupture entre Washington et T\u00e9h\u00e9ran. Le dossier iranien prend une [&hellip;]<\/p>\n","protected":false},"author":1,"featured_media":124469,"comment_status":"open","ping_status":"open","sticky":false,"template":"","format":"standard","meta":{"_monsterinsights_skip_tracking":false,"_monsterinsights_sitenote_active":false,"_monsterinsights_sitenote_note":"","_monsterinsights_sitenote_category":0,"footnotes":""},"categories":[71],"tags":[],"coauthors":[77],"class_list":["post-124468","post","type-post","status-publish","format-standard","has-post-thumbnail","hentry","category-sport"],"aioseo_notices":[],"_links":{"self":[{"href":"https:\/\/pressactu.com\/index.php?rest_route=\/wp\/v2\/posts\/124468","targetHints":{"allow":["GET"]}}],"collection":[{"href":"https:\/\/pressactu.com\/index.php?rest_route=\/wp\/v2\/posts"}],"about":[{"href":"https:\/\/pressactu.com\/index.php?rest_route=\/wp\/v2\/types\/post"}],"author":[{"embeddable":true,"href":"https:\/\/pressactu.com\/index.php?rest_route=\/wp\/v2\/users\/1"}],"replies":[{"embeddable":true,"href":"https:\/\/pressactu.com\/index.php?rest_route=%2Fwp%2Fv2%2Fcomments&post=124468"}],"version-history":[{"count":0,"href":"https:\/\/pressactu.com\/index.php?rest_route=\/wp\/v2\/posts\/124468\/revisions"}],"wp:featuredmedia":[{"embeddable":true,"href":"https:\/\/pressactu.com\/index.php?rest_route=\/wp\/v2\/media\/124469"}],"wp:attachment":[{"href":"https:\/\/pressactu.com\/index.php?rest_route=%2Fwp%2Fv2%2Fmedia&parent=124468"}],"wp:term":[{"taxonomy":"category","embeddable":true,"href":"https:\/\/pressactu.com\/index.php?rest_route=%2Fwp%2Fv2%2Fcategories&post=124468"},{"taxonomy":"post_tag","embeddable":true,"href":"https:\/\/pressactu.com\/index.php?rest_route=%2Fwp%2Fv2%2Ftags&post=124468"},{"taxonomy":"author","embeddable":true,"href":"https:\/\/pressactu.com\/index.php?rest_route=%2Fwp%2Fv2%2Fcoauthors&post=124468"}],"curies":[{"name":"wp","href":"https:\/\/api.w.org\/{rel}","templated":true}]}}