{"id":124464,"date":"2026-03-13T08:53:18","date_gmt":"2026-03-13T08:53:18","guid":{"rendered":"https:\/\/pressactu.com\/?p=124464"},"modified":"2026-03-13T08:53:18","modified_gmt":"2026-03-13T08:53:18","slug":"au-parlement-europeen-la-droite-sallie-a-lextreme-droite-pour-durcir-les-regles-dexpulsion-des-migrants","status":"publish","type":"post","link":"https:\/\/pressactu.com\/?p=124464","title":{"rendered":"Au Parlement europ\u00e9en, la droite s\u2019allie \u00e0 l\u2019extr\u00eame droite pour durcir les r\u00e8gles d\u2019expulsion des migrants"},"content":{"rendered":"<div auto_robot_readability=\"46.307125307125\">\n                          <!-- partials\/article\/hook_media--standard.volt --><\/p>\n<figure class=\"hook-media--standard \" auto_robot_readability=\"-23.5\">\n    <picture class=\"hook-media_picture pb-8\"><source media=\"(max-width: 768px)\" srcset=\"https:\/\/focus.nouvelobs.com\/2026\/03\/11\/0\/0\/1200\/800\/375\/250\/75\/0\/8103847_upload-1-c5kxyywzh9dw-afp-20260310-a2n84at-v1-midres-franceeuparliamentpolitics.jpg 1x,https:\/\/focus.nouvelobs.com\/2026\/03\/11\/0\/0\/1200\/800\/750\/500\/50\/0\/8103847_upload-1-c5kxyywzh9dw-afp-20260310-a2n84at-v1-midres-franceeuparliamentpolitics.jpg 2x\" width=\"375\" height=\"250\"><img fetchpriority=\"high\" decoding=\"async\" class=\"mx-auto\" src=\"data:image\/svg+xml,%3Csvg%20xmlns%3D%27http%3A%2F%2Fwww.w3.org%2F2000%2Fsvg%27%20fill%3D%22%23e4e4e4%22%20viewBox%3D%270%200%20510%20340%27%20width%3D%22510%22%20height%3D%22340%22%3E%3Cpath%20d%3D%27M0%200h510v340H0z%27%2F%3E%3C%2Fsvg%3E\" srcset=\"https:\/\/focus.nouvelobs.com\/2026\/03\/11\/0\/0\/1200\/800\/510\/340\/75\/0\/8103847_upload-1-c5kxyywzh9dw-afp-20260310-a2n84at-v1-midres-franceeuparliamentpolitics.jpg 1x,https:\/\/focus.nouvelobs.com\/2026\/03\/11\/0\/0\/1200\/800\/1020\/680\/50\/0\/8103847_upload-1-c5kxyywzh9dw-afp-20260310-a2n84at-v1-midres-franceeuparliamentpolitics.jpg 2x\" loading=\"eager\" width=\"510\" height=\"340\" data-oncrawl-image-size=\"510x340\" alt=\"Session pl\u00e9ni\u00e8re du Parlement europ\u00e9en \u00e0 Strasbourg, le 10\u00a0mars 2026. \"\/>      <\/source><\/picture><figcaption class=\"hook-media_figcaption\" auto_robot_readability=\"-22\">\n<p class=\"latino-100m text-grey-600\">\n            Session pl\u00e9ni\u00e8re du Parlement europ\u00e9en \u00e0 Strasbourg, le 10\u00a0mars 2026. \u00a0<span class=\"text-grey-600 ms-4\">FREDERICK FLORIN \/ AFP<\/span>        <\/p>\n<\/figcaption><\/figure>\n<p>            <!-- partials\/article\/actions\/toolbar --><\/p>\n<div class=\"article__share d-flex align-items-center py-24 border-bottom  mb-32\" style=\"--border-color:#D9D9D9;\">\n<div class=\"d-flex flex-wrap gap-16\" auto_robot_readability=\"5.4705882352941\">\n<p>          <!-- partials\/article\/actions\/gift.volt --><\/p>\n<p>          <!-- partials\/article\/actions\/comment.volt --><\/p>\n<p>  <button data-article-key=\"20260312.OBS113113\" aria-label=\"Lire\u00a0plus\u00a0tard\" data-section=\"Monde\" data-piano=\"Page_Article,Sous_date_publi,A_lire_plus_tard,1er_clic,action\" class=\"popover-trigger btn--tertiary btn--icon-only btn btn--small btn--secondary read-later\"><br \/>\n    <i class=\"icon  icon-read-after\" aria-hidden=\"true\"\/><br \/>\n          <span class=\"latino-300r mt-2 \"><br \/>\n        Lire\u00a0plus\u00a0tard      <\/span><br \/>\n      <\/button><\/p>\n<p><a aria-label=\"Nous suivre sur Google News\" href=\"https:\/\/news.google.com\/publications\/CAAqBwgKMJe4nQkw3dFs?hl=fr&amp;gl=FR&amp;ceid=FR%3Afr\" target=\"_blank\" data-piano=\"Page_Article,Sous_date_publi,Nous_suivre_sur_google_news,1er_clic,action\" class=\"btn btn--small btn--tertiary btn--icon-only\"><br \/>\n        <svg class=\"icon icon--google  \" style=\"--fill:#56668A\">\n              <use href=\"\/bucket\/resources\/web\/img\/e86dad2a9be111d0faac.svg#google\"\/><\/p>\n<p>  <\/svg><br \/>\n      <span class=\"latino-300r mt-2 \">Google Actualit\u00e9s<\/span><br \/>\n  <\/a><\/p>\n<p>          <!-- partials\/article\/actions\/hook_action--share.volt --><br \/>\n<button id=\"share\" aria-label=\"Partager\" class=\"popover-trigger btn btn--small btn--tertiary btn--icon-only\" data-piano=\"Page_Article,Sous_date_publi,Partager,1er_clic,action\"><br \/>\n        <svg class=\"icon icon--share-alt  \" style=\"--fill:var(--base-foreground-color,#171717)\">\n              <use href=\"\/bucket\/resources\/web\/img\/e86dad2a9be111d0faac.svg#share-alt\"\/><\/p>\n<p>  <\/svg><br \/>\n  <span class=\"latino-300r mt-2\">Partager<\/span><br \/>\n<\/button><\/p>\n<div id=\"popover-share\" data-url=\"https:\/\/www.nouvelobs.com\/monde\/20260312.OBS113113\/au-parlement-europeen-la-droite-s-allie-a-l-extreme-droite-pour-durcir-les-regles-d-expulsion-des-migrants.html\" data-id=\"20260312.OBS113113\" data-popover-for=\"share\" class=\"popover p-32\" role=\"tooltip\" style=\"width: 375px\" auto_robot_readability=\"7\">\n<p>\n          <button onclick=\"setToFacebook();\" class=\"btn btn--large btn--secondary\" aria-label=\"Facebook\" piano-context-origin=\"Page_Article,Sous_date_publi,Partager,Facebook,action\"><br \/>\n              <svg class=\"icon icon--facebook  \" style=\"--fill:var(--base-foreground-color,#171717)\">\n              <use href=\"\/bucket\/resources\/web\/img\/e86dad2a9be111d0faac.svg#facebook\"\/><\/p>\n<p>  <\/svg><br \/>\n        <span class=\"latino-300r\">Facebook<\/span><br \/>\n      <\/button><br \/>\n      <button onclick=\"setToBsky();\" class=\"btn btn--large btn--secondary\" aria-label=\"Bluesky\" piano-context-origin=\"Page_Article,Sous_date_publi,Partager,Bluesky,action\"><br \/>\n              <svg class=\"icon icon--bluesky  \" style=\"--fill:var(--base-foreground-color,#171717)\">\n              <use href=\"\/bucket\/resources\/web\/img\/e86dad2a9be111d0faac.svg#bluesky\"\/><\/p>\n<p>  <\/svg><br \/>\n        <span class=\"latino-300r\">Bluesky<\/span><br \/>\n      <\/button><br \/>\n      <button id=\"mail-button\" onclick=\"setToMail(true)\" class=\"btn btn--large btn--secondary\" aria-label=\"Mail\" piano-context-origin=\"Page_Article,Sous_date_publi,Partager,Email,action\"><br \/>\n              <svg class=\"icon icon--mail  \" style=\"--fill:var(--base-foreground-color,#171717)\">\n              <use href=\"\/bucket\/resources\/web\/img\/e86dad2a9be111d0faac.svg#mail\"\/><\/p>\n<p>  <\/svg><br \/>\n        <span class=\"latino-300r\">E-mail<\/span><br \/>\n      <\/button><br \/>\n      <button onclick=\"setToClipboard();\" class=\"copy-button btn btn--large btn--secondary\" aria-label=\"copier le lien\" piano-context-origin=\"Page_Article,Sous_date_publi,Partager,Copier_lien,action\"><br \/>\n              <svg class=\"icon icon--link  \" style=\"--fill:var(--base-foreground-color,#171717)\">\n              <use href=\"\/bucket\/resources\/web\/img\/e86dad2a9be111d0faac.svg#link\"\/><\/p>\n<p>  <\/svg><br \/>\n        <span class=\"latino-300r\">Copier le lien<\/span><br \/>\n      <\/button>\n      <\/p>\n<p>\n    <button id=\"share-mail-submit\" type=\"submit\" form=\"mail-form\" onclick=\"__forecast.collectShareMail()\" class=\"latino-300r btn btn--large btn--black btn--fit\"><br \/>\n      Envoyer<br \/>\n    <\/button>\n  <\/p>\n<\/div>\n<p>          <!-- app\/web\/views\/partials\/article\/actions\/subscribe.volt --><\/p>\n<p>            <span data-urlencode=\"L2Fib25uZW1lbnQtbXVuaWNpcGFsZXMtMjAyNg==\" data-piano=\"Page_Article,Sous_date_publi,S_abonner_Municipales2026,1er_clic,action\" data-batch=\"clic_s_abonner\" class=\"btn btn--small btn--conversion-secondary\" style=\"--btn-color:#FFF;--btn-color-hover:#FFF;--btn-bg:#522DF7;--btn-bg-hover:#522DF7;--btn-bg-focus:#522DF7;--btn-border-color:#522DF7;\"><br \/>\n      S\u2019abonner pour lire    <\/span><\/p><\/div>\n<\/div>\n<p>            <!-- partials\/article\/contextual_blocks.volt --><\/p>\n<p>        <!-- partials\/article\/node.volt --><br \/>\n<!-- partials\/article\/node_text.volt --><\/p>\n<p class=\"node__paragraphe antonia-750r text-grey-800 pb-24 pb-md-32\">\n<em>\u00ab\u00a0D\u00e9sormais, si vous venez ill\u00e9galement sur le sol de nos pays, vous n\u2019avez aucune chance de rester.\u00a0\u00bb<\/em> Voil\u00e0 le message au ton r\u00e9pressif publi\u00e9 par l\u2019eurod\u00e9put\u00e9 conservateur fran\u00e7ais Fran\u00e7ois-Xavier Bellamy du Parti populaire europ\u00e9en (PPE) sur son compte X, lundi 9\u00a0mars. Un tweet publi\u00e9 apr\u00e8s l\u2019adoption du r\u00e8glement \u00ab\u00a0retour\u00a0\u00bb<em> <\/em>par la commission des libert\u00e9s civiles du Parlement europ\u00e9en.<\/p>\n<p>            <!-- partials\/article\/node.volt --><br \/>\n<!-- partials\/article\/node_text.volt --><\/p>\n<p class=\"node__paragraphe antonia-750r text-grey-800 pb-8\">\nLe r\u00e8glement, adopt\u00e9 \u00e0 41\u00a0voix contre 32, vise \u00e0 d\u00e9courager les personnes migrantes de tenter de s\u2019installer en Europe en raison des sanctions potentielles auxquelles ils pourraient s\u2019exposer, et pr\u00e9voit la mise en place de \u00ab\u00a0hubs de retour\u00a0\u00bb dans des pays non-europ\u00e9ens, l\u2019allongement de la dur\u00e9e de\u2026<\/p>\n<p>            <!-- app\/web\/views\/partials\/walls\/paywall-web.volt --><\/p>\n<div class=\"paywall2025 d-flex flex-column mb-8 flash-offer\" auto_robot_readability=\"7\">\n<div class=\"oreillette d-flex justify-content-center align-items-center py-4 rounded-top-15\" auto_robot_readability=\"32\">\n<p class=\"latino-100m text-blue-400\">Article r\u00e9serv\u00e9 aux abonn\u00e9s.<\/p>\n<p>              <span class=\"latino-100m ps-8 text-decoration-underline text-blue-400\" style=\"cursor: pointer;\" data-piano=\"paywall_Municipales26_anonymes,,,se_connecter,navigation\" data-urlencode=\"aHR0cHM6Ly9zZWMubm91dmVsb2JzLmNvbS9zZnVzZXIvY29ubmV4aW9uP3JlZGlyZWN0aW9uVXJsPWh0dHBzJTNBJTJGJTJGd3d3Lm5vdXZlbG9icy5jb20lMkZtb25kZSUyRjIwMjYwMzEyLk9CUzExMzExMyUyRmF1LXBhcmxlbWVudC1ldXJvcGVlbi1sYS1kcm9pdGUtcy1hbGxpZS1hLWwtZXh0cmVtZS1kcm9pdGUtcG91ci1kdXJjaXItbGVzLXJlZ2xlcy1kLWV4cHVsc2lvbi1kZXMtbWlncmFudHMuaHRtbA==\"><br \/>\n        Se connecter      <\/span>\n      <\/div>\n<div class=\"paywall-body d-flex flex-column flex-grow-1 justify-content-center p-8 p-md-16 rounded-bottom-15\" auto_robot_readability=\"32\">\n<p class=\"title text-center antonia-1850c\" style=\"margin-bottom:4px;\">Offre sp\u00e9ciale<\/p>\n<p class=\"description pb-8 pb-md-16 antonia-800c text-center\">Tous nos contenus exclusifs en acc\u00e8s illimit\u00e9<\/p>\n<div class=\"d-flex flex-wrap flex-column column-gap-16 justify-content-center align-items-center\">\n<div class=\"actions d-flex flex-column flex-md-row gap-8 gap-md-16 justify-content-center align-items-center w-100 pb-8 pb-md-16\">\n                  <span class=\"latino-100b latino-lg-300b btn btn--large btn--conversion-primary main-cta\" style=\"line-height:1;text-align:center!important;\" onclick=\"return window.pa.sendEvent('self_promotion.click', {&#10;                'onsitead_type': 'Self promotion',&#10;                'onsitead_campaign': 'Article Teaser Municipales 2026',&#10;                'onsitead_format':'Monde::Monde::20260312.OBS113113_Au_Parlement_Europeen_La_Droite_S_Allie_A_L_Extreme_Droite_Pour_Durcir_Les_Regles_D_Expulsion_Des_Migrants'&#10;              });\" data-urlencode=\"aHR0cHM6Ly9tYWNvbW1hbmRlLm5vdXZlbG9icy5jb20vYWNjb3VudC9jcmVhdGUvMjMzNzguMzY0OTgvMjI5MjQuMzYxODY\/YXJ0aWNsZT1odHRwcyUzQSUyRiUyRnd3dy5ub3V2ZWxvYnMuY29tJTJGbW9uZGUlMkYyMDI2MDMxMi5PQlMxMTMxMTMlMkZhdS1wYXJsZW1lbnQtZXVyb3BlZW4tbGEtZHJvaXRlLXMtYWxsaWUtYS1sLWV4dHJlbWUtZHJvaXRlLXBvdXItZHVyY2lyLWxlcy1yZWdsZXMtZC1leHB1bHNpb24tZGVzLW1pZ3JhbnRzLmh0bWw=\" role=\"button\"><br \/>\n            <span>S\u2019abonner\u00a0: <span class=\"text-decoration-line-through d-none d-md-inline\">7,99\u20ac <\/span>2,49\u20ac\/mois<\/span>                          <span class=\"cta_l2\">pendant 1 an<\/span>                      <\/span><\/p>\n<p class=\"or d-none d-md-flex\">ou<\/p>\n<p>                                    <button id=\"[&quot;essentiel_mensuel_0.99e3moisp7.99_swg&quot;,&quot;essentiel_annuel_29_99_swg&quot;]\" class=\"js-swg-activation swg-button text-center btn btn--large btn--swg\" aria-label=\"S'abonner avec Google\" style=\"cursor: pointer;\" onclick=\"ttq.track('AddToCart');return window.pa.sendEvent('self_promotion.click', {&#10;                    'onsitead_type': 'Self promotion',&#10;                    'onsitead_campaign': 'Article Teaser SWG Municipales 2026' ,&#10;                    'onsitead_format':'Monde::Monde::20260312.OBS113113_Au_Parlement_Europeen_La_Droite_S_Allie_A_L_Extreme_Droite_Pour_Durcir_Les_Regles_D_Expulsion_Des_Migrants'});\"><br \/>\n                        <img loading=\"lazy\" width=\"164\" height=\"20\" src=\"data:image\/svg+xml,%3Csvg%20xmlns%3D%27http%3A%2F%2Fwww.w3.org%2F2000%2Fsvg%27%20fill%3D%22%23e4e4e4%22%20viewBox%3D%270%200%20282%2054%27%20width%3D%22282%22%20height%3D%2254%22%3E%3Cpath%20d%3D%27M0%200h282v54H0z%27%2F%3E%3C%2Fsvg%3E\" srcset=\"\/bucket\/resources\/web\/img\/paywalls\/e5ba8d4bf655f12518cc.jpg\" class=\"js-swg-placeholder\" alt=\"Subscribe with Google\" loading=\"lazy\" decoding=\"async\"\/><br \/>\n          <\/button>\n              <\/div>\n<\/p><\/div>\n<\/p><\/div>\n<\/div><\/div>\n<p><a href=\"https:\/\/www.nouvelobs.com\/monde\/20260312.OBS113113\/au-parlement-europeen-la-droite-s-allie-a-l-extreme-droite-pour-durcir-les-regles-d-expulsion-des-migrants.html\">source<\/a><\/p>\n","protected":false},"excerpt":{"rendered":"<p>Session pl\u00e9ni\u00e8re du Parlement europ\u00e9en \u00e0 Strasbourg, le 10\u00a0mars 2026. \u00a0FREDERICK FLORIN \/ AFP Lire\u00a0plus\u00a0tard Google Actualit\u00e9s Partager Facebook Bluesky E-mail Copier le lien Envoyer S\u2019abonner pour lire \u00ab\u00a0D\u00e9sormais, si vous venez ill\u00e9galement sur le sol de nos pays, vous n\u2019avez aucune chance de rester.\u00a0\u00bb Voil\u00e0 le message au ton r\u00e9pressif publi\u00e9 par l\u2019eurod\u00e9put\u00e9 conservateur [&hellip;]<\/p>\n","protected":false},"author":1,"featured_media":124465,"comment_status":"open","ping_status":"open","sticky":false,"template":"","format":"standard","meta":{"_monsterinsights_skip_tracking":false,"_monsterinsights_sitenote_active":false,"_monsterinsights_sitenote_note":"","_monsterinsights_sitenote_category":0,"footnotes":""},"categories":[75],"tags":[],"coauthors":[77],"class_list":["post-124464","post","type-post","status-publish","format-standard","has-post-thumbnail","hentry","category-monde"],"aioseo_notices":[],"_links":{"self":[{"href":"https:\/\/pressactu.com\/index.php?rest_route=\/wp\/v2\/posts\/124464","targetHints":{"allow":["GET"]}}],"collection":[{"href":"https:\/\/pressactu.com\/index.php?rest_route=\/wp\/v2\/posts"}],"about":[{"href":"https:\/\/pressactu.com\/index.php?rest_route=\/wp\/v2\/types\/post"}],"author":[{"embeddable":true,"href":"https:\/\/pressactu.com\/index.php?rest_route=\/wp\/v2\/users\/1"}],"replies":[{"embeddable":true,"href":"https:\/\/pressactu.com\/index.php?rest_route=%2Fwp%2Fv2%2Fcomments&post=124464"}],"version-history":[{"count":0,"href":"https:\/\/pressactu.com\/index.php?rest_route=\/wp\/v2\/posts\/124464\/revisions"}],"wp:featuredmedia":[{"embeddable":true,"href":"https:\/\/pressactu.com\/index.php?rest_route=\/wp\/v2\/media\/124465"}],"wp:attachment":[{"href":"https:\/\/pressactu.com\/index.php?rest_route=%2Fwp%2Fv2%2Fmedia&parent=124464"}],"wp:term":[{"taxonomy":"category","embeddable":true,"href":"https:\/\/pressactu.com\/index.php?rest_route=%2Fwp%2Fv2%2Fcategories&post=124464"},{"taxonomy":"post_tag","embeddable":true,"href":"https:\/\/pressactu.com\/index.php?rest_route=%2Fwp%2Fv2%2Ftags&post=124464"},{"taxonomy":"author","embeddable":true,"href":"https:\/\/pressactu.com\/index.php?rest_route=%2Fwp%2Fv2%2Fcoauthors&post=124464"}],"curies":[{"name":"wp","href":"https:\/\/api.w.org\/{rel}","templated":true}]}}