{"id":124462,"date":"2026-03-13T07:57:32","date_gmt":"2026-03-13T07:57:32","guid":{"rendered":"https:\/\/pressactu.com\/?p=124462"},"modified":"2026-03-13T07:57:32","modified_gmt":"2026-03-13T07:57:32","slug":"accident-grave-sur-la-rn-88-a-la-sortie-dalbi-un-conducteur-blesse-et-la-circulation-paralysee","status":"publish","type":"post","link":"https:\/\/pressactu.com\/?p=124462","title":{"rendered":"Accident grave sur la RN 88 \u00e0 la sortie d\u2019Albi\u00a0: un conducteur bless\u00e9 et la circulation paralys\u00e9e"},"content":{"rendered":"<p>\n                                                                    <span class=\"article-full__chapo-label hide-on-small-only\">l&#8217;essentiel<\/span><br \/>\n                                                                Un grave accident de la circulation s\u2019est produit ce jeudi 12\u00a0mars sur la RN 88, \u00e0 la sortie d\u2019Albi. Le trafic est totalement interrompu sur cet axe. Les secours sont actuellement sur place pour intervenir et s\u00e9curiser la zone.\n                            <\/p>\n<div rel=\"js-article-content\" data-state=\"fixed-height\" data-selection=\"disabled\">\n                                                                                                                                                            <!-- Pub DFP Position [outstream] --><\/p>\n<p>Une collision violente s\u2019est produite ce jeudi 12\u00a0mars, aux alentours de 19\u00a0heures, sur la RN 88. L\u2019accident est localis\u00e9 dans le sens Albi-Rodez, \u00e0 proximit\u00e9 de l\u2019entreprise Julien Piscine \u00e0 la sortie d\u2019Albi. Selon les premi\u00e8res informations, un\u00a0v\u00e9hicule seul a quitt\u00e9 sa trajectoire pour percuter un arbre de mani\u00e8re frontale. Le conducteur du v\u00e9hicule, un jeune homme \u00e2g\u00e9 de 18 ans, a \u00e9t\u00e9 bless\u00e9. Il \u00e9tait conscient lors de l\u2019intervention des pompiers.<\/p>\n<p><!-- Pub DFP Position [article] --><\/p>\n<div class=\"center-align\" rel=\"js-article-inline-img\" data-protec-aida=\"image\">\n<figure class=\"std-img\" data-src=\"https:\/\/images.ladepeche.fr\/api\/v1\/images\/view\/69b30ac9c559235837035efe\/original\/image.jpg?v=1\">\n        <img decoding=\"async\" class=\"std-img__img responsive-img\" src=\"http:\/\/pressactu.com\/wp-content\/uploads\/2026\/03\/1773388651_912_image.jpg?v=1\" alt=\"Les secours sont sur place.\"\/><figcaption class=\"article-full__media-infos\">\n                <span class=\"article-full__media-legend\">Les secours sont sur place.<\/span><br \/>\n                                    <span class=\"article-full__media-author\">DDM &#8211; Ax.M<\/span><br \/>\n                            <\/figcaption><\/figure>\n<\/div>\n<p>Les circonstances exactes de cet accident\u00a0demeurent encore floues. Les forces de l\u2019ordre proc\u00e8dent actuellement aux constatations d\u2019usage pour d\u00e9terminer les causes du sinistre. La violence du choc a mobilis\u00e9 d\u2019importants moyens de secours sur les lieux.<\/p>\n<p>La circulation est totalement interrompue sur cette portion de la RN 88\u00a0afin de permettre l\u2019intervention des services d\u2019urgence. Les sapeurs-pompiers et les \u00e9quipes m\u00e9dicales travaillent activement sur la zone de l\u2019accident. Des d\u00e9viations locales ont \u00e9t\u00e9 mises en place. Cet axe de la RN 88 pourrait \u00eatre ferm\u00e9 une bonne partie de la soir\u00e9e.<\/p>\n<\/p><\/div>\n<p><a href=\"https:\/\/www.ladepeche.fr\/2026\/03\/12\/un-accident-grave-sur-la-rn-88-a-hauteur-dalbi-paralyse-la-circulation-ce-jeudi-soir-13269239.php\">source<\/a><\/p>\n","protected":false},"excerpt":{"rendered":"<p>l&#8217;essentiel Un grave accident de la circulation s\u2019est produit ce jeudi 12\u00a0mars sur la RN 88, \u00e0 la sortie d\u2019Albi. Le trafic est totalement interrompu sur cet axe. Les secours sont actuellement sur place pour intervenir et s\u00e9curiser la zone. Une collision violente s\u2019est produite ce jeudi 12\u00a0mars, aux alentours de 19\u00a0heures, sur la RN [&hellip;]<\/p>\n","protected":false},"author":1,"featured_media":124463,"comment_status":"open","ping_status":"open","sticky":false,"template":"","format":"standard","meta":{"_monsterinsights_skip_tracking":false,"_monsterinsights_sitenote_active":false,"_monsterinsights_sitenote_note":"","_monsterinsights_sitenote_category":0,"footnotes":""},"categories":[1],"tags":[],"coauthors":[77],"class_list":["post-124462","post","type-post","status-publish","format-standard","has-post-thumbnail","hentry","category-a-la-une"],"aioseo_notices":[],"_links":{"self":[{"href":"https:\/\/pressactu.com\/index.php?rest_route=\/wp\/v2\/posts\/124462","targetHints":{"allow":["GET"]}}],"collection":[{"href":"https:\/\/pressactu.com\/index.php?rest_route=\/wp\/v2\/posts"}],"about":[{"href":"https:\/\/pressactu.com\/index.php?rest_route=\/wp\/v2\/types\/post"}],"author":[{"embeddable":true,"href":"https:\/\/pressactu.com\/index.php?rest_route=\/wp\/v2\/users\/1"}],"replies":[{"embeddable":true,"href":"https:\/\/pressactu.com\/index.php?rest_route=%2Fwp%2Fv2%2Fcomments&post=124462"}],"version-history":[{"count":0,"href":"https:\/\/pressactu.com\/index.php?rest_route=\/wp\/v2\/posts\/124462\/revisions"}],"wp:featuredmedia":[{"embeddable":true,"href":"https:\/\/pressactu.com\/index.php?rest_route=\/wp\/v2\/media\/124463"}],"wp:attachment":[{"href":"https:\/\/pressactu.com\/index.php?rest_route=%2Fwp%2Fv2%2Fmedia&parent=124462"}],"wp:term":[{"taxonomy":"category","embeddable":true,"href":"https:\/\/pressactu.com\/index.php?rest_route=%2Fwp%2Fv2%2Fcategories&post=124462"},{"taxonomy":"post_tag","embeddable":true,"href":"https:\/\/pressactu.com\/index.php?rest_route=%2Fwp%2Fv2%2Ftags&post=124462"},{"taxonomy":"author","embeddable":true,"href":"https:\/\/pressactu.com\/index.php?rest_route=%2Fwp%2Fv2%2Fcoauthors&post=124462"}],"curies":[{"name":"wp","href":"https:\/\/api.w.org\/{rel}","templated":true}]}}