{"id":124459,"date":"2026-03-13T07:43:39","date_gmt":"2026-03-13T07:43:39","guid":{"rendered":"https:\/\/pressactu.com\/?p=124459"},"modified":"2026-03-13T07:43:39","modified_gmt":"2026-03-13T07:43:39","slug":"seulement-preoccupe-par-lui-meme-pense-beaucoup-a-largent-la-superstar-roger-federer-critiquee-par-un-dirigeant-de-roland-garros","status":"publish","type":"post","link":"https:\/\/pressactu.com\/?p=124459","title":{"rendered":"&quot;Seulement pr\u00e9occup\u00e9 par lui-m\u00eame&quot;, &quot;pense beaucoup \u00e0 l\u2019argent&quot;\u00a0: la superstar Roger Federer critiqu\u00e9e par un dirigeant de Roland-Garros"},"content":{"rendered":"<p>\n                                                                    <span class=\"article-full__chapo-label hide-on-small-only\">l&#8217;essentiel<\/span><br \/>\n                                                                Un dirigeant du mythique tournoi de Roland-Garros s\u2019est r\u00e9cemment confi\u00e9 \u00e0 propos de l\u2019image de gendre id\u00e9al coll\u00e9e \u00e0 la peau de Roger Federer, ancienne l\u00e9gende du tennis mondial.\n                            <\/p>\n<div rel=\"js-article-content\">\n                                                                                                                                                            <!-- Pub DFP Position [outstream] --><\/p>\n<p>En 2013, d\u00e9j\u00e0, <a href=\"https:\/\/www.nouvelobs.com\/la-selection-teleobs\/20130524.OBS0600\/roland-garros-la-part-d-ombre-de-roger-federer.html\" target=\"_self\">le Nouvel Obs<\/a> racontait &#8220;la part d\u2019ombre de Roger Federer&#8221; et ses nombreux caprices pour venir faire admirer sa chevelure, son sourire et son revers \u00e0 une main aux quatre coins du monde. Plus r\u00e9cemment, \u00e0 l\u2019occasion de la biographie consacr\u00e9e \u00e0 Rafael Nadal par Christopher Clarey, un dirigeant de Roland-Garros ne s\u2019est pas montr\u00e9 tendre avec l\u2019ancien tennisman suisse.<\/p>\n<p><!-- Pub DFP Position [article] --><\/p>\n<p class=\"std-elt__inline\">\n        <strong>\u00c0 lire aussi :<\/strong><br \/>\n        <a href=\"\/2025\/08\/15\/roger-federer-arbres-abattus-lacs-preserves-pourquoi-la-nouvelle-villa-de-reve-du-joueur-star-fait-polemique-12878026.php\">Roger Federer\u00a0: arbres abattus, lacs pr\u00e9serv\u00e9s\u2026 Pourquoi la nouvelle villa de r\u00eave du joueur star fait pol\u00e9mique<\/a>\n    <\/p>\n<p>Ce dernier, retrait\u00e9 de la petite balle jaune depuis fin 2022, n\u2019\u00e9tait &#8220;pas tenu en aussi bonne estime par la direction de Roland-Garros&#8221; que son grand rival Rafael Nadal selon\u00a0Gilles Jourdan, directeur des travaux et du projet de la modernisation de Roland-Garros. &#8220;Nadal \u00e9tait plus sympathique que Federer.\u00a0Notre sentiment \u00e9tait que Federer \u00e9tait seulement pr\u00e9occup\u00e9 par lui-m\u00eame. Il ne donnait rien. Il ne donnait pas de son temps. Il \u00e9tait poli, mais rien de plus&#8221; a-t-il indiqu\u00e9, comme le rapporte <a href=\"https:\/\/www.blick.ch\/fr\/sport\/tennis\/trop-centre-sur-lui-meme-roger-federer-il-pensait-beaucoup-a-largent-beaucoup-il-ne-donnait-rien-id21774130.html\" target=\"_self\">Blick<\/a>.<\/p>\n<h2 class=\"txt-int\">Une fortune \u00e0 plus d\u2019un milliard<\/h2>\n<p>Federer, qui f\u00eatera bient\u00f4t ses 45 ans (en ao\u00fbt), a remport\u00e9 20 Grand Chelem durant sa carri\u00e8re professionnelle, dont huis fois le mythique tournoi de Wimbledon. D\u2019apr\u00e8s le dernier rapport du magazine Forbes, le Suisse figure \u00e0 la 3185e place des personnes les plus riches du monde avec une fortune estim\u00e9e\u00a0\u00e0 1,1\u00a0milliard de dollars. &#8220;Il pensait beaucoup \u00e0 l\u2019argent, beaucoup. Il n\u2019y avait pas d\u2019interaction&#8221; a regrett\u00e9\u00a0Gilles Jourdan.<\/p>\n<p class=\"std-elt__inline\">\n        <strong>\u00c0 lire aussi :<\/strong><br \/>\n        <a href=\"\/2025\/12\/23\/je-savais-ce-qui-mattendait-quand-roger-federer-est-condamne-a-nettoyer-les-toilettes-dun-court-de-tennis-pendant-une-semaine-13127589.php\">&#8220;Je savais ce qui m\u2019attendait\u00a0!&#8221; Quand Roger Federer est condamn\u00e9 \u00e0 nettoyer les toilettes d\u2019un court de tennis pendant une semaine<\/a>\n    <\/p>\n<p>Avant de poursuivre\u00a0: &#8220;Il n\u2019\u00e9tait pas m\u00e9chant ni grossier. Mais nous avions l\u2019habitude de dire qu\u2019il n\u2019\u00e9tait finalement pas le gendre id\u00e9al. Nadal \u00e9tait authentique.&#8221; L\u2019ann\u00e9e derni\u00e8re, le natif de B\u00e2le avait livr\u00e9 une anecdote \u00e0 propos d\u2019un exc\u00e8s de col\u00e8re lors d\u2019un tournoi chez les jeunes. En lan\u00e7ant sa raquette en direction d\u2019une b\u00e2che, il avait d\u00e9chir\u00e9 cette derni\u00e8re qui \u00e9tait toute neuve. &#8220;J\u2019ai simplement pris mes affaires et je me suis enfui, car je savais ce qui m\u2019attendait&#8221; avait-il confi\u00e9, comme relay\u00e9 par <a href=\"https:\/\/sports.orange.fr\/tennis\/atp\/article\/federer-une-anecdote-edifiante-exclu-CNT000002mjCJd.html\" target=\"_self\">Orange<\/a>.<\/p>\n<\/p><\/div>\n<p><a href=\"https:\/\/www.ladepeche.fr\/2026\/03\/12\/seulement-preoccupe-par-lui-meme-pense-beaucoup-a-largent-la-superstar-roger-federer-critiquee-par-un-dirigeant-de-roland-garros-13268988.php\">source<\/a><\/p>\n","protected":false},"excerpt":{"rendered":"<p>l&#8217;essentiel Un dirigeant du mythique tournoi de Roland-Garros s\u2019est r\u00e9cemment confi\u00e9 \u00e0 propos de l\u2019image de gendre id\u00e9al coll\u00e9e \u00e0 la peau de Roger Federer, ancienne l\u00e9gende du tennis mondial. En 2013, d\u00e9j\u00e0, le Nouvel Obs racontait &#8220;la part d\u2019ombre de Roger Federer&#8221; et ses nombreux caprices pour venir faire admirer sa chevelure, son sourire [&hellip;]<\/p>\n","protected":false},"author":1,"featured_media":124460,"comment_status":"open","ping_status":"open","sticky":false,"template":"","format":"standard","meta":{"_monsterinsights_skip_tracking":false,"_monsterinsights_sitenote_active":false,"_monsterinsights_sitenote_note":"","_monsterinsights_sitenote_category":0,"footnotes":""},"categories":[71],"tags":[],"coauthors":[77],"class_list":["post-124459","post","type-post","status-publish","format-standard","has-post-thumbnail","hentry","category-sport"],"aioseo_notices":[],"_links":{"self":[{"href":"https:\/\/pressactu.com\/index.php?rest_route=\/wp\/v2\/posts\/124459","targetHints":{"allow":["GET"]}}],"collection":[{"href":"https:\/\/pressactu.com\/index.php?rest_route=\/wp\/v2\/posts"}],"about":[{"href":"https:\/\/pressactu.com\/index.php?rest_route=\/wp\/v2\/types\/post"}],"author":[{"embeddable":true,"href":"https:\/\/pressactu.com\/index.php?rest_route=\/wp\/v2\/users\/1"}],"replies":[{"embeddable":true,"href":"https:\/\/pressactu.com\/index.php?rest_route=%2Fwp%2Fv2%2Fcomments&post=124459"}],"version-history":[{"count":0,"href":"https:\/\/pressactu.com\/index.php?rest_route=\/wp\/v2\/posts\/124459\/revisions"}],"wp:featuredmedia":[{"embeddable":true,"href":"https:\/\/pressactu.com\/index.php?rest_route=\/wp\/v2\/media\/124460"}],"wp:attachment":[{"href":"https:\/\/pressactu.com\/index.php?rest_route=%2Fwp%2Fv2%2Fmedia&parent=124459"}],"wp:term":[{"taxonomy":"category","embeddable":true,"href":"https:\/\/pressactu.com\/index.php?rest_route=%2Fwp%2Fv2%2Fcategories&post=124459"},{"taxonomy":"post_tag","embeddable":true,"href":"https:\/\/pressactu.com\/index.php?rest_route=%2Fwp%2Fv2%2Ftags&post=124459"},{"taxonomy":"author","embeddable":true,"href":"https:\/\/pressactu.com\/index.php?rest_route=%2Fwp%2Fv2%2Fcoauthors&post=124459"}],"curies":[{"name":"wp","href":"https:\/\/api.w.org\/{rel}","templated":true}]}}