{"id":124455,"date":"2026-03-13T07:11:58","date_gmt":"2026-03-13T07:11:58","guid":{"rendered":"https:\/\/pressactu.com\/?p=124455"},"modified":"2026-03-13T07:11:58","modified_gmt":"2026-03-13T07:11:58","slug":"le-bombardement-americain-dune-ecole-en-iran-fracture-les-partisans-de-trump-cetait-cense-etre-america-first","status":"publish","type":"post","link":"https:\/\/pressactu.com\/?p=124455","title":{"rendered":"Le bombardement am\u00e9ricain d\u2019une \u00e9cole en Iran fracture les partisans de Trump\u00a0: \u00ab\u00a0C\u2019\u00e9tait cens\u00e9 \u00eatre \u201cAmerica First\u201d\u00a0\u00bb"},"content":{"rendered":"<div auto_robot_readability=\"158.37106918239\">\n                          <!-- partials\/article\/hook_media--standard.volt --><\/p>\n<figure class=\"hook-media--standard \" auto_robot_readability=\"-21.5\">\n    <picture class=\"hook-media_picture pb-8\"><source media=\"(max-width: 768px)\" srcset=\"https:\/\/focus.nouvelobs.com\/2026\/03\/06\/0\/0\/5179\/3452\/375\/250\/75\/0\/408e2ff_ftp-1-a1r6zwnvukfw-afp-a2am9ke.jpg 1x,https:\/\/focus.nouvelobs.com\/2026\/03\/06\/0\/0\/5179\/3452\/750\/500\/50\/0\/408e2ff_ftp-1-a1r6zwnvukfw-afp-a2am9ke.jpg 2x\" width=\"375\" height=\"250\"><img fetchpriority=\"high\" decoding=\"async\" class=\"mx-auto\" src=\"data:image\/svg+xml,%3Csvg%20xmlns%3D%27http%3A%2F%2Fwww.w3.org%2F2000%2Fsvg%27%20fill%3D%22%23e4e4e4%22%20viewBox%3D%270%200%20510%20340%27%20width%3D%22510%22%20height%3D%22340%22%3E%3Cpath%20d%3D%27M0%200h510v340H0z%27%2F%3E%3C%2Fsvg%3E\" srcset=\"https:\/\/focus.nouvelobs.com\/2026\/03\/06\/0\/0\/5179\/3452\/510\/340\/75\/0\/408e2ff_ftp-1-a1r6zwnvukfw-afp-a2am9ke.jpg 1x,https:\/\/focus.nouvelobs.com\/2026\/03\/06\/0\/0\/5179\/3452\/1020\/680\/50\/0\/408e2ff_ftp-1-a1r6zwnvukfw-afp-a2am9ke.jpg 2x\" loading=\"eager\" width=\"510\" height=\"340\" data-oncrawl-image-size=\"510x340\" alt=\"Pr\u00e9paration des cercueils d\u2019enfants tu\u00e9s lors d\u2019une frappe sur une \u00e9cole primaire \u00e0 Minab en vue de leurs fun\u00e9railles, en Iran, le 3\u00a0mars 2026, quatre jours apr\u00e8s le bombardement.\"\/>      <\/source><\/picture><figcaption class=\"hook-media_figcaption\" auto_robot_readability=\"-18\">\n<p class=\"latino-100m text-grey-600\">\n            Pr\u00e9paration des cercueils d\u2019enfants tu\u00e9s lors d\u2019une frappe sur une \u00e9cole primaire \u00e0 Minab en vue de leurs fun\u00e9railles, en Iran, le 3\u00a0mars 2026, quatre jours apr\u00e8s le bombardement.\u00a0<span class=\"text-grey-600 ms-4\">AMIRHOSSEIN KHORGOOEI\/ISNA\/AFP<\/span>        <\/p>\n<\/figcaption><\/figure>\n<p>            <!-- partials\/article\/actions\/toolbar --><\/p>\n<div class=\"article__share d-flex align-items-center py-24 border-bottom  mb-32\" style=\"--border-color:#D9D9D9;\">\n<div class=\"d-flex flex-wrap gap-16\" auto_robot_readability=\"5.4432989690722\">\n<p>          <!-- partials\/article\/actions\/gift.volt --><\/p>\n<p>          <!-- partials\/article\/actions\/comment.volt --><\/p>\n<p>  <button data-article-key=\"20260312.OBS113124\" aria-label=\"Lire\u00a0plus\u00a0tard\" data-section=\"Monde\" data-piano=\"Page_Article,Sous_date_publi,A_lire_plus_tard,1er_clic,action\" class=\"popover-trigger btn--tertiary btn--icon-only btn btn--small btn--secondary read-later\"><br \/>\n    <i class=\"icon  icon-read-after\" aria-hidden=\"true\"\/><br \/>\n          <span class=\"latino-300r mt-2 \"><br \/>\n        Lire\u00a0plus\u00a0tard      <\/span><br \/>\n      <\/button><\/p>\n<p><a aria-label=\"Nous suivre sur Google News\" href=\"https:\/\/news.google.com\/publications\/CAAqBwgKMJe4nQkw3dFs?hl=fr&amp;gl=FR&amp;ceid=FR%3Afr\" target=\"_blank\" data-piano=\"Page_Article,Sous_date_publi,Nous_suivre_sur_google_news,1er_clic,action\" class=\"btn btn--small btn--tertiary btn--icon-only\"><br \/>\n        <svg class=\"icon icon--google  \" style=\"--fill:#56668A\">\n              <use href=\"\/bucket\/resources\/web\/img\/e86dad2a9be111d0faac.svg#google\"\/><\/p>\n<p>  <\/svg><br \/>\n      <span class=\"latino-300r mt-2 \">Google Actualit\u00e9s<\/span><br \/>\n  <\/a><\/p>\n<p>          <!-- partials\/article\/actions\/hook_action--share.volt --><br \/>\n<button id=\"share\" aria-label=\"Partager\" class=\"popover-trigger btn btn--small btn--tertiary btn--icon-only\" data-piano=\"Page_Article,Sous_date_publi,Partager,1er_clic,action\"><br \/>\n        <svg class=\"icon icon--share-alt  \" style=\"--fill:var(--base-foreground-color,#171717)\">\n              <use href=\"\/bucket\/resources\/web\/img\/e86dad2a9be111d0faac.svg#share-alt\"\/><\/p>\n<p>  <\/svg><br \/>\n  <span class=\"latino-300r mt-2\">Partager<\/span><br \/>\n<\/button><\/p>\n<div id=\"popover-share\" data-url=\"https:\/\/www.nouvelobs.com\/monde\/20260312.OBS113124\/le-bombardement-americain-d-une-ecole-en-iran-fracture-les-partisans-de-trump-c-etait-cense-etre-america-first.html\" data-id=\"20260312.OBS113124\" data-popover-for=\"share\" class=\"popover p-32\" role=\"tooltip\" style=\"width: 375px\" auto_robot_readability=\"7\">\n<p>\n          <button onclick=\"setToFacebook();\" class=\"btn btn--large btn--secondary\" aria-label=\"Facebook\" piano-context-origin=\"Page_Article,Sous_date_publi,Partager,Facebook,action\"><br \/>\n              <svg class=\"icon icon--facebook  \" style=\"--fill:var(--base-foreground-color,#171717)\">\n              <use href=\"\/bucket\/resources\/web\/img\/e86dad2a9be111d0faac.svg#facebook\"\/><\/p>\n<p>  <\/svg><br \/>\n        <span class=\"latino-300r\">Facebook<\/span><br \/>\n      <\/button><br \/>\n      <button onclick=\"setToBsky();\" class=\"btn btn--large btn--secondary\" aria-label=\"Bluesky\" piano-context-origin=\"Page_Article,Sous_date_publi,Partager,Bluesky,action\"><br \/>\n              <svg class=\"icon icon--bluesky  \" style=\"--fill:var(--base-foreground-color,#171717)\">\n              <use href=\"\/bucket\/resources\/web\/img\/e86dad2a9be111d0faac.svg#bluesky\"\/><\/p>\n<p>  <\/svg><br \/>\n        <span class=\"latino-300r\">Bluesky<\/span><br \/>\n      <\/button><br \/>\n      <button id=\"mail-button\" onclick=\"setToMail(true)\" class=\"btn btn--large btn--secondary\" aria-label=\"Mail\" piano-context-origin=\"Page_Article,Sous_date_publi,Partager,Email,action\"><br \/>\n              <svg class=\"icon icon--mail  \" style=\"--fill:var(--base-foreground-color,#171717)\">\n              <use href=\"\/bucket\/resources\/web\/img\/e86dad2a9be111d0faac.svg#mail\"\/><\/p>\n<p>  <\/svg><br \/>\n        <span class=\"latino-300r\">E-mail<\/span><br \/>\n      <\/button><br \/>\n      <button onclick=\"setToClipboard();\" class=\"copy-button btn btn--large btn--secondary\" aria-label=\"copier le lien\" piano-context-origin=\"Page_Article,Sous_date_publi,Partager,Copier_lien,action\"><br \/>\n              <svg class=\"icon icon--link  \" style=\"--fill:var(--base-foreground-color,#171717)\">\n              <use href=\"\/bucket\/resources\/web\/img\/e86dad2a9be111d0faac.svg#link\"\/><\/p>\n<p>  <\/svg><br \/>\n        <span class=\"latino-300r\">Copier le lien<\/span><br \/>\n      <\/button>\n      <\/p>\n<p>\n    <button id=\"share-mail-submit\" type=\"submit\" form=\"mail-form\" onclick=\"__forecast.collectShareMail()\" class=\"latino-300r btn btn--large btn--black btn--fit\"><br \/>\n      Envoyer<br \/>\n    <\/button>\n  <\/p>\n<\/div>\n<p>          <!-- app\/web\/views\/partials\/article\/actions\/subscribe.volt --><\/p>\n<p>            <span data-urlencode=\"L2Fib25uZW1lbnQtbXVuaWNpcGFsZXMtMjAyNg==\" data-piano=\"Page_Article,Sous_date_publi,S_abonner_Municipales2026,1er_clic,action\" data-batch=\"clic_s_abonner\" class=\"btn btn--small btn--conversion-secondary\" style=\"--btn-color:#FFF;--btn-color-hover:#FFF;--btn-bg:#522DF7;--btn-bg-hover:#522DF7;--btn-bg-focus:#522DF7;--btn-border-color:#522DF7;\"><br \/>\n      S\u2019abonner    <\/span><\/p><\/div>\n<\/div>\n<p>            <!-- partials\/article\/contextual_blocks.volt --><\/p>\n<p>    <!-- partials\/article\/node.volt --><br \/>\n<!-- partials\/article\/node_text.volt --><\/p>\n<p class=\"node__paragraphe antonia-750r text-grey-800 pb-24 pb-md-32\">\nLa bavure de trop\u00a0? Tandis que Donald Trump ne cesse de r\u00e9p\u00e9ter que les Etats-Unis <em>\u00ab\u00a0ont gagn\u00e9\u00a0\u00bb<\/em> la guerre en Iran \u2013 un message martel\u00e9 cinq fois en 13\u00a0secondes, mercredi 11\u00a0mars, lors d\u2019un meeting dans le Kentucky \u2013, une vive pol\u00e9mique \u00e9merge dans les cercles conservateurs outre-Atlantique, en particulier apr\u00e8s les informations sur le bombardement am\u00e9ricain d\u2019une \u00e9cole \u00e9l\u00e9mentaire.<\/p>\n<p>                  <!-- partials\/article\/node.volt --><br \/>\n<!-- partials\/article\/node_media.volt --><\/p>\n<p>      <!-- partials\/article\/node.volt --><br \/>\n<!-- partials\/article\/node_text.volt --><\/p>\n<p class=\"node__paragraphe antonia-750r text-grey-800 pb-24 pb-md-32\">\nPetit retour en arri\u00e8re. <a href=\"https:\/\/www.nouvelobs.com\/monde\/20260228.OBS112752\/israel-et-les-etats-unis-lancent-une-operation-de-combat-majeure-en-iran-ce-que-l-on-sait.html\">Au premier jour des frappes isra\u00e9lo-am\u00e9ricaines<\/a>, le 28\u00a0f\u00e9vrier, une \u00e9cole de filles de Minab, dans la province d\u2019Hormozgan (sud du pays), proche du d\u00e9troit d\u2019Ormuz, a \u00e9t\u00e9 d\u00e9truite par un missile. Les autorit\u00e9s iraniennes ont affirm\u00e9 que plus de 150\u00a0personnes, dont de nombreux enfants, ont \u00e9t\u00e9 tu\u00e9es. Plus tard, d\u2019autres sources ont \u00e9voqu\u00e9 pr\u00e8s de 200\u00a0morts.<\/p>\n<p>      <!-- partials\/article\/node.volt --><br \/>\n<!-- partials\/article\/node_text.volt --><\/p>\n<p class=\"node__paragraphe antonia-750r text-grey-800 pb-24 pb-md-32\">\nImm\u00e9diatement point\u00e9s du doigt, les Etats-Unis ont assur\u00e9 ouvrir une enqu\u00eate, Donald Trump affirmant\u00a0: <em>\u00ab\u00a0Sur la base de ce que j\u2019ai vu, cela a \u00e9t\u00e9 fait par l\u2019Iran.\u00a0\u00bb<\/em> Sauf que<a target=\"_blank\" href=\"https:\/\/www.nytimes.com\/2026\/03\/05\/world\/middleeast\/iran-school-us-strikes-naval-base.html\" rel=\"noopener\"> le \u00ab\u00a0New York Times\u00a0\u00bb a d\u2019abord authentifi\u00e9<\/a> une vid\u00e9o montrant un missile de croisi\u00e8re Tomahawk am\u00e9ricain frappant une base navale \u00e0 proximit\u00e9 de l\u2019\u00e9cole. L\u2019Agence France-Presse a \u00e9tabli que le b\u00e2timent scolaire \u00e9tait en effet situ\u00e9 pr\u00e8s de deux sites contr\u00f4l\u00e9s par <a href=\"https:\/\/www.nouvelobs.com\/monde\/20260129.OBS111945\/iran-qui-sont-les-gardiens-de-la-revolution-bras-arme-du-regime-accuse-d-orchestrer-une-repression-sanglante.html\">les gardiens de la r\u00e9volution<\/a>, l\u2019arm\u00e9e id\u00e9ologique de la R\u00e9publique islamique\u00a0: une clinique (\u00e0 238\u00a0m\u00e8tres) et un complexe culturel (\u00e0 286\u00a0m\u00e8tres).<\/p>\n<p>      <!-- partials\/article\/node.volt --><br \/>\n<!-- partials\/article\/node_text.volt --><\/p>\n<p class=\"node__paragraphe antonia-750r text-grey-800 pb-24 pb-md-32\">\nLe \u00ab\u00a0New York Times\u00a0\u00bb <a target=\"_blank\" href=\"https:\/\/www.nytimes.com\/2026\/03\/11\/us\/politics\/iran-school-missile-strike.html\" rel=\"noopener\">a enfonc\u00e9 le clou<\/a> mercredi 11\u00a0mars\u00a0: le journal, citant des sources proches de l\u2019enqu\u00eate du Pentagone, a rapport\u00e9 que l\u2019\u00e9cole a bien \u00e9t\u00e9 d\u00e9truite par un missile tir\u00e9 par l\u2019arm\u00e9e am\u00e9ricaine. Selon les conclusions pr\u00e9liminaires r\u00e9v\u00e9l\u00e9es par le quotidien, la frappe r\u00e9sulterait <em>\u00ab\u00a0d\u2019une erreur de ciblage de l\u2019arm\u00e9e, qui menait des frappes contre une base iranienne adjacente dont le b\u00e2timent scolaire faisait autrefois partie. Les officiers du commandement central am\u00e9ricain ont cr\u00e9\u00e9 les coordonn\u00e9es de la cible pour la frappe en utilisant des donn\u00e9es obsol\u00e8tes fournies par l\u2019agence du renseignement <\/em>[du d\u00e9partement]<em> de la D\u00e9fense\u00a0\u00bb.<\/em><\/p>\n<p>      <!-- partials\/article\/node.volt --><br \/>\n<!-- partials\/article\/node_text.volt --><\/p>\n<p class=\"node__paragraphe antonia-750r text-grey-800 pb-24 pb-md-32\">\nSic. Interrog\u00e9 \u00e0 la Maison-Blanche, le pr\u00e9sident am\u00e9ricain a bott\u00e9 en touche, affirmant ne <em>\u00ab\u00a0pas \u00eatre au courant\u00a0\u00bb<\/em>. De quoi laisser sceptiques chez ses plus fervents soutiens, mais surtout faire appara\u00eetre une facture au sein du camp \u00ab\u00a0MAGA\u00a0\u00bb (pour \u00ab\u00a0Make America Great Again\u00a0\u00bb, le slogan de Trump).<\/p>\n<p>      <!-- partials\/article\/node.volt --><br \/>\n<!-- partials\/article\/node_text.volt --><\/p>\n<h2 class=\"node__heading latino-800m latino-lg-1400e text-grey-800 pb-8 pb-md-16\">\n\u00ab\u00a0Cela va profond\u00e9ment bouleverser la donne\u00a0\u00bb<\/h2>\n<p>      <!-- partials\/article\/node.volt --><br \/>\n<!-- partials\/article\/node_text.volt --><\/p>\n<p class=\"node__paragraphe antonia-750r text-grey-800 pb-24 pb-md-32\">\n<em>\u00ab\u00a0Cela va provoquer la col\u00e8re du monde entier contre Isra\u00ebl et les Etats-Unis<\/em>, a d\u00e9plor\u00e9 Alex Jones, podcasteur d\u2019extr\u00eame droite pro-Trump et adepte des th\u00e9ories du complot. <em>C\u2019\u00e9tait cens\u00e9 \u00eatre l\u2019Am\u00e9rique avant tout<\/em> [r\u00e9f\u00e9rence au slogan de campagne de Trump \u201cAmerica First\u201d, NDLR]<em>. Nous ne devrions plus nous permettre de tels agissements.\u00a0\u00bb <\/em>Et l\u2019ancien fervent supporter du pr\u00e9sident am\u00e9ricain de d\u00e9clarer\u00a0:<\/p>\n<p>      <!-- partials\/article\/node.volt --><br \/>\n<!-- partials\/article\/node_text.volt --><br \/>\n              <q class=\"node__quote antonia-900i text-grey-800 pb-24\"><br \/>\n<em>\u00ab\u00a0Trump a fait campagne en promettant de ne pas changer de r\u00e9gime. On ne peut pas nous dire \u201cplus de changement de r\u00e9gime\u201d, alors qu\u2019on a vu la CIA le faire \u00e0 maintes reprises, en pla\u00e7ant d\u00e9lib\u00e9r\u00e9ment des personnes encore pires au pouvoir, puis faire volte-face et pr\u00e9tendre que c\u2019est une excellente chose.\u00a0\u00bb<\/em><\/q><\/p>\n<p>      <!-- partials\/article\/node.volt --><br \/>\n<!-- partials\/article\/node_text.volt --><\/p>\n<p class=\"node__paragraphe antonia-750r text-grey-800 pb-24 pb-md-32\">\nDans un autre registre, Tucker Carlson, fid\u00e8le partisan de Donald Trump et ancien animateur star de Fox News, s\u2019est t\u00f4t \u00e9mu du bombardement de cette \u00e9cole\u00a0:<em> \u00ab\u00a0Nous devons croire que c\u2019\u00e9tait accidentel <\/em>[\u2026] <em>m\u00eame si elle a \u00e9t\u00e9 frapp\u00e9e deux fois, \u00e0 40\u00a0minutes d\u2019intervalle. <\/em>[\u2026] <em>En tant qu\u2019Am\u00e9ricain, nous devons croire qu\u2019il s\u2019agit d\u2019une tragique erreur. Mais il faut v\u00e9rifier cela parce que si vous vivez dans le genre de pays qui pense qu\u2019il est juste de tuer pas simplement des officiers militaires mais aussi leurs filles, alors ce pays ne m\u00e9rite pas que l\u2019on se batte pour lui\u2026\u00a0\u00bb <\/em>Pr\u00e9c\u00e9demment, aupr\u00e8s d\u2019ABC News, il a qualifi\u00e9 les attaques contre l\u2019Iran d\u2019<em>\u00ab\u00a0absolument r\u00e9pugnantes et mal\u00e9fiques\u00a0\u00bb<\/em>, y voyant un coup dur au mouvement MAGA\u00a0: <em>\u00ab\u00a0Cela va profond\u00e9ment bouleverser la donne.\u00a0\u00bb<\/em><\/p>\n<p>            <!-- partials\/article\/node.volt --><br \/>\n<!-- partials\/article\/node_media.volt --><\/p>\n<p>      <!-- partials\/article\/node.volt --><br \/>\n<!-- partials\/article\/node_text.volt --><\/p>\n<p class=\"node__paragraphe antonia-750r text-grey-800 pb-24 pb-md-32\">\nM\u00eame Laura Ingraham, journaliste star intervenant notamment sur Fox News et fid\u00e8le supportrice de Donald Trump, a appel\u00e9 <em>\u00ab\u00a0l\u2019administration \u00e0 conclure son enqu\u00eate\u00a0\u00bb<\/em>, jugeant la destruction de l\u2019\u00e9cole de <em>\u00ab\u00a0terrible trag\u00e9die involontaire\u00a0\u00bb<\/em>. Plus virulente, Megyn Kelly, ancienne pr\u00e9sentatrice de Fox News et partisane de Trump, a vilipend\u00e9 le s\u00e9nateur r\u00e9publicain Lindsey Graham et la star de FoxNews Sean Hannity, deux tr\u00e8s proches du pr\u00e9sident qui militent pour la guerre en Iran\u00a0: <em>\u00ab\u00a0Franchement, Sean Hannity, c\u2019est Lindsey Graham sous un autre nom. Je trouve \u00e7a sid\u00e9rant de les voir applaudir \u00e7a. On a sept soldats am\u00e9ricains morts, on a une \u00e9cole de filles, 175\u00a0jeunes filles sont mortes en Iran, et il y a une grave controverse.\u00a0\u00bb<\/em><\/p>\n<p>      <!-- partials\/article\/node.volt --><br \/>\n<!-- partials\/article\/node_text.volt --><\/p>\n<p class=\"node__paragraphe antonia-750r text-grey-800 pb-24 pb-md-32\">\nAnn Coulter, pol\u00e9miste conservatrice et ancienne trumpiste, a d\u00e9plor\u00e9 cette attaque contre l\u2019\u00e9cole durant une guerre qui <em>\u00ab\u00a0ne rend pas un seul Am\u00e9ricain plus en s\u00e9curit\u00e9\u00a0\u00bb<\/em>.<\/p>\n<p>      <!-- partials\/article\/node.volt --><br \/>\n<!-- partials\/article\/node_text.volt --><\/p>\n<h2 class=\"node__heading latino-800m latino-lg-1400e text-grey-800 pb-8 pb-md-16\">\n\u00ab\u00a0Nous avons vot\u00e9 pour l\u2019Am\u00e9rique d\u2019abord et pour z\u00e9ro guerre\u00a0!\u00a0\u00bb<\/h2>\n<p>      <!-- partials\/article\/node.volt --><br \/>\n<!-- partials\/article\/node_text.volt --><\/p>\n<p class=\"node__paragraphe antonia-750r text-grey-800 pb-24 pb-md-32\">\n\u00ab\u00a0<em>Je pense que les gens commencent \u00e0 comprendre que MAGA n\u2019\u00e9tait qu\u2019un mensonge\u00a0\u00bb<\/em>, avait tranch\u00e9 d\u00e8s le 29\u00a0janvier, un mois avant le d\u00e9but des frappes sur l\u2019Iran, Marjorie Taylor Greene, ancienne \u00e9lue r\u00e9publicaine au Congr\u00e8s, tendance extr\u00eame droite et complotiste, qui a pris ses distances avec Trump. <em>\u00ab\u00a0Les gens pensent toujours\u00a0: \u201cOh, c\u2019est son \u00e9quipe\u201d\u2026 Ils veulent bl\u00e2mer tout le monde autour de lui. Il arrivera peut-\u00eatre un moment o\u00f9 les gens devront se rendre \u00e0 l\u2019\u00e9vidence\u00a0: c\u2019est Donald Trump.\u00a0\u00bb<\/em><\/p>\n<p>      <!-- partials\/article\/node.volt --><br \/>\n<!-- partials\/article\/node_text.volt --><\/p>\n<p class=\"node__paragraphe antonia-750r text-grey-800 pb-24 pb-md-32\">\nSur X, le 28\u00a0f\u00e9vrier, jour du d\u00e9clenchement du conflit, elle a fustig\u00e9\u00a0: <em>\u00ab\u00a0L\u2019administration Trump a vraiment demand\u00e9 dans un sondage combien de victimes les \u00e9lecteurs \u00e9taient pr\u00eats \u00e0 accepter dans une guerre contre l\u2019Iran\u00a0? Et pourquoi pas z\u00e9ro, bande de putains de sales menteurs\u00a0? Nous avons vot\u00e9 pour l\u2019Am\u00e9rique d\u2019abord et pour z\u00e9ro guerre\u00a0!\u00a0\u00bb<\/em><\/p>\n<p>            <!-- partials\/article\/node.volt --><br \/>\n<!-- partials\/article\/node_media.volt --><\/p>\n<p>      <!-- partials\/article\/node.volt --><br \/>\n<!-- partials\/article\/node_text.volt --><\/p>\n<p class=\"node__paragraphe antonia-750r text-grey-800 pb-24 pb-md-32\">\nReste que Donald Trump a aussi b\u00e9n\u00e9fici\u00e9 de soutiens dans le Parti r\u00e9publicain. <em>\u00ab\u00a0L\u2019Iran subit les graves cons\u00e9quences de ses actes mal\u00e9fiques<\/em>, a estim\u00e9 Mike Johnson, pr\u00e9sident de la Chambre des Repr\u00e9sentants, dans un communiqu\u00e9 soutenant la guerre. <em>Le pr\u00e9sident Trump et son administration ont tout mis en \u0153uvre pour trouver des solutions pacifiques et diplomatiques face aux ambitions nucl\u00e9aires persistantes du r\u00e9gime iranien, au terrorisme et aux meurtres d\u2019Am\u00e9ricains \u2013 et m\u00eame de ses propres citoyens.\u00a0\u00bb <\/em>Le s\u00e9nateur Chuck Grassley a aussi vant\u00e9 sur X\u00a0: <em>\u00ab\u00a0Le pr\u00e9sident Trump a donn\u00e9 \u00e0 l\u2019Iran de nombreuses opportunit\u00e9s de n\u00e9gociation.\u00a0\u00bb <\/em>Et Randy Fine, \u00e9lu \u00e0 la Chambre des Repr\u00e9sentants, de clamer sur le m\u00eame r\u00e9seau\u00a0: <em>\u00ab\u00a0Nous sommes avec vous, monsieur le pr\u00e9sident.\u00a0\u00bb<\/em><\/p>\n<p>      <!-- partials\/article\/node.volt --><br \/>\n<!-- partials\/article\/node_text.volt --><\/p>\n<p class=\"node__paragraphe antonia-750r text-grey-800 pb-24 pb-md-32\">\nN\u00e9anmoins, dans <a target=\"_blank\" href=\"https:\/\/www.vanityfair.com\/news\/story\/maga-reaction-donald-trump-iran-attack-war\" rel=\"noopener\">une interview \u00e0 \u00ab\u00a0Vanity Fair\u00a0\u00bb<\/a>, Curt Mills, directeur de \u00ab\u00a0The American Conservative\u00a0\u00bb, magazine pro-Trump, a laiss\u00e9 appara\u00eetre sa frustration\u00a0: <em>\u00ab\u00a0L\u2019administration sert les int\u00e9r\u00eats des riches et m\u00e8ne des guerres pour des pays \u00e9trangers. Elle alimente sans scrupule le discours anti-oligarchie des d\u00e9mocrates.\u00a0\u00bb <\/em>Et d\u2019analyser\u00a0: <em>\u00ab\u00a0C\u2019est extr\u00eamement d\u00e9motivant<\/em>. <em>Regardez les sondages depuis le d\u00e9but de la guerre. C\u2019est \u00e0 ce moment-l\u00e0 que le vent a tourn\u00e9. Le discours m\u00e9diatique en\u00a02024\u00a0qui a fait l\u2019\u00e9lection \u00e9tait b\u00e2ti par les podcasteurs influents. <\/em>[Sauf que] <em>ces m\u00eames influenceurs d\u00e9testent <\/em>[cette guerre]. <em>Si vous pensez que Trump a b\u00e2ti une immense coalition qui gouvernera pendant des si\u00e8cles, alors regardez combien les ind\u00e9pendants le d\u00e9testent encore plus que les d\u00e9mocrates. Le v\u00e9ritable impact, c\u2019est que personne n\u2019ira voter en\u00a02026\u00a0<\/em>[pour les \u00e9lections de mi-mandat]<em>. Les r\u00e9publicains peuvent l\u00e9gitimement perdre le S\u00e9nat, ce qui constitue une faute politique grave. <\/em>[Donald Trump]<em> pourrait \u00eatre destitu\u00e9.\u00a0\u00bb<\/em><\/p>\n<\/p><\/div>\n<p><a href=\"https:\/\/www.nouvelobs.com\/monde\/20260312.OBS113124\/le-bombardement-americain-d-une-ecole-en-iran-fracture-les-partisans-de-trump-c-etait-cense-etre-america-first.html\">source<\/a><\/p>\n","protected":false},"excerpt":{"rendered":"<p>Pr\u00e9paration des cercueils d\u2019enfants tu\u00e9s lors d\u2019une frappe sur une \u00e9cole primaire \u00e0 Minab en vue de leurs fun\u00e9railles, en Iran, le 3\u00a0mars 2026, quatre jours apr\u00e8s le bombardement.\u00a0AMIRHOSSEIN KHORGOOEI\/ISNA\/AFP Lire\u00a0plus\u00a0tard Google Actualit\u00e9s Partager Facebook Bluesky E-mail Copier le lien Envoyer S\u2019abonner La bavure de trop\u00a0? Tandis que Donald Trump ne cesse de r\u00e9p\u00e9ter que [&hellip;]<\/p>\n","protected":false},"author":1,"featured_media":124456,"comment_status":"open","ping_status":"open","sticky":false,"template":"","format":"standard","meta":{"_monsterinsights_skip_tracking":false,"_monsterinsights_sitenote_active":false,"_monsterinsights_sitenote_note":"","_monsterinsights_sitenote_category":0,"footnotes":""},"categories":[75],"tags":[],"coauthors":[77],"class_list":["post-124455","post","type-post","status-publish","format-standard","has-post-thumbnail","hentry","category-monde"],"aioseo_notices":[],"_links":{"self":[{"href":"https:\/\/pressactu.com\/index.php?rest_route=\/wp\/v2\/posts\/124455","targetHints":{"allow":["GET"]}}],"collection":[{"href":"https:\/\/pressactu.com\/index.php?rest_route=\/wp\/v2\/posts"}],"about":[{"href":"https:\/\/pressactu.com\/index.php?rest_route=\/wp\/v2\/types\/post"}],"author":[{"embeddable":true,"href":"https:\/\/pressactu.com\/index.php?rest_route=\/wp\/v2\/users\/1"}],"replies":[{"embeddable":true,"href":"https:\/\/pressactu.com\/index.php?rest_route=%2Fwp%2Fv2%2Fcomments&post=124455"}],"version-history":[{"count":0,"href":"https:\/\/pressactu.com\/index.php?rest_route=\/wp\/v2\/posts\/124455\/revisions"}],"wp:featuredmedia":[{"embeddable":true,"href":"https:\/\/pressactu.com\/index.php?rest_route=\/wp\/v2\/media\/124456"}],"wp:attachment":[{"href":"https:\/\/pressactu.com\/index.php?rest_route=%2Fwp%2Fv2%2Fmedia&parent=124455"}],"wp:term":[{"taxonomy":"category","embeddable":true,"href":"https:\/\/pressactu.com\/index.php?rest_route=%2Fwp%2Fv2%2Fcategories&post=124455"},{"taxonomy":"post_tag","embeddable":true,"href":"https:\/\/pressactu.com\/index.php?rest_route=%2Fwp%2Fv2%2Ftags&post=124455"},{"taxonomy":"author","embeddable":true,"href":"https:\/\/pressactu.com\/index.php?rest_route=%2Fwp%2Fv2%2Fcoauthors&post=124455"}],"curies":[{"name":"wp","href":"https:\/\/api.w.org\/{rel}","templated":true}]}}