{"id":124453,"date":"2026-03-13T06:16:12","date_gmt":"2026-03-13T06:16:12","guid":{"rendered":"https:\/\/pressactu.com\/?p=124453"},"modified":"2026-03-13T06:16:12","modified_gmt":"2026-03-13T06:16:12","slug":"municipales-2026-a-lyon-jean-michel-aulas-toujours-donne-vainqueur-mais-lecart-se-resserre-avec-gregory-doucet-dapres-ce-sondage","status":"publish","type":"post","link":"https:\/\/pressactu.com\/?p=124453","title":{"rendered":"Municipales 2026 \u00e0 Lyon\u00a0: Jean-Michel Aulas toujours donn\u00e9 vainqueur mais l\u2019\u00e9cart se resserre avec Gr\u00e9gory Doucet, d\u2019apr\u00e8s ce sondage"},"content":{"rendered":"<p>\n                                                                    <span class=\"article-full__chapo-label hide-on-small-only\">l&#8217;essentiel<\/span><br \/>\n                                                                Les municipales \u00e0 Lyon s\u2019annoncent serr\u00e9es. Jean-Michel Aulas reste en t\u00eate avec 43\u00a0% des intentions de vote au premier tour, mais Gr\u00e9gory Doucet r\u00e9duit l\u2019\u00e9cart, selon un nouveau sondage d\u2019OpinionWay.\n                            <\/p>\n<div rel=\"js-article-content\">\n                                                                                                                                                                                                                                <!-- Pub DFP Position [outstream] --><\/p>\n<p><a href=\"https:\/\/www.ladepeche.fr\/2026\/01\/31\/portrait-municipales-2026-a-lyon-jean-michel-aulas-est-une-evidence-lancien-boss-de-lol-reve-de-devenir-maire-de-sa-ville-13166288.php\" target=\"_self\">Jean-Michel Aulas<\/a>\u00a0toujours en t\u00eate dans les sondages.\u00a0L\u2019homme d\u2019affaires, soutenu par la droite et le centre, maintient son avance\u00a0au premier tour<a href=\"https:\/\/www.ladepeche.fr\/2026\/02\/23\/municipales-2026-a-lyon-apres-la-mort-de-quentin-deranque-un-nouveau-sondage-confirme-lavance-de-jean-michel-aulas-13240505.php\" target=\"_self\"> des municipales \u00e0\u00a0Lyon<\/a>\u00a0avec 43\u00a0% des intentions de vote. Mais le maire \u00e9cologiste<a href=\"https:\/\/www.ladepeche.fr\/2026\/02\/24\/municipales-2026-a-lyon-le-maire-sortant-gregory-doucet-envisage-une-possible-alliance-avec-lfi-a-certaines-conditions-13242916.php\" target=\"_self\">\u00a0Gr\u00e9gory Doucet<\/a>, qui rallie la gauche hors LFI, resserre l\u2019\u00e9cart avec\u00a035\u00a0% des intentions, selon un sondage OpinionWay pour<a data-gtm-custom-action=\"crossclick\" data-gtm-custom-categorie=\"navigation\" data-gtm-custom-label=\"Contextuel\" data-gtm-event=\"customEventSPE\" href=\"https:\/\/www.lejdd.fr\/politique\/sondage-municipales-a-lyon-jean-michel-aulas-donne-vainqueur-face-a-gregory-doucet-168501\" rel=\"nofollow noopener\" target=\"_blank\">\u00a0CNEWS, Europe 1 et le\u00a0<em>JDD<\/em><\/a>.<\/p>\n<p><!-- Pub DFP Position [article] --><\/p>\n<p class=\"std-elt__inline\">\n        <strong>\u00c0 lire aussi :<\/strong><br \/>\n        <a href=\"\/2026\/03\/09\/sondage-exclusif-municipales-2026-a-toulouse-decouvrez-les-intentions-de-vote-a-six-jours-du-scrutin-13261307.php\">Sondage Municipales 2026 \u00e0 Toulouse\u00a0: d\u00e9couvrez les intentions de vote \u00e0 six jours du scrutin<\/a>\n    <\/p>\n<p>Au second tour, seul face \u00e0 Gr\u00e9gory Doucet, l\u2019ancien patron de l\u2019Olympique Lyonnais l\u2019emporterait avec 53\u00a0% des voix, selon le sondage r\u00e9alis\u00e9 du 4 au 9\u00a0mars. Jean-Michel Aulas a perdu un \u00e0 deux points au premier tour par rapport \u00e0 de pr\u00e9c\u00e9dents sondages effectu\u00e9s mi-f\u00e9vrier, tandis que Gr\u00e9gory Doucet en a gagn\u00e9 entre trois et six. Il y a quatre mois cependant, le maire \u00e9cologiste, \u00e0 la t\u00eate d\u2019une liste soutenue par le PS, le PCF, Place publique, G\u00e9n\u00e9ration. s, L\u2019Apr\u00e8s et Debout\u00a0!, pointait \u00e0 20 points d\u2019intentions de vote au premier tour derri\u00e8re Jean-Michel Aulas, avec 27\u00a0% contre 47\u00a0%.<\/p>\n<h2 class=\"txt-int\">LFI et le RN \u00e9limin\u00e9s d\u00e8s le premier tour<\/h2>\n<p>Jean-Michel Aulas revendique une candidature sans \u00e9tiquette\u00a0et son ind\u00e9pendance des partis politiques mais sa liste b\u00e9n\u00e9ficie du soutien de LR et de la macronie avec Renaissance, Horizons, le MoDem et l\u2019UDI notamment. Le sondage d\u2019OpinionWay a \u00e9t\u00e9 r\u00e9alis\u00e9 avant le dernier meeting mardi de l\u2019ex-patron du foot lyonnais \u00e2g\u00e9 de 76 ans mais huit jours apr\u00e8s un d\u00e9bat t\u00e9l\u00e9vis\u00e9 avec ses principaux adversaires qui l\u2019avaient mis en difficult\u00e9.<\/p>\n<p class=\"std-elt__inline\">\n        <strong>\u00c0 lire aussi :<\/strong><br \/>\n        <a href=\"\/2026\/03\/09\/municipales-2026-virage-a-droite-28-des-francais-souhaitent-une-victoire-du-rn-deux-fois-plus-quen-2020-selon-un-sondage-13262412.php\">Municipales 2026\u00a0: virage \u00e0 droite\u00a0? 28\u00a0% des Fran\u00e7ais souhaitent une victoire du RN, deux fois plus qu\u2019en 2020, selon un sondage<\/a>\n    <\/p>\n<p>Selon ce dernier sondage, ni la liste LFI de la d\u00e9put\u00e9e Ana\u00efs Belouassa-Cherifi (9\u00a0%), ni celle de l\u2019UDR\u00a0Alexandre Dupalais alli\u00e9 au Rassemblement national (6\u00a0%) ne se maintiendraient au second tour. Encore moins pour les listes divers centre de l\u2019ancien maire de Lyon Georges K\u00e9p\u00e9n\u00e9kian (3\u00a0%), de l\u2019ancienne socialiste Nathalie Perrin-Gilbert (2\u00a0%), de Rapha\u00eblle Mizony du Nouveau parti anticapitaliste (2\u00a0%) ou de Micha\u00ebl Jouteux du Parti des travailleurs et Delphine Briday de Lutte ouvri\u00e8re avec moins de 1\u00a0% des intentions de vote.<\/p>\n<\/p><\/div>\n<p><a href=\"https:\/\/www.ladepeche.fr\/2026\/03\/12\/municipales-2026-a-lyon-jean-michel-aulas-toujours-donne-vainqueur-mais-lecart-se-resserre-avec-gregory-doucet-dapres-ce-sondage-13269284.php\">source<\/a><\/p>\n","protected":false},"excerpt":{"rendered":"<p>l&#8217;essentiel Les municipales \u00e0 Lyon s\u2019annoncent serr\u00e9es. Jean-Michel Aulas reste en t\u00eate avec 43\u00a0% des intentions de vote au premier tour, mais Gr\u00e9gory Doucet r\u00e9duit l\u2019\u00e9cart, selon un nouveau sondage d\u2019OpinionWay. Jean-Michel Aulas\u00a0toujours en t\u00eate dans les sondages.\u00a0L\u2019homme d\u2019affaires, soutenu par la droite et le centre, maintient son avance\u00a0au premier tour des municipales \u00e0\u00a0Lyon\u00a0avec 43\u00a0% [&hellip;]<\/p>\n","protected":false},"author":1,"featured_media":124454,"comment_status":"open","ping_status":"open","sticky":false,"template":"","format":"standard","meta":{"_monsterinsights_skip_tracking":false,"_monsterinsights_sitenote_active":false,"_monsterinsights_sitenote_note":"","_monsterinsights_sitenote_category":0,"footnotes":""},"categories":[1],"tags":[],"coauthors":[77],"class_list":["post-124453","post","type-post","status-publish","format-standard","has-post-thumbnail","hentry","category-a-la-une"],"aioseo_notices":[],"_links":{"self":[{"href":"https:\/\/pressactu.com\/index.php?rest_route=\/wp\/v2\/posts\/124453","targetHints":{"allow":["GET"]}}],"collection":[{"href":"https:\/\/pressactu.com\/index.php?rest_route=\/wp\/v2\/posts"}],"about":[{"href":"https:\/\/pressactu.com\/index.php?rest_route=\/wp\/v2\/types\/post"}],"author":[{"embeddable":true,"href":"https:\/\/pressactu.com\/index.php?rest_route=\/wp\/v2\/users\/1"}],"replies":[{"embeddable":true,"href":"https:\/\/pressactu.com\/index.php?rest_route=%2Fwp%2Fv2%2Fcomments&post=124453"}],"version-history":[{"count":0,"href":"https:\/\/pressactu.com\/index.php?rest_route=\/wp\/v2\/posts\/124453\/revisions"}],"wp:featuredmedia":[{"embeddable":true,"href":"https:\/\/pressactu.com\/index.php?rest_route=\/wp\/v2\/media\/124454"}],"wp:attachment":[{"href":"https:\/\/pressactu.com\/index.php?rest_route=%2Fwp%2Fv2%2Fmedia&parent=124453"}],"wp:term":[{"taxonomy":"category","embeddable":true,"href":"https:\/\/pressactu.com\/index.php?rest_route=%2Fwp%2Fv2%2Fcategories&post=124453"},{"taxonomy":"post_tag","embeddable":true,"href":"https:\/\/pressactu.com\/index.php?rest_route=%2Fwp%2Fv2%2Ftags&post=124453"},{"taxonomy":"author","embeddable":true,"href":"https:\/\/pressactu.com\/index.php?rest_route=%2Fwp%2Fv2%2Fcoauthors&post=124453"}],"curies":[{"name":"wp","href":"https:\/\/api.w.org\/{rel}","templated":true}]}}