{"id":124449,"date":"2026-03-13T05:54:58","date_gmt":"2026-03-13T05:54:58","guid":{"rendered":"https:\/\/pressactu.com\/?p=124449"},"modified":"2026-03-13T05:54:58","modified_gmt":"2026-03-13T05:54:58","slug":"municipales-2026-a-villeneuve-sur-lot-ce-que-proposent-les-candidats-pour-le-futur-du-centre-ville","status":"publish","type":"post","link":"https:\/\/pressactu.com\/?p=124449","title":{"rendered":"Municipales 2026 \u00e0 Villeneuve-sur-Lot\u00a0: ce que proposent les candidats pour le futur du centre-ville"},"content":{"rendered":"<p>\n                                                                    <span class=\"article-full__chapo-label hide-on-small-only\">l&#8217;essentiel<\/span><br \/>\n                                                                Quatri\u00e8me chapitre de questions th\u00e9matiques aux candidats aux \u00e9lections municipales. Aujourd\u2019hui, nous nous attardons sur le centre-ville de Villeneuve-sur-Lot.\n                            <\/p>\n<div rel=\"js-article-content\" data-state=\"fixed-height\" data-selection=\"disabled\">\n                                                                                                                                                            <!-- Pub DFP Position [outstream] --><\/p>\n<p>C\u2019est un sujet qui revient \u00e0 chaque campagne\u00a0: le centre-ville de Villeneuve. En six ans, il a bien s\u00fbr \u00e9volu\u00e9, et ce sur plusieurs points. D\u2019abord d\u2019un point de vue urbanistique, avec le grand chantier du mandat et la r\u00e9fection du boulevard Georges-Leygues, transform\u00e9 en &#8220;all\u00e9es&#8221;. Ensuite, les animations sont \u00e9galement devenues plus pr\u00e9sentes, tout au long de l\u2019ann\u00e9e et notamment pendant les vacances avec de grands \u00e9v\u00e9nements \u2013 la Bastide enchant\u00e9e l\u2019hiver et les grands concerts durant la p\u00e9riode estivale. Un effort important a \u00e9t\u00e9 port\u00e9 sur cette partie animations au cours de la mandature. Mais c\u2019est surtout un sujet qui a attis\u00e9 les d\u00e9bats tout au long des discussions politiques des six derni\u00e8res ann\u00e9es.<\/p>\n<p><!-- Pub DFP Position [article] --><\/p>\n<p>Pour autant, comme de nombreux c\u0153urs de ville en France, le commerce souffre. Des enseignes nationales, mais aussi des magasins sans repreneurs, ont baiss\u00e9 le rideau dans la bastide. Un &#8220;manager de commerce&#8221; a \u00e9t\u00e9 recrut\u00e9 au cours du mandat pour impulser une nouvelle dynamique et repenser la disposition des boutiques dans le c\u0153ur de ville. Mais les ouvertures n\u2019ont, pour l\u2019heure, pas compens\u00e9 le nombre de fermetures.<\/p>\n<p>Nous avons donc demand\u00e9 aux candidats aux prochaines \u00e9lections municipales leur vision sur le c\u0153ur de la bastide villeneuvoise pour les ann\u00e9es \u00e0 venir et les propositions qu\u2019ils souhaitent mettre en place.<\/p>\n<p class=\"std-elt__inline\">\n        <strong>\u00c0 lire aussi :<\/strong><br \/>\n        <a href=\"\/2026\/03\/02\/municipales-2026-a-villeneuve-sur-lot-ce-que-proposent-les-candidats-concernant-la-sante-et-lacces-aux-soins-13251598.php\">Municipales 2026 \u00e0 Villeneuve-sur-Lot\u00a0: ce que proposent les candidats concernant la sant\u00e9 et l\u2019acc\u00e8s aux soins<\/a>\n    <\/p>\n<h2 class=\"txt-chapitre\">St\u00e9phane Boukhari, &#8220;Souffle citoyen&#8221;<\/h2>\n<p>Villeneuve m\u00e9rite un centre-ville vivant, accueillant et attractif, o\u00f9 habitants, commer\u00e7ants et visiteurs ont plaisir \u00e0 se retrouver. Pour y parvenir, plusieurs actions concr\u00e8tes peuvent \u00eatre mises en \u0153uvre afin de redonner dynamisme et coh\u00e9rence au c\u0153ur de ville.<br \/>La premi\u00e8re consiste \u00e0 redonner vie aux locaux vacants gr\u00e2ce aux baux pr\u00e9caires. D\u2019une dur\u00e9e d\u2019un \u00e0 deux ans renouvelables, ils permettent d\u2019accueillir rapidement artistes, artisans ou associations dans des cellules commerciales ferm\u00e9es. Ces occupations temporaires favorisent l\u2019exp\u00e9rimentation, attirent du passage et recr\u00e9ent de l\u2019animation dans les rues. La seconde mesure serait de cr\u00e9er une fonci\u00e8re commerciale municipale. Cet outil permettrait \u00e0 la Ville d\u2019acheter, r\u00e9nover puis louer des locaux \u00e0 des tarifs accessibles \u00e0 des commerces ind\u00e9pendants et \u00e0 des services de proximit\u00e9. L\u2019objectif est de lutter contre la sp\u00e9culation, d\u2019\u00e9viter les implantations inadapt\u00e9es et de construire une identit\u00e9 commerciale \u00e9quilibr\u00e9e. Enfin, le centre-ville doit vivre tout au long de l\u2019ann\u00e9e gr\u00e2ce \u00e0 des animations r\u00e9guli\u00e8res\u00a0: march\u00e9s nocturnes, ap\u00e9ros-concerts, ateliers familiaux ou \u00e9v\u00e9nements de quartier. En s\u2019appuyant sur l\u2019Op\u00e9ration de revitalisation du territoire, Villeneuve dispose des moyens pour renforcer son attractivit\u00e9 \u00e9conomique, culturelle et sociale et faire de son centre-ville un v\u00e9ritable lieu de vie partag\u00e9.<\/p>\n<p class=\"std-elt__inline\">\n        <strong>\u00c0 lire aussi :<\/strong><br \/>\n        <a href=\"\/2026\/02\/21\/municipales-2026-a-villeneuve-sur-lot-economie-emploi-les-solutions-proposees-par-les-candidats-13236992.php\">Municipales 2026 \u00e0 Villeneuve-sur-Lot\u00a0: \u00e9conomie, emploi, les solutions propos\u00e9es par les candidats<\/a>\n    <\/p>\n<h2 class=\"txt-chapitre\">Thomas Bouyssonnie, &#8220;Villeneuve C\u2019Vous&#8221;<\/h2>\n<p>Il faut r\u00e9inventer le centre-ville\u00a0! Le constat est mal pos\u00e9 et reprend les \u00e9l\u00e9ments de langage de l\u2019\u00e9quipe sortante. Cette derni\u00e8re a r\u00e9nov\u00e9 la fa\u00e7ade \u00e0 grands frais mais, sous le vernis, le centre-ville continue \u00e0 se d\u00e9t\u00e9riorer\u00a0: boutiques ferm\u00e9es, logements insalubres, cadre de vie d\u00e9grad\u00e9.\u00a0Aux d\u00e9penses de prestige, nous privil\u00e9gierons l\u2019urbanisme du quotidien (trottoirs, nids-de-poule, vitesse excessive). Nous prendrons soin aussi de la bastide &#8220;rive gauche&#8221;, qui a \u00e9t\u00e9 la grande oubli\u00e9e de ce mandat. Aux deux concerts d\u2019\u00e9t\u00e9 \u00e0 200\u00a0000\u00a0euros, nous privil\u00e9gierons un travail en profondeur dans tous les quartiers de la ville avec des artistes locaux, et en tissant du lien social pour tous ceux qui souffrent de l\u2019isolement \u2013 et pas seulement en \u00e9t\u00e9.\u00a0Enfin, nous accompagnerons la mutation irr\u00e9versible du commerce. D\u2019abord en soutenant les commer\u00e7ants qui r\u00e9sistent et ceux qui s\u2019installent. Ensuite, en diversifiant. Les boutiques ne suffiront plus \u00e0 occuper tout l\u2019espace comme autrefois. Avec notre projet de P\u00f4le des m\u00e9tiers d\u2019art et de l\u2019artisanat, nous faciliterons l\u2019installation des professionnels concern\u00e9s dans les locaux vacants.\u00a0La plus belle bastide m\u00e9rite mieux qu\u2019un slogan, si vous nous faites confiance, nous en ferons une r\u00e9alit\u00e9.<\/p>\n<p class=\"std-elt__inline\">\n        <strong>\u00c0 lire aussi :<\/strong><br \/>\n        <a href=\"\/2026\/03\/07\/municipales-2026-a-villeneuve-sur-lot-ce-que-prevoient-les-candidats-autour-de-la-securite-aux-municipales-13258626.php\">Municipales 2026 \u00e0 Villeneuve-sur-Lot\u00a0: ce que pr\u00e9voient les candidats autour de la s\u00e9curit\u00e9 aux municipales<\/a>\n    <\/p>\n<h2 class=\"txt-chapitre\">Geoffroy Gary, &#8220;Union pour Villeneuve&#8221;<\/h2>\n<p>M.\u00a0Lepers a bas\u00e9 toute sa politique sur les animations pour relancer l\u2019attractivit\u00e9 du centre-ville et son pari est un \u00e9chec. Que reste-t-il apr\u00e8s les millions d\u2019euros d\u00e9pens\u00e9s et les photos\u00a0? Plus de 150 vitrines ferm\u00e9es, la saison estivale 2026 abandonn\u00e9e par les restaurateurs de la Cale, une halle Lakanal en hibernation forc\u00e9e avec des g\u00e9rants qui menacent de jeter l\u2019\u00e9ponge en septembre, des commer\u00e7ants avec un chiffre d\u2019affaires en berne (-20\u00a0%), deux meurtres en 2025 et l\u2019agression de notre d\u00e9put\u00e9. La liste &#8220;Union pour Villeneuve&#8221; proposera des animations locales pour les Villeneuvois plut\u00f4t que pour des touristes new-yorkais imaginaires, si chers \u00e0 notre &#8220;d\u00e9put\u00e9-maire&#8221;. La s\u00e9curit\u00e9, la propret\u00e9 et une fiscalit\u00e9 ma\u00eetris\u00e9e sont les conditions initiales pour relancer l\u2019attractivit\u00e9 et mettre en place des festivit\u00e9s qui correspondent aux envies de nos concitoyens\u00a0: plus de local et de traditions\u00a0; moins de showbiz et de slogans. Il faut revoir l\u2019accessibilit\u00e9 \u00e0 notre c\u0153ur de ville gr\u00e2ce \u00e0 un &#8220;plan trottoir&#8221;, deux heures gratuites de stationnement pour tous et des places &#8220;arr\u00eat minute&#8221;. Une partie des millions d\u00e9pens\u00e9s dans les all\u00e9es Georges-Leygues aurait pu \u00eatre utilis\u00e9e pour amorcer le projet du parc Saint-Cyr. Sans vision, il n\u2019y a pas d\u2019action efficace\u00a0!<\/p>\n<p class=\"std-elt__inline\">\n        <strong>\u00c0 lire aussi :<\/strong><br \/>\n        <a href=\"\/2026\/03\/10\/municipales-2026-a-villeneuve-sur-lot-horaires-bureaux-transport-gratuit-ce-quil-faut-savoir-pour-voter-13264601.php\">Municipales 2026 \u00e0 Villeneuve-sur-Lot\u00a0: horaires, bureaux, transport gratuit\u2026 ce qu\u2019il faut savoir pour voter<\/a>\n    <\/p>\n<h2 class=\"txt-chapitre\">Guillaume Lepers, &#8220;Gardons le cap&#8221;<\/h2>\n<p>Le centre-ville de Villeneuve-sur-Lot est au c\u0153ur de notre action. Depuis 2020, nous avons engag\u00e9 sa transformation\u00a0: r\u00e9novation du boulevard Georges-Leygues, embellissement des espaces publics, multiplication des animations et des \u00e9v\u00e9nements qui redonnent de la vie \u00e0 la bastide.\u00a0Mais nous savons que le commerce de centre-ville traverse partout des mutations profondes. Pour y r\u00e9pondre, nous voulons franchir une nouvelle \u00e9tape en cr\u00e9ant un Office de commerce, afin de renforcer la coop\u00e9ration entre la Ville, les commer\u00e7ants et les acteurs \u00e9conomiques et gagner en efficacit\u00e9 dans l\u2019accompagnement des projets.\u00a0Nous poursuivrons notre strat\u00e9gie fonci\u00e8re volontariste afin de r\u00e9duire durablement le nombre de cellules commerciales vacantes en c\u0153ur de ville. L\u2019objectif est clair\u00a0: faciliter l\u2019installation de nouvelles activit\u00e9s gr\u00e2ce \u00e0 des dispositifs concrets comme les boutiques \u00e0 l\u2019essai ou les commerces \u00e9ph\u00e9m\u00e8res.\u00a0Surtout, nous consid\u00e9rons que le centre-ville ne se r\u00e9sume pas au commerce. Il doit d\u2019abord \u00eatre un lieu de vie. Cela passe par la r\u00e9novation de l\u2019habitat, avec notamment la requalification du quartier des Cieutat, par la r\u00e9implantation progressive de services publics en c\u0153ur de ville, et par la poursuite de la v\u00e9g\u00e9talisation des espaces publics.<\/p>\n<\/p><\/div>\n<p><a href=\"https:\/\/www.ladepeche.fr\/2026\/03\/12\/municipales-2026-a-villeneuve-sur-lot-ce-que-proposent-les-candidats-pour-le-futur-du-centre-ville-13268808.php\">source<\/a><\/p>\n","protected":false},"excerpt":{"rendered":"<p>l&#8217;essentiel Quatri\u00e8me chapitre de questions th\u00e9matiques aux candidats aux \u00e9lections municipales. Aujourd\u2019hui, nous nous attardons sur le centre-ville de Villeneuve-sur-Lot. C\u2019est un sujet qui revient \u00e0 chaque campagne\u00a0: le centre-ville de Villeneuve. En six ans, il a bien s\u00fbr \u00e9volu\u00e9, et ce sur plusieurs points. D\u2019abord d\u2019un point de vue urbanistique, avec le grand chantier [&hellip;]<\/p>\n","protected":false},"author":1,"featured_media":124450,"comment_status":"open","ping_status":"open","sticky":false,"template":"","format":"standard","meta":{"_monsterinsights_skip_tracking":false,"_monsterinsights_sitenote_active":false,"_monsterinsights_sitenote_note":"","_monsterinsights_sitenote_category":0,"footnotes":""},"categories":[74],"tags":[],"coauthors":[77],"class_list":["post-124449","post","type-post","status-publish","format-standard","has-post-thumbnail","hentry","category-economie"],"aioseo_notices":[],"_links":{"self":[{"href":"https:\/\/pressactu.com\/index.php?rest_route=\/wp\/v2\/posts\/124449","targetHints":{"allow":["GET"]}}],"collection":[{"href":"https:\/\/pressactu.com\/index.php?rest_route=\/wp\/v2\/posts"}],"about":[{"href":"https:\/\/pressactu.com\/index.php?rest_route=\/wp\/v2\/types\/post"}],"author":[{"embeddable":true,"href":"https:\/\/pressactu.com\/index.php?rest_route=\/wp\/v2\/users\/1"}],"replies":[{"embeddable":true,"href":"https:\/\/pressactu.com\/index.php?rest_route=%2Fwp%2Fv2%2Fcomments&post=124449"}],"version-history":[{"count":0,"href":"https:\/\/pressactu.com\/index.php?rest_route=\/wp\/v2\/posts\/124449\/revisions"}],"wp:featuredmedia":[{"embeddable":true,"href":"https:\/\/pressactu.com\/index.php?rest_route=\/wp\/v2\/media\/124450"}],"wp:attachment":[{"href":"https:\/\/pressactu.com\/index.php?rest_route=%2Fwp%2Fv2%2Fmedia&parent=124449"}],"wp:term":[{"taxonomy":"category","embeddable":true,"href":"https:\/\/pressactu.com\/index.php?rest_route=%2Fwp%2Fv2%2Fcategories&post=124449"},{"taxonomy":"post_tag","embeddable":true,"href":"https:\/\/pressactu.com\/index.php?rest_route=%2Fwp%2Fv2%2Ftags&post=124449"},{"taxonomy":"author","embeddable":true,"href":"https:\/\/pressactu.com\/index.php?rest_route=%2Fwp%2Fv2%2Fcoauthors&post=124449"}],"curies":[{"name":"wp","href":"https:\/\/api.w.org\/{rel}","templated":true}]}}