{"id":124445,"date":"2026-03-13T04:36:09","date_gmt":"2026-03-13T04:36:09","guid":{"rendered":"https:\/\/pressactu.com\/?p=124445"},"modified":"2026-03-13T04:36:09","modified_gmt":"2026-03-13T04:36:09","slug":"municipales-2026-a-montauban-derriere-jean-philippe-labarre-la-melee-citoyenne-sent-que-tout-est-possible","status":"publish","type":"post","link":"https:\/\/pressactu.com\/?p=124445","title":{"rendered":"Municipales 2026 \u00e0 Montauban\u00a0: derri\u00e8re Jean-Philippe Labarre, &quot;la m\u00eal\u00e9e citoyenne&quot; sent que tout est possible"},"content":{"rendered":"<p>\n                                                                    <span class=\"article-full__chapo-label hide-on-small-only\">l&#8217;essentiel<\/span><br \/>\n                                                                Devant plus de 400 personnes enthousiastes r\u00e9unies \u00e0 la salle du Carreyrat, la liste Nouveau Montauban tenait son dernier meeting de campagne avant le 1er tour, ce jeudi 12\u00a0mars 2026. Une heure de r\u00e9union qui a d\u00e9montr\u00e9 \u00e0 quel point l\u2019\u00e9quipe &#8220;hors des partis et contre les extr\u00eames&#8221; men\u00e9e par Jean-Philippe Labarre avait construit un collectif solide. De quoi lui ouvrir bien des perspectives en vue d\u2019un &#8220;scrutin d\u00e9cisif pour l\u2019avenir de Montauban&#8221;.\n                            <\/p>\n<div rel=\"js-article-content\" data-state=\"fixed-height\" data-selection=\"disabled\">\n                                                                                                                                                            <!-- Pub DFP Position [outstream] --><\/p>\n<p>De l\u2019\u00e9nergie, de la ferveur, des discours empreints de conviction et de sinc\u00e9rit\u00e9\u00a0: m\u00eame dans &#8220;la salle la plus moche de Montauban&#8221;, dixit Jean-Charles Bordaries, la soir\u00e9e de cl\u00f4ture de la campagne du 1er tour a \u00e9t\u00e9 une vraie satisfaction pour la liste citoyenne Nouveau Montauban.<\/p>\n<p><!-- Pub DFP Position [article] --><\/p>\n<p>Il \u00e9tait 19\u00a0h\u00a030 lorsque la premi\u00e8re colisti\u00e8re, Camille Hodouin, est mont\u00e9e sur la sc\u00e8ne dress\u00e9e dans une salle du Carreyrat o\u00f9 le public n\u2019a pas tard\u00e9 \u00e0 faire la claque. &#8220;Quand je vous regarde, une chose est claire pour moi, nous ne sommes pas seuls et nous avons construit quelque chose de solide qui va nous amener \u00e0 la victoire&#8221;.<\/p>\n<div class=\"center-align\" rel=\"js-article-inline-img\" data-protec-aida=\"image\">\n<figure class=\"std-img\" data-src=\"https:\/\/images.ladepeche.fr\/api\/v1\/images\/view\/69b32a0f58ca9fca0c077643\/original\/image.jpg?v=1\">\n        <img decoding=\"async\" class=\"std-img__img responsive-img\" src=\"http:\/\/pressactu.com\/wp-content\/uploads\/2026\/03\/1773376568_121_image.jpg?v=1\" alt=\"Un public enthousiaste a salu\u00e9 chaque intervention des candidats jeudi soir, dans la salle du Carreyrat d\u00e9cor\u00e9e aux couleurs de Nouveau Montauban.\"\/><figcaption class=\"article-full__media-infos\">\n                <span class=\"article-full__media-legend\">Un public enthousiaste a salu\u00e9 chaque intervention des candidats jeudi soir, dans la salle du Carreyrat d\u00e9cor\u00e9e aux couleurs de Nouveau Montauban.<\/span><br \/>\n                                    <span class=\"article-full__media-author\">DDM &#8211; DDM MANUEL MASSIP<\/span><br \/>\n                            <\/figcaption><\/figure>\n<\/div>\n<p>St\u00e9phane Gonzalez, sapeur-pompier professionnel, a ouvert son c\u0153ur\u00a0: &#8220;Ce soir, je vais vous parler comme un Montalbanais qui aime sa ville, qui la sert et qui refuse de la voir se diviser. Nouveau Montauban, ce n\u2019est pas un slogan, c\u2019est une promesse. 90\u00a0% des colistiers sont issus de la soci\u00e9t\u00e9 civile. Nous sommes des hommes et des femmes de la vie r\u00e9elle. On nous demande souvent, de quel camp \u00eates-vous\u00a0? Nous sommes du camp de Montauban, pas celui des extr\u00eames, pas celui des conflits permanents. L\u2019avenir n\u2019appartient pas aux plus bruyants, il appartient \u00e0 ceux qui rassemblent&#8221;.<\/p>\n<p>En mati\u00e8re de collectif, Valentin Barrau s\u2019y entend. Le dirigeant sportif a cern\u00e9 les enjeux du scrutin de mars. &#8220;C\u2019est le choix d\u2019un nouveau mode de gouvernance qui est propos\u00e9 aux citoyens de cette ville. La partie n\u2019est pas termin\u00e9e, nous ne sommes qu\u2019\u00e0 la premi\u00e8re mi-temps et je lance un appel pour qu\u2019une m\u00eal\u00e9e citoyenne se forme dimanche.&#8221;<\/p>\n<h2 class=\"txt-int\">Araksya fait se lever la salle<\/h2>\n<p>Apr\u00e8s le pr\u00e9sident du CDOS, est venu sans doute le moment le plus fort de la soir\u00e9e. Araksya Vardanian, l\u2019une des benjamines de la liste, a racont\u00e9 son destin hors du commun. &#8220;J\u2019ai quitt\u00e9 mon pays (NDLR\u00a0: l\u2019Arm\u00e9nie), je suis arriv\u00e9e en France \u00e0 l\u2019\u00e2ge de 17 ans comme r\u00e9fugi\u00e9e politique avec des r\u00eaves immenses mais sans parler la langue de Moli\u00e8re. La France m\u2019a donn\u00e9 ma chance et m\u2019a permis de r\u00e9aliser mon r\u00eave, devenir juriste. Aujourd\u2019hui, je veux lui rendre ce qu\u2019elle m\u2019a donn\u00e9. Rejoindre Nouveau Montauban a \u00e9t\u00e9 une \u00e9vidence pour moi car c\u2019est une \u00e9quipe dynamique, bienveillante, anim\u00e9e par la seule volont\u00e9 de servir l\u2019int\u00e9r\u00eat g\u00e9n\u00e9ral.&#8221; Et la jeune femme de citer un des plus grands \u00e9crivains du pays qui est le sien aujourd\u2019hui, Victor Hugo\u00a0: &#8220;Ceux qui vivent sont ceux qui luttent&#8221;.<\/p>\n<p>Portant en bandouli\u00e8re les valeurs de la R\u00e9publique, Araksya a quitt\u00e9 la sc\u00e8ne sous les vivats. &#8220;Je voulais passer avant elle, vous comprenez pourquoi&#8221;\u00a0: avec cette boutade, Jean-Charles Bordaries s\u2019est vite mis lui aussi l\u2019auditoire dans la poche. &#8220;Lorsqu\u2019on est unis, tout est possible.&#8221; \u00c9voquant la &#8220;fin de r\u00e8gne&#8221; d\u2019une droite divis\u00e9e qui tient meeting devant &#8220;des salles \u00e0 moiti\u00e9 pleines&#8221;, le &#8220;Monsieur Jazz&#8221; a conclu\u00a0: &#8220;Le renouveau, c\u2019est ici et c\u2019est ici que cela va se passer&#8221;.*<\/p>\n<blockquote>\n<p>&#8220;\u00c0 date, ce sondage dit que personne ne peut gagner seul, alors, il va falloir rassembler et restaurer la confiance de celles et ceux qui se sont d\u00e9tourn\u00e9s des urnes&#8221; (Alain Baute, pr\u00e9sident de Nouveau Montauban).<\/p>\n<\/blockquote>\n<p>Alain Baute, le pr\u00e9sident fondateur de Nouveau Montauban, n\u2019a pas cach\u00e9 son \u00e9motion en prenant le micro. &#8220;Il se passe quelque chose, on sent une vague monter. On a men\u00e9 un travail s\u00e9rieux tous ensemble. Pour transformer cela, il faut de la confiance. Vous avez vu <a href=\"https:\/\/www.ladepeche.fr\/2026\/03\/09\/sondage-municipales-2026-a-montauban-le-candidat-de-brigitte-bareges-en-grand-danger-la-liste-labarre-a-les-cles-du-second-tour-13262796.php\" target=\"_self\">le sondage publi\u00e9 cette semaine<\/a>. Un sondage, c\u2019est une photographie. Que dit-il\u00a0? Que les novices aux \u00e9charpes vertes ont \u00e9t\u00e9 capables de se faire conna\u00eetre, de se faire comprendre. \u00c0 date, ce sondage dit que personne ne peut gagner seul, alors, il va falloir rassembler et restaurer la confiance de celles et ceux qui se sont d\u00e9tourn\u00e9s des urnes. Nous avons une seule action \u00e0 mener, \u00eatre dans l\u2019authenticit\u00e9, dans l\u2019honn\u00eatet\u00e9 je dirais. Nouveau Montauban aujourd\u2019hui est dans le jeu.&#8221;<\/p>\n<div class=\"center-align\" rel=\"js-article-inline-img\" data-protec-aida=\"image\">\n<figure class=\"std-img\" data-src=\"https:\/\/images.ladepeche.fr\/api\/v1\/images\/view\/69b32a0ee93001499b0ec272\/original\/image.jpg?v=1\">\n        <img decoding=\"async\" class=\"std-img__img responsive-img\" src=\"http:\/\/pressactu.com\/wp-content\/uploads\/2026\/03\/1773376568_61_image.jpg?v=1\" alt=\"Jean-Philippe Labarre esp\u00e8re que de nombreuses \u00e9lectrices et de nombreux \u00e9lecteurs glisseront ce bulletin dans l\u2019urne dimanche.\"\/><figcaption class=\"article-full__media-infos\">\n                <span class=\"article-full__media-legend\">Jean-Philippe Labarre esp\u00e8re que de nombreuses \u00e9lectrices et de nombreux \u00e9lecteurs glisseront ce bulletin dans l\u2019urne dimanche.<\/span><br \/>\n                                    <span class=\"article-full__media-author\">DDM &#8211; DDM MANUEL MASSIP<\/span><br \/>\n                            <\/figcaption><\/figure>\n<\/div>\n<p>&#8220;Nous souhaitons \u00eatre fiers \u00e0 nouveau de Montauban, que l\u2019on en parle non pas pour des propos outranciers mais pour vanter le bien vivre que ses habitants ont d\u00e9cid\u00e9 de construire car les h\u00e9ros, les vainqueurs, ce sera toujours vous&#8221;, a encha\u00een\u00e9 l\u2019excellente Brigitte Lamouri.<\/p>\n<p>Il \u00e9tait 20\u00a0h\u00a014 lorsque le chef de cette joyeuse \u00e9quipe, Jean-Philippe Labarre, a fendu la foule sur un pas de danse. &#8220;Nous avons men\u00e9 une campagne s\u00e9rieuse, dynamique et enthousiaste en faisant preuve d\u2019une coh\u00e9sion sans pareille et d\u2019une \u00e9nergie incroyable. On sent chez toutes et tous l\u2019envie de travailler ensemble. Notre objectif, ce n\u2019est pas de faire une carri\u00e8re politique, c\u2019est de servir cette ville. Nous avons trois jours pour convaincre les ind\u00e9cis et renverser la gouvernance actuelle qui ne m\u00e9rite pas de se maintenir. Ce scrutin est capital pour Montauban.&#8221;<\/p>\n<\/p><\/div>\n<p><a href=\"https:\/\/www.ladepeche.fr\/2026\/03\/12\/municipales-2026-a-montauban-derriere-jean-philippe-labarre-la-melee-citoyenne-sent-que-tout-est-possible-13269374.php\">source<\/a><\/p>\n","protected":false},"excerpt":{"rendered":"<p>l&#8217;essentiel Devant plus de 400 personnes enthousiastes r\u00e9unies \u00e0 la salle du Carreyrat, la liste Nouveau Montauban tenait son dernier meeting de campagne avant le 1er tour, ce jeudi 12\u00a0mars 2026. Une heure de r\u00e9union qui a d\u00e9montr\u00e9 \u00e0 quel point l\u2019\u00e9quipe &#8220;hors des partis et contre les extr\u00eames&#8221; men\u00e9e par Jean-Philippe Labarre avait construit [&hellip;]<\/p>\n","protected":false},"author":1,"featured_media":124446,"comment_status":"open","ping_status":"open","sticky":false,"template":"","format":"standard","meta":{"_monsterinsights_skip_tracking":false,"_monsterinsights_sitenote_active":false,"_monsterinsights_sitenote_note":"","_monsterinsights_sitenote_category":0,"footnotes":""},"categories":[1],"tags":[],"coauthors":[77],"class_list":["post-124445","post","type-post","status-publish","format-standard","has-post-thumbnail","hentry","category-a-la-une"],"aioseo_notices":[],"_links":{"self":[{"href":"https:\/\/pressactu.com\/index.php?rest_route=\/wp\/v2\/posts\/124445","targetHints":{"allow":["GET"]}}],"collection":[{"href":"https:\/\/pressactu.com\/index.php?rest_route=\/wp\/v2\/posts"}],"about":[{"href":"https:\/\/pressactu.com\/index.php?rest_route=\/wp\/v2\/types\/post"}],"author":[{"embeddable":true,"href":"https:\/\/pressactu.com\/index.php?rest_route=\/wp\/v2\/users\/1"}],"replies":[{"embeddable":true,"href":"https:\/\/pressactu.com\/index.php?rest_route=%2Fwp%2Fv2%2Fcomments&post=124445"}],"version-history":[{"count":0,"href":"https:\/\/pressactu.com\/index.php?rest_route=\/wp\/v2\/posts\/124445\/revisions"}],"wp:featuredmedia":[{"embeddable":true,"href":"https:\/\/pressactu.com\/index.php?rest_route=\/wp\/v2\/media\/124446"}],"wp:attachment":[{"href":"https:\/\/pressactu.com\/index.php?rest_route=%2Fwp%2Fv2%2Fmedia&parent=124445"}],"wp:term":[{"taxonomy":"category","embeddable":true,"href":"https:\/\/pressactu.com\/index.php?rest_route=%2Fwp%2Fv2%2Fcategories&post=124445"},{"taxonomy":"post_tag","embeddable":true,"href":"https:\/\/pressactu.com\/index.php?rest_route=%2Fwp%2Fv2%2Ftags&post=124445"},{"taxonomy":"author","embeddable":true,"href":"https:\/\/pressactu.com\/index.php?rest_route=%2Fwp%2Fv2%2Fcoauthors&post=124445"}],"curies":[{"name":"wp","href":"https:\/\/api.w.org\/{rel}","templated":true}]}}