{"id":124435,"date":"2026-03-13T02:55:45","date_gmt":"2026-03-13T02:55:45","guid":{"rendered":"https:\/\/pressactu.com\/?p=124435"},"modified":"2026-03-13T02:55:45","modified_gmt":"2026-03-13T02:55:45","slug":"a-la-barre-de-la-cour-dassises-le-trafiquant-darmes-craque-denonce-mathias-et-ecarte-laccuse","status":"publish","type":"post","link":"https:\/\/pressactu.com\/?p=124435","title":{"rendered":"\u00c0 la barre de la cour d\u2019assises, le trafiquant d\u2019armes craque, d\u00e9nonce &quot;Mathias&quot; et \u00e9carte l\u2019accus\u00e9"},"content":{"rendered":"<p>\n                                                                    <span class=\"article-full__chapo-label hide-on-small-only\">l&#8217;essentiel<\/span><br \/>\n                                                                Les d\u00e9fenseurs d\u2019un homme accus\u00e9 d\u2019avoir tir\u00e9 sur son ennemi en juillet\u00a02021 \u00e0 Saint-Alban, au nord de Toulouse, ont marqu\u00e9 de gros points ce jeudi. \u00c0 la barre, pr\u00e9sur\u00e9, un t\u00e9moin a craqu\u00e9 et a reconnu avoir vendu une arme, celle de la tentative d\u2019assassinat, mais pas \u00e0 l\u2019accus\u00e9.\n                            <\/p>\n<div rel=\"js-article-content\" data-state=\"fixed-height\" data-selection=\"disabled\">\n                                                                                                                                                            <!-- Pub DFP Position [outstream] --><\/p>\n<p>L\u2019oralit\u00e9 des d\u00e9bats, grande r\u00e8gle des cours d\u2019assises o\u00f9 le dossier est syst\u00e9matiquement remis \u00e0 plat, a r\u00e9serv\u00e9 un gros effet d\u2019audience ce jeudi en fin d\u2019apr\u00e8s-midi, \u00e0 Toulouse. Apr\u00e8s les enqu\u00eateurs de la gendarmerie, la section de recherches de Toulouse, des t\u00e9moins se succ\u00e8dent \u00e0 la barre de la cour d\u2019assises de la Haute-Garonne. Ils \u00e9voquent, souvent avec difficult\u00e9, l\u2019\u00e9t\u00e9 2021 et les coups de feu qui ont vis\u00e9 Aziz, gri\u00e8vement bless\u00e9 par cinq balles devant le domicile de sa petite amie, \u00e0 Saint-Alban.<\/p>\n<p><!-- Pub DFP Position [article] --><\/p>\n<p>Mohamed se pr\u00e9sente face aux jur\u00e9s, quatre femmes et deux hommes qui vont de surprise en surprise.\u00a0Ce gar\u00e7on a \u00e9t\u00e9 condamn\u00e9 \u00e0 trois ans d\u2019emprisonnement\u00a0devant le tribunal correctionnel pour avoir fourni des armes, dont celle utilis\u00e9e lors du coup de force du 11\u00a0juillet 2021. Les questions se succ\u00e8dent, les r\u00e9ponses restent \u00e9vasives.<\/p>\n<p>Le ton change quand Me Franck Berton, rompu aux joutes criminelles, commence les questions. Le ton enjou\u00e9 devient vite incisif. Pouss\u00e9, le t\u00e9moin chancelle et finit par craquer. &#8220;J\u2019ai vendu l\u2019arme, oui, mais pas \u00e0 l\u2019accus\u00e9\u00a0!&#8221; Surprise dans la salle mais la d\u00e9fense ne l\u00e2che pas. D\u00e9bord\u00e9, le t\u00e9moin craque et \u00e9voque l\u2019acheteur &#8220;Mathias&#8221;, des larmes plein les yeux. Une grosse \u00e9pine de moins dans le pied de Gor, l\u2019accus\u00e9 t\u00e9tanis\u00e9 dans le box des accus\u00e9s.<\/p>\n<h2 class=\"txt-int\">L\u2019acheteur de l\u2019arme du crime serait mort<\/h2>\n<p>Curieusement, la victime se pr\u00e9cipite sur son t\u00e9l\u00e9phone. Pour diffuser la nouvelle\u00a0? Repris par la pr\u00e9sidente, il confie, \u00e9mu, &#8220;C\u2019est un ami, il mangeait chez ma m\u00e8re&#8221;. Un num\u00e9ro d\u2019artiste que Me Ravyn Issa contredit apr\u00e8s avoir fouill\u00e9 dans le dossier fort de plusieurs tomes. Le fameux Mathias est en effet connu dans le dossier mais pour avoir \u00e9t\u00e9 pass\u00e9 \u00e0 tabac par la victime\u00a0! Curieux pour un ami de la famille.<\/p>\n<p>Mais les surprises ne s\u2019arr\u00eatent pas l\u00e0. &#8220;Mathias est mort&#8221;, confie encore la victime \u00e0 son avocate, Me Merryl Chekroun-Guigui. Information diffus\u00e9e \u00e0 la cour. La pr\u00e9sidente Val\u00e9rie No\u00ebl ordonne un suppl\u00e9ment d\u2019information rapide pour savoir ce que l\u2019on peut apprendre sur ce gar\u00e7on.<\/p>\n<p>Dans le box, Gor Haji-Muradyan craque, des larmes noient son visage. &#8220;Cela fait cinq ans que ce gar\u00e7on, qui affirme son innocence depuis le d\u00e9but de sa mise en cause, dort en prison&#8221;, confie Me Berton, encore souffl\u00e9 par cet &#8220;effet&#8221; d\u2019audience.\u00a0La victime, toujours appuy\u00e9e sur sa canne anglaise, ne bronche pas. &#8220;Le vrai visage de ce gar\u00e7on qui, en r\u00e9alit\u00e9, terrorise tout le monde, est en train d\u2019appara\u00eetre&#8221;, estiment Mes Ravyn et Berton.<\/p>\n<p>Les d\u00e9bats reprennent ce vendredi. Avec d\u2019autres surprises\u00a0?<\/p>\n<\/p><\/div>\n<p><a href=\"https:\/\/www.ladepeche.fr\/2026\/03\/12\/a-la-barre-de-la-cour-dassises-le-trafiquant-darmes-craque-denonce-mathias-et-ecarte-laccuse-13269232.php\">source<\/a><\/p>\n","protected":false},"excerpt":{"rendered":"<p>l&#8217;essentiel Les d\u00e9fenseurs d\u2019un homme accus\u00e9 d\u2019avoir tir\u00e9 sur son ennemi en juillet\u00a02021 \u00e0 Saint-Alban, au nord de Toulouse, ont marqu\u00e9 de gros points ce jeudi. \u00c0 la barre, pr\u00e9sur\u00e9, un t\u00e9moin a craqu\u00e9 et a reconnu avoir vendu une arme, celle de la tentative d\u2019assassinat, mais pas \u00e0 l\u2019accus\u00e9. L\u2019oralit\u00e9 des d\u00e9bats, grande r\u00e8gle [&hellip;]<\/p>\n","protected":false},"author":1,"featured_media":124436,"comment_status":"open","ping_status":"open","sticky":false,"template":"","format":"standard","meta":{"_monsterinsights_skip_tracking":false,"_monsterinsights_sitenote_active":false,"_monsterinsights_sitenote_note":"","_monsterinsights_sitenote_category":0,"footnotes":""},"categories":[1],"tags":[],"coauthors":[77],"class_list":["post-124435","post","type-post","status-publish","format-standard","has-post-thumbnail","hentry","category-a-la-une"],"aioseo_notices":[],"_links":{"self":[{"href":"https:\/\/pressactu.com\/index.php?rest_route=\/wp\/v2\/posts\/124435","targetHints":{"allow":["GET"]}}],"collection":[{"href":"https:\/\/pressactu.com\/index.php?rest_route=\/wp\/v2\/posts"}],"about":[{"href":"https:\/\/pressactu.com\/index.php?rest_route=\/wp\/v2\/types\/post"}],"author":[{"embeddable":true,"href":"https:\/\/pressactu.com\/index.php?rest_route=\/wp\/v2\/users\/1"}],"replies":[{"embeddable":true,"href":"https:\/\/pressactu.com\/index.php?rest_route=%2Fwp%2Fv2%2Fcomments&post=124435"}],"version-history":[{"count":0,"href":"https:\/\/pressactu.com\/index.php?rest_route=\/wp\/v2\/posts\/124435\/revisions"}],"wp:featuredmedia":[{"embeddable":true,"href":"https:\/\/pressactu.com\/index.php?rest_route=\/wp\/v2\/media\/124436"}],"wp:attachment":[{"href":"https:\/\/pressactu.com\/index.php?rest_route=%2Fwp%2Fv2%2Fmedia&parent=124435"}],"wp:term":[{"taxonomy":"category","embeddable":true,"href":"https:\/\/pressactu.com\/index.php?rest_route=%2Fwp%2Fv2%2Fcategories&post=124435"},{"taxonomy":"post_tag","embeddable":true,"href":"https:\/\/pressactu.com\/index.php?rest_route=%2Fwp%2Fv2%2Ftags&post=124435"},{"taxonomy":"author","embeddable":true,"href":"https:\/\/pressactu.com\/index.php?rest_route=%2Fwp%2Fv2%2Fcoauthors&post=124435"}],"curies":[{"name":"wp","href":"https:\/\/api.w.org\/{rel}","templated":true}]}}