{"id":124433,"date":"2026-03-13T02:39:35","date_gmt":"2026-03-13T02:39:35","guid":{"rendered":"https:\/\/pressactu.com\/?p=124433"},"modified":"2026-03-13T02:39:35","modified_gmt":"2026-03-13T02:39:35","slug":"non-je-ne-suis-pas-mort-lancien-international-djibril-cisse-repond-aux-fausses-informations-diffusees-sur-les-reseaux-sociaux","status":"publish","type":"post","link":"https:\/\/pressactu.com\/?p=124433","title":{"rendered":"&quot;Non, je ne suis pas mort\u00a0!&quot; L\u2019ancien international Djibril Ciss\u00e9 r\u00e9pond aux fausses informations diffus\u00e9es sur les r\u00e9seaux sociaux"},"content":{"rendered":"<p>\n                                                                    <span class=\"article-full__chapo-label hide-on-small-only\">l&#8217;essentiel<\/span><br \/>\n                                                                Vainqueur de la Ligue des champions 2005 avec Liverpool, Djibril Ciss\u00e9 (44 ans) a \u00e9t\u00e9 la victime d\u2019une &#8220;fake news&#8221; en ce d\u00e9but de semaine. L\u2019ancien joueur de l\u2019\u00e9quipe de France a pr\u00e9f\u00e9r\u00e9 le prendre avec humour.\n                            <\/p>\n<div rel=\"js-article-content\">\n                                                                                                                                                            <!-- Pub DFP Position [outstream] --><\/p>\n<p>L\u2019incroyable rumeur est arriv\u00e9e jusqu\u2019\u00e0 ses oreilles. Alors, il a tenu \u00e0 r\u00e9tablir la v\u00e9rit\u00e9. Il y a deux jours, un compte TikTok utilisant l\u2019intelligence artificielle pour cr\u00e9er du contenu informatif annon\u00e7ait une &#8220;triste nouvelle&#8221; et que l\u2019ancien international fran\u00e7ais Djibril Ciss\u00e9 (44 ans) avait &#8220;tragiquement perdu la vie&#8221; alors qu\u2019il se trouvait \u00e0 Paris.<\/p>\n<p><!-- Pub DFP Position [article] --><\/p>\n<blockquote cite=\"https:\/\/www.tiktok.com\/@actuplus43\/video\/7615520897025281302\" data-video-id=\"7615520897025281302\" style=\"max-width: 605px;min-width: 325px;\" data-class=\"tiktok-embed\">\n<section> <a target=\"_blank\" title=\"@actuplus43\" href=\"https:\/\/www.tiktok.com\/@actuplus43?refer=embed\">@actuplus43<\/a> une l\u00e9gende du foot francais nous aurait quitt\u00e9 cet mardi en france dibril ciss\u00e9 a fait son beau temps. <a title=\"francefootball\" target=\"_blank\" href=\"https:\/\/www.tiktok.com\/tag\/francefootball?refer=embed\">#francefootball<\/a> <a title=\"dibril\" target=\"_blank\" href=\"https:\/\/www.tiktok.com\/tag\/dibril?refer=embed\">#dibril<\/a> <a target=\"_blank\" title=\"\u266c Sad - Max-Music\" href=\"https:\/\/www.tiktok.com\/music\/Sad-6925246939554383873?refer=embed\">\u266c Sad &#8211; Max-Music<\/a> <\/section>\n<\/blockquote>\n<p>Tr\u00e8s vite, l\u2019information est parvenue jusqu\u2019\u00e0 l\u2019int\u00e9ress\u00e9, qui a tenu \u00e0 rassurer ses fans. &#8220;Non\u00a0! Fake News&#8221; a\u00a0d\u2019abord \u00e9crit le joueur form\u00e9 \u00e0 l\u2019AJ Auxerre et r\u00e9v\u00e9l\u00e9 sous les couleurs du FC Liverpool sur son compte Instagram. Avant de s\u2019exprimer ensuite sur X\u00a0: &#8220;Non, je ne suis pas mort. Je suis bien vivant et toujours d\u2019attaque \u00e0 faire marquer mes attaquants&#8221; a \u00e9crit l\u2019actuel entra\u00eeneur des attaquants de l\u2019AJ Auxerre.<\/p>\n<p>Un d\u00e9menti qui intervient lors d\u2019un jour si particulier pour l\u2019ancien attaquant de l\u2019Olympique de Marseille. Gabriel, son cinqui\u00e8me enfant, qui \u00e9volue chez les cat\u00e9gories jeunes du Sporting Club de Bastia, f\u00eatait ses 11 ans en ce mercredi 11\u00a0mars 2026. &#8220;Joyeux anniversaire mon fils&#8221; a \u00e9crit le p\u00e8re de famille sur Instagram avec une s\u00e9rie de photos.<\/p>\n<div class=\"center-align\" rel=\"js-article-inline-img\" data-protec-aida=\"image\">\n<figure class=\"std-img\" data-src=\"https:\/\/images.ladepeche.fr\/api\/v1\/images\/view\/69b2fdd3762e93749e0f51ce\/original\/image.jpg?v=2\">\n        <img decoding=\"async\" class=\"std-img__img responsive-img\" src=\"http:\/\/pressactu.com\/wp-content\/uploads\/2026\/03\/1773369575_402_image.jpg?v=2\" alt=\"Djibril Ciss\u00e9, ici \u00e0 l\u2019\u00e9t\u00e9 2008 lors d\u2019un match amical entre le TFC et l\u2019Olympique de Marseille du c\u00f4t\u00e9 d\u2019Albi (0-0).\"\/><figcaption class=\"article-full__media-infos\">\n                <span class=\"article-full__media-legend\">Djibril Ciss\u00e9, ici \u00e0 l\u2019\u00e9t\u00e9 2008 lors d\u2019un match amical entre le TFC et l\u2019Olympique de Marseille du c\u00f4t\u00e9 d\u2019Albi (0-0).<\/span><br \/>\n                                    <span class=\"article-full__media-author\">DDM &#8211; JEAN-MARIE LAMBOLEY<\/span><br \/>\n                            <\/figcaption><\/figure>\n<\/div>\n<div class=\"extemb-container\">\n<blockquote data-class=\"twitter-tweet\">\n<p lang=\"fr\" dir=\"ltr\">Prince Cisse (2008), fils de Djibril Ciss\u00e9, inscrit son PREMIER BUT avec les U21 de Liverpool : FUTUR GRAND ! u26bdufe0fud83cudf1f<a href=\"https:\/\/t.co\/naTxpbaDea\">pic.twitter.com\/naTxpbaDea<\/a><\/p>\n<p>\u2014 Instant Foot u26bdufe0f (@lnstantFoot) <a href=\"https:\/\/twitter.com\/lnstantFoot\/status\/2028169762006557000?ref_src=twsrc%5Etfw\">March 1, 2026<\/a><\/p><\/blockquote><\/div>\n<p>Il y a quelques semaines, Djibril Ciss\u00e9 a eu le plaisir de voir son nom r\u00e9sonner du c\u00f4t\u00e9 de Liverpool, club o\u00f9 il a disput\u00e9 79 rencontres entre\u00a02004 et\u00a02006. Son fils\u00a0Prince Kobe Ciss\u00e9, \u00e2g\u00e9 de seulement 17 ans, s\u2019est illustr\u00e9 avec les Reds en trouvant le chemin des filets pour sa toute premi\u00e8re apparition avec la cat\u00e9gorie U21.<\/p>\n<\/p><\/div>\n<p><script async src=\"\/\/platform.twitter.com\/widgets.js\" charset=\"utf-8\"><\/script><br \/><a href=\"https:\/\/www.ladepeche.fr\/2026\/03\/12\/non-je-ne-suis-pas-mort-lancien-international-djibril-cisse-repond-aux-fausses-informations-diffusees-sur-les-reseaux-sociaux-13269176.php\">source<\/a><\/p>\n","protected":false},"excerpt":{"rendered":"<p>l&#8217;essentiel Vainqueur de la Ligue des champions 2005 avec Liverpool, Djibril Ciss\u00e9 (44 ans) a \u00e9t\u00e9 la victime d\u2019une &#8220;fake news&#8221; en ce d\u00e9but de semaine. L\u2019ancien joueur de l\u2019\u00e9quipe de France a pr\u00e9f\u00e9r\u00e9 le prendre avec humour. L\u2019incroyable rumeur est arriv\u00e9e jusqu\u2019\u00e0 ses oreilles. Alors, il a tenu \u00e0 r\u00e9tablir la v\u00e9rit\u00e9. Il y [&hellip;]<\/p>\n","protected":false},"author":1,"featured_media":124434,"comment_status":"open","ping_status":"open","sticky":false,"template":"","format":"standard","meta":{"_monsterinsights_skip_tracking":false,"_monsterinsights_sitenote_active":false,"_monsterinsights_sitenote_note":"","_monsterinsights_sitenote_category":0,"footnotes":""},"categories":[71],"tags":[],"coauthors":[77],"class_list":["post-124433","post","type-post","status-publish","format-standard","has-post-thumbnail","hentry","category-sport"],"aioseo_notices":[],"_links":{"self":[{"href":"https:\/\/pressactu.com\/index.php?rest_route=\/wp\/v2\/posts\/124433","targetHints":{"allow":["GET"]}}],"collection":[{"href":"https:\/\/pressactu.com\/index.php?rest_route=\/wp\/v2\/posts"}],"about":[{"href":"https:\/\/pressactu.com\/index.php?rest_route=\/wp\/v2\/types\/post"}],"author":[{"embeddable":true,"href":"https:\/\/pressactu.com\/index.php?rest_route=\/wp\/v2\/users\/1"}],"replies":[{"embeddable":true,"href":"https:\/\/pressactu.com\/index.php?rest_route=%2Fwp%2Fv2%2Fcomments&post=124433"}],"version-history":[{"count":0,"href":"https:\/\/pressactu.com\/index.php?rest_route=\/wp\/v2\/posts\/124433\/revisions"}],"wp:featuredmedia":[{"embeddable":true,"href":"https:\/\/pressactu.com\/index.php?rest_route=\/wp\/v2\/media\/124434"}],"wp:attachment":[{"href":"https:\/\/pressactu.com\/index.php?rest_route=%2Fwp%2Fv2%2Fmedia&parent=124433"}],"wp:term":[{"taxonomy":"category","embeddable":true,"href":"https:\/\/pressactu.com\/index.php?rest_route=%2Fwp%2Fv2%2Fcategories&post=124433"},{"taxonomy":"post_tag","embeddable":true,"href":"https:\/\/pressactu.com\/index.php?rest_route=%2Fwp%2Fv2%2Ftags&post=124433"},{"taxonomy":"author","embeddable":true,"href":"https:\/\/pressactu.com\/index.php?rest_route=%2Fwp%2Fv2%2Fcoauthors&post=124433"}],"curies":[{"name":"wp","href":"https:\/\/api.w.org\/{rel}","templated":true}]}}