{"id":124430,"date":"2026-03-13T02:33:48","date_gmt":"2026-03-13T02:33:48","guid":{"rendered":"https:\/\/pressactu.com\/?p=124430"},"modified":"2026-03-13T02:33:48","modified_gmt":"2026-03-13T02:33:48","slug":"air-france-klm-va-augmenter-le-prix-des-billets-face-a-la-hausse-des-cours-du-kerosene","status":"publish","type":"post","link":"https:\/\/pressactu.com\/?p=124430","title":{"rendered":"Air France-KLM va augmenter le prix des billets face \u00e0 la hausse des cours du k\u00e9ros\u00e8ne"},"content":{"rendered":"<p>\n                                                                    <span class=\"article-full__chapo-label hide-on-small-only\">l&#8217;essentiel<\/span><br \/>\n                                                                Air France-KLM rel\u00e8ve ses tarifs long-courriers d\u2019une cinquantaine\u202fd\u2019euros aller-retour, face \u00e0 la hausse du prix du k\u00e9ros\u00e8ne\u00a0li\u00e9e \u00e0 la guerre en Iran. D\u2019autres compagnies ont \u00e9galement franchi le pas.\n                            <\/p>\n<div rel=\"js-article-content\">\n                                                                                                                                                            <!-- Pub DFP Position [outstream] --><\/p>\n<p>Vers une hausse g\u00e9n\u00e9ralis\u00e9e des billets d\u2019avion\u00a0? <a href=\"https:\/\/www.ladepeche.fr\/2026\/03\/10\/guerre-au-moyen-orient-ce-nest-pas-a-air-france-de-subventionner-les-francais-bloques-a-dubai-qui-paie-leur-rapatriement-13264000.php\" target=\"_self\">Air France et KLM <\/a>ont annonc\u00e9\u00a0augmenter\u00a0leurs tarifs sur les trajets long-courriers face au choc p\u00e9trolier provoqu\u00e9 par <a href=\"https:\/\/www.ladepeche.fr\/2026\/03\/12\/direct-guerre-en-iran-les-etats-unis-doivent-finir-le-boulot-assure-donald-trump-le-petrole-remonte-au-dessus-de-100-dollars-13266611.php\" target=\"_self\">la guerre en Iran<\/a>. Ils embo\u00eetent\u00a0le pas \u00e0 plusieurs autres compagnies a\u00e9riennes \u00e0 travers\u00a0le monde.<\/p>\n<p><!-- Pub DFP Position [article] --><\/p>\n<div class=\"article-full-nl-promo\">\n<div class=\"article-full-nl-promo__content\">\n<p class=\"article-full-nl-promo__title\">Newsletter A\u00e9ronautique<\/p>\n<p class=\"article-full-nl-promo__text\">Votre RDV hebdomadaire pour d\u00e9couvrir des <strong>informations<br \/>\n                    exclusives<\/strong> sur le secteur de l\u2019a\u00e9ronautique : interviews, analyses approfondies, enqu\u00eates&#8230;<\/p>\n<\/p><\/div>\n<p>        <a class=\"btn btn-primary btn-pill\" href=\"https:\/\/profil.ladepeche.fr\/account\/newsletter?optinNL=NEWS_AERO\">S&#8217;inscrire<\/a>\n    <\/div>\n<p>&#8220;Le contexte g\u00e9opolitique actuel au Moyen-Orient a entra\u00een\u00e9 une hausse importante et soudaine des prix des carburants, notamment du k\u00e9ros\u00e8ne. En cons\u00e9quence, Air France et KLM augmentent leurs tarifs sur les vols long-courriers pour les billets \u00e9mis \u00e0 compter du 11\u00a0mars&#8221;, selon une d\u00e9claration d\u2019Air France-KLM transmise ce jeudi 12\u00a0mars \u00e0 l\u2019AFP et confirmant une information des<em> <a href=\"https:\/\/www.lesechos.fr\/industrie-services\/air-defense\/air-france-sas-india-air-comment-les-compagnies-aeriennes-augmentent-leurs-tarifs-face-a-la-guerre-en-iran-2220416\" target=\"_blank\">Echos<\/a><\/em>.<\/p>\n<p class=\"std-elt__inline\">\n        <strong>\u00c0 lire aussi :<\/strong><br \/>\n        <a href=\"\/2026\/02\/27\/decryptage-que-font-tous-ces-airbus-a220-dair-france-sur-laeroport-de-toulouse-francazal-13245512.php\">D\u00c9CRYPTAGE. Que font tous ces Airbus A220 d\u2019Air France sur l\u2019a\u00e9roport de Toulouse-Francazal\u00a0?<\/a>\n    <\/p>\n<p>Plus pr\u00e9cis\u00e9ment, &#8220;en classe \u00e9conomique, les tarifs augmenteront de 50\u00a0euros aller-retour&#8221;, a pr\u00e9cis\u00e9 le groupe a\u00e9rien franco-n\u00e9erlandais. Avant lui, plusieurs compagnies ont annonc\u00e9 des surcharges sur leurs billets ces derniers jours, comme SAS, Cathay Pacific, Air India et Qantas.<\/p>\n<h2 class=\"txt-int\">Pas encore d\u2019augmentation du c\u00f4t\u00e9 de Transavia<\/h2>\n<p>En revanche, Transavia n\u2019a pas pris de d\u00e9cision d\u2019augmentation des tarifs, m\u00eame si &#8220;elle reste attentive \u00e0 la situation et prendra les mesures le cas \u00e9ch\u00e9ant&#8221;, a indiqu\u00e9 ce jeudi \u00e0 l\u2019AFP un porte-parole de la compagnie low-cost d\u2019Air France-KLM.<\/p>\n<p>Le cours mondial moyen du carburant d\u2019aviation a atteint mercredi pr\u00e8s de 168\u00a0dollars le baril, selon l\u2019indice de r\u00e9f\u00e9rence Platts, une l\u00e9g\u00e8re d\u00e9crue par rapport \u00e0 lundi, mais toujours le double des niveaux du 2\u00a0janvier et un emballement sup\u00e9rieur \u00e0 celui du brut. Le baril de Brent de la mer du Nord, r\u00e9f\u00e9rence du march\u00e9 mondial du p\u00e9trole, a repass\u00e9 bri\u00e8vement jeudi la barre des 100\u00a0dollars, malgr\u00e9 le d\u00e9blocage sans pr\u00e9c\u00e9dent de stocks pour \u00e9viter une p\u00e9nurie mondiale.<\/p>\n<h2 class=\"txt-int\">Un quart du co\u00fbt d\u2019exploitation pour les compagnies<\/h2>\n<p>L\u2019\u00e9cart de prix entre le brut et le carburant d\u2019aviation s\u2019explique par les co\u00fbts de raffinage, mais aussi du fait que le k\u00e9ros\u00e8ne, qui ne repr\u00e9sente que 9\u00a0% des produits raffin\u00e9s, est moins prioritaire que l\u2019essence ou le gazole pour les industriels, selon l\u2019Association internationale du transport a\u00e9rien (Iata).<\/p>\n<p>Les carburants repr\u00e9sentent un poste de d\u00e9pense majeur pour les compagnies, le premier ou le deuxi\u00e8me selon les transporteurs. Sur la base d\u2019un baril de k\u00e9ros\u00e8ne \u00e0 88\u00a0dollars, d\u00e9sormais obsol\u00e8te, l\u2019Iata voyait ces entreprises y consacrer 252\u00a0milliards de dollars cette ann\u00e9e, soit 25,7\u00a0% de leurs co\u00fbts d\u2019exploitation. Certaines devraient n\u00e9anmoins voir le choc p\u00e9trolier amorti par leur strat\u00e9gie de &#8220;couverture&#8221;, l\u2019achat de carburant \u00e0 prix fixe, plusieurs mois \u00e0 l\u2019avance.<\/p>\n<p class=\"std-elt__inline\">\n        <strong>\u00c0 lire aussi :<\/strong><br \/>\n        <a href=\"\/2026\/03\/10\/guerre-en-iran-essence-diesel-faut-il-ceder-a-la-panique-face-a-la-flambee-des-prix-du-carburant-13262891.php\">Guerre en Iran\u00a0: essence, diesel\u2026 faut-il c\u00e9der \u00e0 la panique face \u00e0 la flamb\u00e9e des prix du carburant\u00a0?<\/a>\n    <\/p>\n<p>Air France-KLM, par exemple, avait annonc\u00e9 en f\u00e9vrier avoir renforc\u00e9 cette politique, en s\u00e9curisant 70\u00a0% de ses approvisionnements pour le trimestre en cours et le prochain, et 60\u00a0% pour le suivant, le taux d\u00e9croissant ensuite avec une visibilit\u00e9 \u00e0 sept trimestres.<\/p>\n<\/p><\/div>\n<p><a href=\"https:\/\/www.ladepeche.fr\/2026\/03\/12\/air-france-klm-va-augmenter-le-prix-des-billets-face-a-laugmentation-des-cours-du-kerosene-13268777.php\">source<\/a><\/p>\n","protected":false},"excerpt":{"rendered":"<p>l&#8217;essentiel Air France-KLM rel\u00e8ve ses tarifs long-courriers d\u2019une cinquantaine\u202fd\u2019euros aller-retour, face \u00e0 la hausse du prix du k\u00e9ros\u00e8ne\u00a0li\u00e9e \u00e0 la guerre en Iran. D\u2019autres compagnies ont \u00e9galement franchi le pas. Vers une hausse g\u00e9n\u00e9ralis\u00e9e des billets d\u2019avion\u00a0? Air France et KLM ont annonc\u00e9\u00a0augmenter\u00a0leurs tarifs sur les trajets long-courriers face au choc p\u00e9trolier provoqu\u00e9 par la [&hellip;]<\/p>\n","protected":false},"author":1,"featured_media":124431,"comment_status":"open","ping_status":"open","sticky":false,"template":"","format":"standard","meta":{"_monsterinsights_skip_tracking":false,"_monsterinsights_sitenote_active":false,"_monsterinsights_sitenote_note":"","_monsterinsights_sitenote_category":0,"footnotes":""},"categories":[74],"tags":[],"coauthors":[77],"class_list":["post-124430","post","type-post","status-publish","format-standard","has-post-thumbnail","hentry","category-economie"],"aioseo_notices":[],"_links":{"self":[{"href":"https:\/\/pressactu.com\/index.php?rest_route=\/wp\/v2\/posts\/124430","targetHints":{"allow":["GET"]}}],"collection":[{"href":"https:\/\/pressactu.com\/index.php?rest_route=\/wp\/v2\/posts"}],"about":[{"href":"https:\/\/pressactu.com\/index.php?rest_route=\/wp\/v2\/types\/post"}],"author":[{"embeddable":true,"href":"https:\/\/pressactu.com\/index.php?rest_route=\/wp\/v2\/users\/1"}],"replies":[{"embeddable":true,"href":"https:\/\/pressactu.com\/index.php?rest_route=%2Fwp%2Fv2%2Fcomments&post=124430"}],"version-history":[{"count":0,"href":"https:\/\/pressactu.com\/index.php?rest_route=\/wp\/v2\/posts\/124430\/revisions"}],"wp:featuredmedia":[{"embeddable":true,"href":"https:\/\/pressactu.com\/index.php?rest_route=\/wp\/v2\/media\/124431"}],"wp:attachment":[{"href":"https:\/\/pressactu.com\/index.php?rest_route=%2Fwp%2Fv2%2Fmedia&parent=124430"}],"wp:term":[{"taxonomy":"category","embeddable":true,"href":"https:\/\/pressactu.com\/index.php?rest_route=%2Fwp%2Fv2%2Fcategories&post=124430"},{"taxonomy":"post_tag","embeddable":true,"href":"https:\/\/pressactu.com\/index.php?rest_route=%2Fwp%2Fv2%2Ftags&post=124430"},{"taxonomy":"author","embeddable":true,"href":"https:\/\/pressactu.com\/index.php?rest_route=%2Fwp%2Fv2%2Fcoauthors&post=124430"}],"curies":[{"name":"wp","href":"https:\/\/api.w.org\/{rel}","templated":true}]}}