{"id":124424,"date":"2026-03-13T00:57:46","date_gmt":"2026-03-13T00:57:46","guid":{"rendered":"https:\/\/pressactu.com\/?p=124424"},"modified":"2026-03-13T00:57:46","modified_gmt":"2026-03-13T00:57:46","slug":"entretien-rugby-amateurs-federale-3-on-a-fait-une-connerie-mais-on-sert-juste-dexemple-sylvain-portalier-co-president-de-magnoac-reagit-a-sa-suspension-de-deux-ans","status":"publish","type":"post","link":"https:\/\/pressactu.com\/?p=124424","title":{"rendered":"ENTRETIEN. Rugby Amateurs (F\u00e9d\u00e9rale 3)\u00a0: &quot; On a fait une connerie, mais on sert juste d\u2019exemple &quot;, Sylvain Portalier, co-pr\u00e9sident de Magnoac, r\u00e9agit \u00e0 sa suspension de deux ans"},"content":{"rendered":"<p>\n                                                                    <span class=\"article-full__chapo-label hide-on-small-only\">l&#8217;essentiel<\/span><br \/>\n                                                                \u00c0 la suite de sa suspension de deux ans, apr\u00e8s le faux match amical contre Saint-Gaudens, Sylvain Portalier sort du silence. Entre regrets sur la &#8221; feuille de match &#8220;, sentiment d\u2019injustice et sanctions trop lourdes, il se confie.\n                            <\/p>\n<div rel=\"js-article-content\" data-state=\"fixed-height\" data-selection=\"disabled\">\n                                                                                                                                                            <!-- Pub DFP Position [outstream] --><\/p>\n<p class=\"txt-question\">Expliquez-nous l\u2019origine de cette affaire. Pourquoi avoir organis\u00e9 ce match et ne pas l\u2019avoir jou\u00e9\u00a0?<\/p>\n<p><!-- Pub DFP Position [article] --><\/p>\n<p>Ce qu\u2019il faut savoir, c\u2019est que sportivement, nous n\u2019avions aucun int\u00e9r\u00eat direct\u00a0: aucun carton \u00e0 solder, rien du tout. Nous voulions simplement un match amical pour pr\u00e9parer la suite. Le probl\u00e8me, c\u2019est que la m\u00e9t\u00e9o nous a pourri l\u2019organisation. \u00c0 l\u2019arriv\u00e9e, cette feuille de match, c\u2019est une connerie. Une grosse connerie, et on en subit les cons\u00e9quences. J\u2019ai \u00e9t\u00e9 lourdement sanctionn\u00e9 parce que j\u2019ai voulu assumer l\u2019int\u00e9gralit\u00e9 des faits. En tant que co-pr\u00e9sident, j\u2019ai pris mes responsabilit\u00e9s pour \u00e9viter que les b\u00e9n\u00e9voles ou le club ne soient trop impact\u00e9s. Je me retrouve en haut de l\u2019affiche, mais c\u2019est volontaire\u00a0: je voulais prot\u00e9ger les autres.<\/p>\n<p class=\"txt-question\">Pourquoi avoir valid\u00e9 cette feuille de match alors que la rencontre n\u2019a pas \u00e9t\u00e9 jou\u00e9e\u00a0?<\/p>\n<p>C\u2019est une erreur de jugement, je le r\u00e9p\u00e8te, c\u2019est une connerie. On l\u2019a expliqu\u00e9 lors de l\u2019instruction. Mais attention, il y a des \u00e9l\u00e9ments contextuels au milieu de tout \u00e7a qui sont int\u00e9ressants, mais je n\u2019ai pas forc\u00e9ment envie de trop m\u2019\u00e9tendre l\u00e0-dessus.<\/p>\n<p class=\"txt-question\">Regrettez-vous ce qui s\u2019est pass\u00e9 aujourd\u2019hui\u00a0?<\/p>\n<p>Bien s\u00fbr. On ne peut pas tirer de conclusion positive d\u2019une telle situation. Nous avons un profond regret. Mais je m\u2019interroge\u00a0: comment peut-on punir des b\u00e9n\u00e9voles et des joueurs aussi s\u00e9v\u00e8rement\u00a0? Je pense aussi au club de Saint-Gaudens qui, comme par hasard, a re\u00e7u une sanction pile au moment de les priver des phases finales. Pour eux, c\u2019est le quota des cartons re\u00e7u avec la sanction qui les disqualifie.<\/p>\n<p class=\"txt-question\">On a le sentiment que la pratique existait, mais que vous avez \u00e9t\u00e9 les seuls pris la main dans le sac\u00a0?<\/p>\n<p>Oui, c\u2019est \u00e7a. On nous a dit que si nous disions la v\u00e9rit\u00e9, les sanctions seraient \u00ab\u00a0l\u00e9g\u00e8res\u00a0\u00bb. La r\u00e9alit\u00e9, c\u2019est qu\u2019on nous a menti. Les sanctions sont tr\u00e8s, tr\u00e8s lourdes.<\/p>\n<p class=\"txt-question\">C\u2019est-\u00e0-dire\u00a0?<\/p>\n<p>Je suis b\u00e9n\u00e9vole. Prendre deux ans de suspension, ne plus pouvoir servir \u00e0 la buvette de mon club, c\u2019est beaucoup trop. Trois ans pour le pr\u00e9sident de Saint-Gaudens, c\u2019est excessif. Deux matchs pour un capitaine qui n\u2019a rien \u00e0 voir dans l\u2019histoire, c\u2019est encore trop. J\u2019ai assum\u00e9 pour prot\u00e9ger les gens qui \u00e9taient l\u00e0 pour la feuille de match, mais la note est sal\u00e9e.<\/p>\n<p class=\"txt-question\">On sent que cet \u00e9loignement forc\u00e9 du club vous blesse personnellement.<\/p>\n<p>Infliger de telles sanctions \u00e0 des b\u00e9n\u00e9voles, alors que dans d\u2019autres affaires de rugby bien plus graves qui passent \u00e0 la t\u00e9l\u00e9 le vendredi, les gens sont toujours en place\u2026 il y a un probl\u00e8me d\u2019\u00e9galit\u00e9. On parle de b\u00e9n\u00e9volat. Ce n\u2019est pas un acte de tricherie \u00ab\u00a0pro\u00a0\u00bb, m\u00eame si je l\u2019accorde, ce n\u2019est ni joli, ni \u00e9thique. Je l\u2019entends. Mais priver une \u00e9quipe de phases finales pour cela, je ne peux pas l\u2019accepter.<\/p>\n<p class=\"txt-question\">C\u2019est votre crainte principale, \u00eatre priv\u00e9 des phases finales\u00a0?<\/p>\n<p>Les phases finales, c\u2019est l\u2019aboutissement d\u2019une ann\u00e9e de travail, du recrutement en mai jusqu\u2019au terrain. Ces instances ne se rendent pas compte de ce que repr\u00e9sente l\u2019engagement d\u2019un b\u00e9n\u00e9vole aujourd\u2019hui, des responsabilit\u00e9s qu\u2019on porte. On est en train de d\u00e9motiver tout le monde. Je ne cherche pas d\u2019excuses pour notre faute, mais la sanction est disproportionn\u00e9e pour un club amateur. On a la chance d\u2019\u00eatre deux co-pr\u00e9sidents, donc je peux m\u2019\u00e9carter pour que S\u00e9bastien (Bousquet, l\u2019autre co-pr\u00e9sident, NDLR) prenne le relais, mais c\u2019est triste. \u00c7a servira d\u2019exemple, d\u2019accord, mais c\u2019est un exemple qui co\u00fbte tr\u00e8s cher.<\/p>\n<\/p><\/div>\n<p><a href=\"https:\/\/www.ladepeche.fr\/2026\/03\/12\/entretien-rugby-amateurs-federale-3-on-a-fait-une-connerie-mais-on-sert-juste-dexemple-sylvain-portalier-co-president-de-magnoac-reagit-a-sa-13268869.php\">source<\/a><\/p>\n","protected":false},"excerpt":{"rendered":"<p>l&#8217;essentiel \u00c0 la suite de sa suspension de deux ans, apr\u00e8s le faux match amical contre Saint-Gaudens, Sylvain Portalier sort du silence. Entre regrets sur la &#8221; feuille de match &#8220;, sentiment d\u2019injustice et sanctions trop lourdes, il se confie. Expliquez-nous l\u2019origine de cette affaire. Pourquoi avoir organis\u00e9 ce match et ne pas l\u2019avoir jou\u00e9\u00a0? [&hellip;]<\/p>\n","protected":false},"author":1,"featured_media":124425,"comment_status":"open","ping_status":"open","sticky":false,"template":"","format":"standard","meta":{"_monsterinsights_skip_tracking":false,"_monsterinsights_sitenote_active":false,"_monsterinsights_sitenote_note":"","_monsterinsights_sitenote_category":0,"footnotes":""},"categories":[71],"tags":[],"coauthors":[77],"class_list":["post-124424","post","type-post","status-publish","format-standard","has-post-thumbnail","hentry","category-sport"],"aioseo_notices":[],"_links":{"self":[{"href":"https:\/\/pressactu.com\/index.php?rest_route=\/wp\/v2\/posts\/124424","targetHints":{"allow":["GET"]}}],"collection":[{"href":"https:\/\/pressactu.com\/index.php?rest_route=\/wp\/v2\/posts"}],"about":[{"href":"https:\/\/pressactu.com\/index.php?rest_route=\/wp\/v2\/types\/post"}],"author":[{"embeddable":true,"href":"https:\/\/pressactu.com\/index.php?rest_route=\/wp\/v2\/users\/1"}],"replies":[{"embeddable":true,"href":"https:\/\/pressactu.com\/index.php?rest_route=%2Fwp%2Fv2%2Fcomments&post=124424"}],"version-history":[{"count":0,"href":"https:\/\/pressactu.com\/index.php?rest_route=\/wp\/v2\/posts\/124424\/revisions"}],"wp:featuredmedia":[{"embeddable":true,"href":"https:\/\/pressactu.com\/index.php?rest_route=\/wp\/v2\/media\/124425"}],"wp:attachment":[{"href":"https:\/\/pressactu.com\/index.php?rest_route=%2Fwp%2Fv2%2Fmedia&parent=124424"}],"wp:term":[{"taxonomy":"category","embeddable":true,"href":"https:\/\/pressactu.com\/index.php?rest_route=%2Fwp%2Fv2%2Fcategories&post=124424"},{"taxonomy":"post_tag","embeddable":true,"href":"https:\/\/pressactu.com\/index.php?rest_route=%2Fwp%2Fv2%2Ftags&post=124424"},{"taxonomy":"author","embeddable":true,"href":"https:\/\/pressactu.com\/index.php?rest_route=%2Fwp%2Fv2%2Fcoauthors&post=124424"}],"curies":[{"name":"wp","href":"https:\/\/api.w.org\/{rel}","templated":true}]}}