{"id":124422,"date":"2026-03-13T00:53:45","date_gmt":"2026-03-13T00:53:45","guid":{"rendered":"https:\/\/pressactu.com\/?p=124422"},"modified":"2026-03-13T00:53:45","modified_gmt":"2026-03-13T00:53:45","slug":"faire-du-stop-le-plein-en-espagne-rouler-a-lelectrique-comment-ils-font-des-economies-face-a-laugmentation-du-prix-de-lessence","status":"publish","type":"post","link":"https:\/\/pressactu.com\/?p=124422","title":{"rendered":"Faire du stop, le plein en Espagne, rouler \u00e0 l\u2019\u00e9lectrique\u2026 Comment ils font des \u00e9conomies face \u00e0 l\u2019augmentation du prix de l\u2019essence"},"content":{"rendered":"<p>\n                                                                    <span class=\"article-full__chapo-label hide-on-small-only\">l&#8217;essentiel<\/span><br \/>\n                                                                Pour faire face \u00e0 l\u2019augmentation du prix du carburant, tous les moyens sont bons. Certains avaient anticip\u00e9 en investissant dans l\u2019\u00e9lectrique ou en utilisant le stop. D\u2019autres nous expliquent comment ils s\u2019organisent diff\u00e9remment, notamment en couplant les trajets.\n                            <\/p>\n<div rel=\"js-article-content\" data-state=\"fixed-height\" data-selection=\"disabled\">\n                                                                                                                                                            <!-- Pub DFP Position [outstream] --><\/p>\n<p>Ils sont bien oblig\u00e9s de sortir des sentiers battus. Face \u00e0 l\u2019augmentation du prix du carburant, nombreux sont ceux qui avaient d\u00e9j\u00e0 opt\u00e9 pour une alternative. Parmi eux, Sylvain. Ce jeudi apr\u00e8s-midi, il arrive en stop sur le parking de covoiturage d\u2019Ibos, pr\u00e8s de l\u2019entr\u00e9e de l\u2019A64. Voil\u00e0 plusieurs ann\u00e9es que ce moniteur de ski de Luz-Saint-Sauveur a choisi le covoiturage et le stop. Autant dire que ces derniers jours, quand il a vu le prix de l\u2019essence dans les stations-service, il n\u2019a pas chang\u00e9 d\u2019avis. &#8221; J\u2019arrive de Mont-de-Marsan en stop et je me suis d\u00e9brouill\u00e9\u00a0pour rentrer chez moi en faisant appel \u00e0 une amie. Le reste du temps, avec mes coll\u00e8gues, on mutualise d\u00e9j\u00e0 les moyens\u00a0: on est quatre dans une voiture pour monter \u00e0 la station. D\u2019abord, par souci d\u2019\u00e9conomie mais aussi d\u2019\u00e9cologie, quatre voitures ce serait du non-sens. Et le parking de la station n\u2019est pas extensible, alors, on rationalise &#8220;, explique-t-il. Dans la vall\u00e9e, difficile, pourtant de se passer d\u2019un v\u00e9hicule. &#8221; Ce n\u2019est pas que je n\u2019aime pas le v\u00e9lo mais rapidement, on prend de la pente. Ici, la voiture est indispensable&#8221;, souligne-t-il.<\/p>\n<p><!-- Pub DFP Position [article] --><\/p>\n<p class=\"std-elt__inline\">\n        <strong>\u00c0 lire aussi :<\/strong><br \/>\n        <a href=\"\/2026\/03\/11\/carburants-le-prix-a-la-pompe-va-baisser-de-30-centimes-dans-les-deux-jours-chez-eleclerc-et-u-promet-michel-edouard-leclerc-13266572.php\">Carburants\u00a0: le prix \u00e0 la pompe &#8220;va baisser de 30 centimes dans les deux jours&#8221; chez E.Leclerc et U, promet Michel-\u00c9douard Leclerc<\/a>\n    <\/p>\n<p>Nicolas, lui, a investi dans une voiture \u00e9lectrique depuis plusieurs mois. Sur le parking de covoiturage de S\u00e9m\u00e9ac, il recharge son automobile. &#8221; C\u2019est s\u00fbr qu\u2019en ce moment, quand je vois le prix du carburant, je ne regrette pas. Mais rouler \u00e0 l\u2019\u00e9lectrique est tr\u00e8s contraignant\u00a0: je suis oblig\u00e9 de m\u2019arr\u00eater tous les 250 \u00e0 300\u00a0km pour recharger. Pour une batterie pleine, je dois attendre 45 minutes \u00e0 la borne. C\u2019est une logistique assez lourde &#8220;, d\u00e9taille le commercial qui navigue entre Tarbes, Toulouse et Albi. Moins de frais, donc, mais plus d\u2019attente et d\u2019arr\u00eats.<\/p>\n<p class=\"std-elt__inline\">\n        <strong>\u00c0 lire aussi :<\/strong><br \/>\n        <a href=\"\/2026\/03\/10\/prix-de-lessence-6-des-stations-service-controlees-vont-etre-sanctionnees-et-devront-payer-des-amendes-13264184.php\">Prix des carburants\u00a0: 6\u00a0% des stations-service contr\u00f4l\u00e9es vont \u00eatre sanctionn\u00e9es et devront payer des amendes<\/a>\n    <\/p>\n<h2 class=\"txt-int\">M\u00eame \u00e0 la fronti\u00e8re espagnole, les prix en hausse<\/h2>\n<p>\u00c0 Lannemezan, Bruno et V\u00e9ronique, pensaient faire une bonne affaire en allant faire le plein en Espagne. Au Val d\u2019Aran, le couple de retrait\u00e9s, a fait escale pour remplir un bidon d\u2019essence. Mais devant la pompe, les Pyr\u00e9n\u00e9ens ont d\u00e9chant\u00e9. &#8221; Le gasoil \u00e9tait \u00e0 1,85\u00a0euro le litre c\u2019est-\u00e0-dire qu\u2019il y avait finalement peu de diff\u00e9rence avec la France &#8220;, regrette Bruno. 111\u00a0euros \u00e0 la caisse, les calculs ne sont plus si bons. &#8221; Il y a un mois, on a pay\u00e9 1,55\u00a0euro le litre dans cette\u00a0m\u00eame station-service frontali\u00e8re, soit 93\u00a0euros. Ce jour-l\u00e0, on a \u00e9conomis\u00e9 30\u00a0euros, c\u2019\u00e9tait int\u00e9ressant &#8220;, poursuit V\u00e9ronique.<\/p>\n<p class=\"std-elt__inline\">\n        <strong>\u00c0 lire aussi :<\/strong><br \/>\n        <a href=\"\/2026\/03\/12\/je-crois-que-je-suis-lun-des-moins-chers-de-france-13268009.php\">Il a d\u00e9cid\u00e9 de ne pas augmenter les prix de ses carburants, l\u2019un des pompistes les moins chers de France se trouve en\u2026 Aveyron<\/a>\n    <\/p>\n<p>Lundi, le couple a gagn\u00e9 une dizaine d\u2019euros par rapport \u00e0 la facture fran\u00e7aise.\u00a0Maigres \u00e9conomies. Alors, pour faire encore mieux, les deux retrait\u00e9s regroupent davantage les d\u00e9placements. Ce jeudi matin, Bruno a accompagn\u00e9 V\u00e9ronique \u00e0 la gym pour pouvoir ensuite prendre la route, ensemble, du restaurant. Et l\u00e0 encore, un convoi familial s\u2019est organis\u00e9 pour ne prendre qu\u2019une voiture. &#8221; Il s\u2019est lev\u00e9 plus t\u00f4t pour partir avec moi. Pendant ma s\u00e9ance, il a march\u00e9 un peu &#8220;, sourit sa compagne. Les \u00e9conomies ou la grasse matin\u00e9e\u00a0? Bruno a tranch\u00e9.<\/p>\n<div class=\"std-frame\">\n<h2 class=\"encart_titre\">+\u00a013\u00a0% de covoiturages dans le d\u00e9partement<\/h2>\n<div class=\"encart_texte\">\n<p>M\u00e9caniquement, le covoiturage a connu une hausse d\u2019activit\u00e9s ces derniers jours. &#8221; Nous notons effectivement une augmentation\u00a0du nombre de places propos\u00e9es au d\u00e9part et \u00e0 l\u2019arriv\u00e9e des Hautes-Pyr\u00e9n\u00e9es depuis le 2\u00a0mars\u00a0:\u00a0+\u00a013\u00a0% en moyenne par rapport \u00e0 l\u2019ann\u00e9e derni\u00e8re sur la m\u00eame p\u00e9riode, avec un pic ce dimanche 8\u00a0mars de\u00a0+\u00a031\u00a0% de places propos\u00e9es par nos conducteurs et conductrices sur la plateforme\u00a0&#8220;, font savoir les \u00e9quipes de Blablacar.\u00a0La plateforme a recens\u00e9, dans l\u2019Hexagone, deux fois plus de nouveaux inscrits (+\u00a0100\u00a0%) ces\u00a0sept\u00a0derniers jours par rapport \u00e0 la m\u00eame semaine, l\u2019an dernier. Par ailleurs +\u00a020\u00a0% de places ont \u00e9t\u00e9 propos\u00e9es par les conducteurs sur la m\u00eame p\u00e9riode. &#8221; Alors que la hausse des prix du carburant p\u00e8se de plus en plus lourd sur le budget des automobilistes, BlaBlaCar observe une nette \u00e9volution de son activit\u00e9 en France &#8220;, confirme l\u2019entreprise.<\/p>\n<\/div>\n<\/div><\/div>\n<p><a href=\"https:\/\/www.ladepeche.fr\/2026\/03\/12\/faire-du-stop-le-plein-en-espagne-rouler-a-lelectrique-comment-ils-font-des-economies-face-a-laugmentation-du-prix-de-lessence-13268812.php\">source<\/a><\/p>\n","protected":false},"excerpt":{"rendered":"<p>l&#8217;essentiel Pour faire face \u00e0 l\u2019augmentation du prix du carburant, tous les moyens sont bons. Certains avaient anticip\u00e9 en investissant dans l\u2019\u00e9lectrique ou en utilisant le stop. D\u2019autres nous expliquent comment ils s\u2019organisent diff\u00e9remment, notamment en couplant les trajets. Ils sont bien oblig\u00e9s de sortir des sentiers battus. Face \u00e0 l\u2019augmentation du prix du carburant, [&hellip;]<\/p>\n","protected":false},"author":1,"featured_media":124423,"comment_status":"open","ping_status":"open","sticky":false,"template":"","format":"standard","meta":{"_monsterinsights_skip_tracking":false,"_monsterinsights_sitenote_active":false,"_monsterinsights_sitenote_note":"","_monsterinsights_sitenote_category":0,"footnotes":""},"categories":[74],"tags":[],"coauthors":[77],"class_list":["post-124422","post","type-post","status-publish","format-standard","has-post-thumbnail","hentry","category-economie"],"aioseo_notices":[],"_links":{"self":[{"href":"https:\/\/pressactu.com\/index.php?rest_route=\/wp\/v2\/posts\/124422","targetHints":{"allow":["GET"]}}],"collection":[{"href":"https:\/\/pressactu.com\/index.php?rest_route=\/wp\/v2\/posts"}],"about":[{"href":"https:\/\/pressactu.com\/index.php?rest_route=\/wp\/v2\/types\/post"}],"author":[{"embeddable":true,"href":"https:\/\/pressactu.com\/index.php?rest_route=\/wp\/v2\/users\/1"}],"replies":[{"embeddable":true,"href":"https:\/\/pressactu.com\/index.php?rest_route=%2Fwp%2Fv2%2Fcomments&post=124422"}],"version-history":[{"count":0,"href":"https:\/\/pressactu.com\/index.php?rest_route=\/wp\/v2\/posts\/124422\/revisions"}],"wp:featuredmedia":[{"embeddable":true,"href":"https:\/\/pressactu.com\/index.php?rest_route=\/wp\/v2\/media\/124423"}],"wp:attachment":[{"href":"https:\/\/pressactu.com\/index.php?rest_route=%2Fwp%2Fv2%2Fmedia&parent=124422"}],"wp:term":[{"taxonomy":"category","embeddable":true,"href":"https:\/\/pressactu.com\/index.php?rest_route=%2Fwp%2Fv2%2Fcategories&post=124422"},{"taxonomy":"post_tag","embeddable":true,"href":"https:\/\/pressactu.com\/index.php?rest_route=%2Fwp%2Fv2%2Ftags&post=124422"},{"taxonomy":"author","embeddable":true,"href":"https:\/\/pressactu.com\/index.php?rest_route=%2Fwp%2Fv2%2Fcoauthors&post=124422"}],"curies":[{"name":"wp","href":"https:\/\/api.w.org\/{rel}","templated":true}]}}