{"id":124418,"date":"2026-03-12T23:34:45","date_gmt":"2026-03-12T23:34:45","guid":{"rendered":"https:\/\/pressactu.com\/?p=124418"},"modified":"2026-03-12T23:34:45","modified_gmt":"2026-03-12T23:34:45","slug":"replay-guerre-en-ukraine-le-kremlin-accuse-kiev-dune-attaque-irresponsable-contre-un-gazoduc-dans-le-sud-de-la-russie","status":"publish","type":"post","link":"https:\/\/pressactu.com\/?p=124418","title":{"rendered":"REPLAY. Guerre en Ukraine\u00a0: le Kremlin accuse Kiev d\u2019une attaque &quot;irresponsable&quot; contre un gazoduc dans le sud de la Russie"},"content":{"rendered":"<div id=\"live_post_EVMMNZHT0GA3L57\"><span class=\"live-post__date\">22h32.<\/span><\/p>\n<div class=\"live-post__content\">\n<h2 class=\"live-post__title\">Fin du direct<\/h2>\n<p class=\"live-post__amorce\">Merci de nous avoir suivis<\/p>\n<\/div>\n<\/div>\n<div id=\"live_post_EVMMNFWT6R95AOG\"><span class=\"live-post__date\">13h24.<\/span><\/p>\n<div class=\"live-post__content\">\n<h2 class=\"live-post__title\">Un d\u00e9p\u00f4t p\u00e9trolier en feu dans la r\u00e9gion de Krasnodar en Russie<\/h2>\n<p class=\"live-post__amorce\">Un d\u00e9p\u00f4t p\u00e9trolier a \u00e9t\u00e9 la cible d&#8217;une attaque de drone et a pris feu dans la r\u00e9gion de Krasnodar en Russie, indique  <a href=\"https:\/\/www.currenttime.tv\/a\/ukraina-rossiya-ataka-npz\/33702612.html\" target=\"_blank\" rel=\"noopener noreferrer nofollow\" class=\"\"><em>Nastoyashchee Vremya<\/em><\/a> . Des habitants ont signal\u00e9 des explosions, selon la cha\u00eene Telegram d&#8217;Astra. Aucun bless\u00e9 n&#8217;est \u00e0 d\u00e9plorer.<\/p>\n<\/div>\n<\/div>\n<div id=\"live_post_EVMMNFZUOC3NQON\"><span class=\"live-post__date\">12h10.<\/span><\/p>\n<div class=\"live-post__content\">\n<h2 class=\"live-post__title\">Un h\u00f4pital bombard\u00e9 \u00e0 Kherson en Ukraine, trois bless\u00e9s<\/h2>\n<p class=\"live-post__amorce\">L&#8217;arm\u00e9e russe a bombard\u00e9 un h\u00f4pital \u00e0 Kherson en Ukraine. Trois hommes et femmes de 21 \u00e0 60 ans ont \u00e9t\u00e9 bless\u00e9s par des \u00e9clats d&#8217;obus et ont subi un syndrome post-traumatique, indique l&#8217;agence de presse  <a href=\"https:\/\/www.ukrinform.net\/rubric-ato\/4100789-russian-troops-shell-hospital-in-kherson-three-wounded.html\" target=\"_blank\" rel=\"noopener noreferrer nofollow\" class=\"\">Ukrinform<\/a> .<\/p>\n<\/div>\n<\/div>\n<div id=\"live_post_EVMMNBQDBBCSMU1\"><span class=\"live-post__date\">11h10.<\/span><\/p>\n<div class=\"live-post__content\">\n<h2 class=\"live-post__title\">La Russie estime que l&#8217;Ukraine fait &#8220;entrave&#8221; \u00e0 la paix<\/h2>\n<p class=\"live-post__amorce\">Le Kremlin estime que la rencontre pr\u00e9vue vendredi \u00e0 Paris entre Emmanuel Macron et Volodymyr Zelensky illustre la volont\u00e9 de l&#8217;Ukraine de faire obstable \u00e0 un r\u00e8glement diplomatique du conflit en Ukraine. &#8220;Dans ce cas pr\u00e9cis, le r\u00e9gime de Kiev poursuit sa ligne coh\u00e9rente pour entraver, probablement, le processus de paix&#8221;, estime le porte-parole de la pr\u00e9sidence russe, Dmitri Peskov, lors de son briefing quotidien \u00e0 la presse.<\/p>\n<\/div>\n<\/div>\n<div id=\"live_post_EVMMNB7I0S93HJ0\"><span class=\"live-post__date\">10h58.<\/span><\/p>\n<div class=\"live-post__content\">\n<h2 class=\"live-post__title\">Le Kremlin accuse l&#8217;Ukraine d&#8217;une attaque &#8220;irresponsable&#8221; contre un gazoduc dans le sud de la Russie<\/h2>\n<p class=\"live-post__amorce\">Le Kremlin accuse l&#8217;Ukraine d&#8217;une attaque de drones &#8220;irresponsable&#8221; contre une installation \u00e9nerg\u00e9tique dans le sud de la Russie fournissant du gaz \u00e0 la Turquie.\u00a0&#8220;La nuit derni\u00e8re, il y a eu une nouvelle tentative de frappes de drones contre la station de compression Rousska\u00efa&#8221;, a d\u00e9clar\u00e9 le porte-parole du Kremlin Dmitri Peskov, qualifiant le gazoduc d'&#8221;installation internationale&#8221; qui &#8220;garantie la s\u00e9curit\u00e9 \u00e9nerg\u00e9tique de la Turquie&#8221;.<\/p>\n<\/div>\n<\/div>\n<div id=\"live_post_EVMMNC8ZDH5PBZY\"><span class=\"live-post__date\">10h29.<\/span><\/p>\n<div class=\"live-post__content\">\n<h2 class=\"live-post__title\">La Russie a lanc\u00e9 94 drones contre l&#8217;Ukraine la nuit derni\u00e8re<\/h2>\n<p class=\"live-post__amorce\">L&#8217;arm\u00e9e russe a utilis\u00e9 94 drones d&#8217;attaque pour viser l&#8217;Ukraine dans la nuit de mercredi \u00e0 ce jeudi, dont plus de 60 drones de type Shahed. Les Ukrainiens affirment avoir pu abattre ou neutraliser 77 des 94 appareils. <\/p>\n<\/div>\n<\/div>\n<div id=\"live_post_EVMMN9DVE4OLNLZ\"><span class=\"live-post__date\">10h12.<\/span><\/p>\n<div class=\"live-post__content\">\n<h2 class=\"live-post__title\">Volodymyr Zelensky est arriv\u00e9 \u00e0 Bucarest en Roumanie<\/h2>\n<p class=\"live-post__amorce\">Le pr\u00e9sident ukrainien Volodymyr Zelensky vient d&#8217;arriver \u00e0 Bucarest en Roumanie pour rencontrer le nouveau chef d&#8217;Etat roumain. Vendredi, il est attendu \u00e0 Paris pour un rendez-vous avec Emmanuel Macron \u00e0 l&#8217;Elys\u00e9e. <\/p>\n<\/div>\n<\/div>\n<div id=\"live_post_EVMMN9GEURETMZW\"><span class=\"live-post__date\">09h45.<\/span><\/p>\n<div class=\"live-post__content\">\n<h2 class=\"live-post__title\">Attaque contre une salle de concert en Russie en 2024 : quinze hommes condamn\u00e9s \u00e0 la perp\u00e9tuit\u00e9<\/h2>\n<p class=\"live-post__amorce\">Un tribunal de Moscou a condamn\u00e9 ce jeudi \u00e0 la perp\u00e9tuit\u00e9 les quatre auteurs et onze complices de l&#8217;attaque contre une salle de concert pr\u00e8s de Moscou, le Crocus City Hall, qui avait fait 150 morts en 2024, le pire attentat en Russie depuis pr\u00e8s de 20 ans. Les quatre auteurs, Chamsidine Faridouni, Dalerdjon Mirzo\u00efev, Makhammadsobir Fa\u00efzov et Sa\u00efdakrami Ratchabolizoda, tous citoyens du Tadjikistan, ont \u00e9t\u00e9 condamn\u00e9s \u00e0 la prison \u00e0 vie lors d&#8217;une audience \u00e0 Moscou. Onze hommes poursuivis pour complicit\u00e9 ont \u00e9t\u00e9 condamn\u00e9s \u00e0 la m\u00eame peine. Ce verdict est conforme aux r\u00e9quisitions du parquet.<\/p>\n<\/div>\n<\/div>\n<div id=\"live_post_EVMMN3ICH2N1C5T\"><span class=\"live-post__date\">07h37.<\/span><\/p>\n<div class=\"live-post__content\">\n<h2 class=\"live-post__title\">L&#8217;\u00e9missaire russe annonce une &#8220;rencontre productive&#8221; avec les n\u00e9gociateurs am\u00e9ricains en Floride<\/h2>\n<p class=\"live-post__amorce\">L&#8217;\u00e9missaire du pr\u00e9sident russe Vladimir Poutine, Kirill Dmitriev, a annonc\u00e9 avoir tenu une &#8220;rencontre productive&#8221; mercredi en Floride avec les n\u00e9gociateurs am\u00e9ricains, parmi lesquels Steve Witkoff, l&#8217;\u00e9missaire sp\u00e9cial de Donald Trump. Il s&#8217;agit des premi\u00e8res discussions entre les Russes et les Am\u00e9ricains depuis le d\u00e9but de la guerre en Iran. Donald Trump avait d\u00e9clar\u00e9 cette semaine que Vladimir Poutine, avec qui il s&#8217;est entretenu lundi au t\u00e9l\u00e9phone, souhaitait se rendre &#8220;utile&#8221; dans le cadre du conflit en Iran.<\/p>\n<\/div>\n<\/div>\n<div id=\"live_post_EVMMMLP21SKTPFB\"><span class=\"live-post__date\">07h15.<\/span><\/p>\n<div class=\"live-post__content\">\n<h2 class=\"live-post__title\">L&#8217;Ukraine re\u00e7oit des missiles Patriot allemands<\/h2>\n<p class=\"live-post__amorce\">Des missiles PAC-3 Patriot, en provenance d&#8217;Allemagne, sont arriv\u00e9s cette semaine en Ukraine. Environ 35 missiles qui seront utiles \u00e0 l&#8217;arm\u00e9e ukrainienne dans son combat contre les Russes. &#8220;Nous souhaiterions en recevoir davantage, mais c&#8217;est ce que nous avons pour le moment&#8221;, a d\u00e9clar\u00e9 Volodymyr Zelensky, rapporte l&#8217;agence de presse  <a href=\"https:\/\/www.ukrinform.net\/rubric-ato\/4100532-ukraine-gets-german-patriot-missiles-agreed-at-ramstein-zelensky.html\" target=\"_blank\" rel=\"noopener noreferrer nofollow\" class=\"\">Ukrinform<\/a> .<\/p>\n<\/div>\n<\/div>\n<div id=\"live_post_EVMMMLPPGEY480P\"><span class=\"live-post__date\">07h06.<\/span><\/p>\n<div class=\"live-post__content\">\n<h2 class=\"live-post__title\">Des experts ukrainiens au Moyen-Orient pour leur expertise contre les drones iraniens<\/h2>\n<p class=\"live-post__amorce\">Des experts, des militaires et des ing\u00e9nieurs ukrainiens sont arriv\u00e9s au Qatar, aux Emirats arabes unis et en Arabie saoudite, o\u00f9 ils doivent partager leur exp\u00e9rience d&#8217;interception des drones de conception iranienne. L&#8217;Ukraine est vis\u00e9e tous les jours par des centaines de drones russes longue port\u00e9e de type Shahed, une arme de conception iranienne que la Russie produit d\u00e9sormais massivement sous le nom notamment de Gueran-2. C&#8217;est ce mod\u00e8le de drones que l&#8217;Iran a lanc\u00e9 sur des pays du Golfe et Isra\u00ebl pour riposter aux bombardements isra\u00e9liens et am\u00e9ricains.<\/p>\n<\/div>\n<\/div>\n<div id=\"live_post_EVMMN1RDLG2GQJX\"><span class=\"live-post__date\">07h02.<\/span><\/p>\n<div class=\"live-post__content\">\n<h2 class=\"live-post__title\">Volodymyr Zelensky \u00e0 Paris ce vendredi<\/h2>\n<p class=\"live-post__amorce\">Le pr\u00e9sident ukrainien Volodymyr Zelensky est attendu en France, ce vendredi 13 mars, o\u00f9 il sera re\u00e7u par Emmanuel Macron \u00e0 l&#8217;Elys\u00e9e. Les deux hommes \u00e9voqueront entre autres &#8220;les moyens visant \u00e0 renforcer la pression sur la Russie&#8221; apr\u00e8s quatre ann\u00e9es de guerre, &#8220;notamment par la lutte contre sa flotte fant\u00f4me&#8221;, a annonc\u00e9 l&#8217;Elys\u00e9e. Sa derni\u00e8re visite en France remonte au 6 janvier.<\/p>\n<\/div>\n<\/div>\n<div id=\"live_post_EVMMMLZS4V6IGJA\"><span class=\"live-post__date\">07h01.<\/span><\/p>\n<div class=\"live-post__content\">\n<h2 class=\"live-post__title\">1 mort, des bless\u00e9s, un commissariat de police d\u00e9truit<\/h2>\n<p class=\"live-post__amorce\">Une frappe de drone russe sur des zones r\u00e9sidentielles a fait 1 mort et deux bless\u00e9s, mercredi \u00e0 Tchouhou\u00efv, dans la r\u00e9gion de Kharkiv. Une attaque russe \u00e0 l&#8217;aide de bombes planantes \u00e0 vis\u00e9 le district de Zaporijia. 11 personnes ont \u00e9t\u00e9 bless\u00e9es dont 2 enfants. Dans la matin\u00e9e, un commissariat de police a \u00e9t\u00e9 d\u00e9truit par une frappe de drone russe dans le district de Chostka. 22 employ\u00e9s ont \u00e9t\u00e9 bless\u00e9s.<\/p>\n<\/div>\n<\/div>\n<div id=\"live_post_EVMMMKGV9J0WPYO\"><span class=\"live-post__date\">07h00.<\/span><\/p>\n<div class=\"live-post__content\">\n<h2 class=\"live-post__title\">Bienvenue dans notre direct<\/h2>\n<p class=\"live-post__amorce\">Toute l&#8217;actualit\u00e9 de la guerre en Ukraine est \u00e0 suivre ce jeudi 12 mars 2026 sur ladepeche.fr.<\/p>\n<\/div>\n<\/div>\n<p><a href=\"https:\/\/www.ladepeche.fr\/2026\/03\/12\/direct-guerre-en-ukraine-volodymyr-zelensky-recu-a-lelysee-vendredi-par-emmanuel-macron-13266610.php\">source<\/a><\/p>\n","protected":false},"excerpt":{"rendered":"<p>22h32. Fin du direct Merci de nous avoir suivis 13h24. Un d\u00e9p\u00f4t p\u00e9trolier en feu dans la r\u00e9gion de Krasnodar en Russie Un d\u00e9p\u00f4t p\u00e9trolier a \u00e9t\u00e9 la cible d&#8217;une attaque de drone et a pris feu dans la r\u00e9gion de Krasnodar en Russie, indique Nastoyashchee Vremya . Des habitants ont signal\u00e9 des explosions, selon [&hellip;]<\/p>\n","protected":false},"author":1,"featured_media":124419,"comment_status":"open","ping_status":"open","sticky":false,"template":"","format":"standard","meta":{"_monsterinsights_skip_tracking":false,"_monsterinsights_sitenote_active":false,"_monsterinsights_sitenote_note":"","_monsterinsights_sitenote_category":0,"footnotes":""},"categories":[1],"tags":[],"coauthors":[77],"class_list":["post-124418","post","type-post","status-publish","format-standard","has-post-thumbnail","hentry","category-a-la-une"],"aioseo_notices":[],"_links":{"self":[{"href":"https:\/\/pressactu.com\/index.php?rest_route=\/wp\/v2\/posts\/124418","targetHints":{"allow":["GET"]}}],"collection":[{"href":"https:\/\/pressactu.com\/index.php?rest_route=\/wp\/v2\/posts"}],"about":[{"href":"https:\/\/pressactu.com\/index.php?rest_route=\/wp\/v2\/types\/post"}],"author":[{"embeddable":true,"href":"https:\/\/pressactu.com\/index.php?rest_route=\/wp\/v2\/users\/1"}],"replies":[{"embeddable":true,"href":"https:\/\/pressactu.com\/index.php?rest_route=%2Fwp%2Fv2%2Fcomments&post=124418"}],"version-history":[{"count":0,"href":"https:\/\/pressactu.com\/index.php?rest_route=\/wp\/v2\/posts\/124418\/revisions"}],"wp:featuredmedia":[{"embeddable":true,"href":"https:\/\/pressactu.com\/index.php?rest_route=\/wp\/v2\/media\/124419"}],"wp:attachment":[{"href":"https:\/\/pressactu.com\/index.php?rest_route=%2Fwp%2Fv2%2Fmedia&parent=124418"}],"wp:term":[{"taxonomy":"category","embeddable":true,"href":"https:\/\/pressactu.com\/index.php?rest_route=%2Fwp%2Fv2%2Fcategories&post=124418"},{"taxonomy":"post_tag","embeddable":true,"href":"https:\/\/pressactu.com\/index.php?rest_route=%2Fwp%2Fv2%2Ftags&post=124418"},{"taxonomy":"author","embeddable":true,"href":"https:\/\/pressactu.com\/index.php?rest_route=%2Fwp%2Fv2%2Fcoauthors&post=124418"}],"curies":[{"name":"wp","href":"https:\/\/api.w.org\/{rel}","templated":true}]}}