{"id":124416,"date":"2026-03-12T23:16:31","date_gmt":"2026-03-12T23:16:31","guid":{"rendered":"https:\/\/pressactu.com\/?p=124416"},"modified":"2026-03-12T23:16:31","modified_gmt":"2026-03-12T23:16:31","slug":"il-envoyait-des-messages-inappropries-a-certaines-de-ses-joueuses-lentraineur-dune-equipe-nationale-feminine-licencie-pour-faits-graves","status":"publish","type":"post","link":"https:\/\/pressactu.com\/?p=124416","title":{"rendered":"Il envoyait &quot;des messages inappropri\u00e9s&quot; \u00e0 certaines de ses joueuses\u00a0: l\u2019entra\u00eeneur d\u2019une \u00e9quipe nationale f\u00e9minine licenci\u00e9 pour &quot;faits graves&quot;"},"content":{"rendered":"<p>\n                                                                    <span class=\"article-full__chapo-label hide-on-small-only\">l&#8217;essentiel<\/span><br \/>\n                                                                S\u00e9lectionneur de l\u2019\u00e9quipe nationale f\u00e9minine du Luxembourg depuis 2020, Dan Santos (44 ans) a vu son contrat qui courait jusqu\u2019au 30\u00a0juin 2026 \u00eatre r\u00e9sili\u00e9 &#8220;avec effet imm\u00e9diat&#8221; ce jeudi par\u00a0la F\u00e9d\u00e9ration Luxembourgeoise de Football.\n                            <\/p>\n<div rel=\"js-article-content\">\n                                                                                                                                                            <!-- Pub DFP Position [outstream] --><\/p>\n<p>Non, ce n\u2019est pas la lourde d\u00e9faite enregistr\u00e9e samedi dernier en \u00c9cosse (7-0) dans le cadre des \u00e9liminatoires \u00e0 la Coupe du monde f\u00e9minine de football 2027 qui a co\u00fbt\u00e9 la place de Dan Santos \u00e0 la t\u00eate de l\u2019\u00e9quipe nationale f\u00e9minine du Luxembourg. \u00c0 la t\u00eate de la s\u00e9lection depuis ao\u00fbt\u00a02020, l\u2019homme de 44 ans a \u00e9t\u00e9 d\u00e9mis de ses fonctions ce jeudi pour des &#8220;faits graves&#8221;.<\/p>\n<p><!-- Pub DFP Position [article] --><\/p>\n<div class=\"extemb-container\">\n<blockquote data-class=\"twitter-tweet\">\n<p lang=\"fr\" dir=\"ltr\">ud83dudea8ud83dudea8 L\u2019entra\u00eeneur de l\u2019\u00e9quipe nationale f\u00e9minine, Dan Santos, a \u00e9t\u00e9 licenci\u00e9 \u00e0 cause de \u00ab faits graves \u00bb, a annonc\u00e9 la FLF dans un communiqu\u00e9.<\/p>\n<p>Il aurait envoy\u00e9 des messages inappropri\u00e9s \u00e0 certaines joueuses. <a href=\"https:\/\/t.co\/7sMmpCNWrr\">pic.twitter.com\/7sMmpCNWrr<\/a><\/p>\n<p>\u2014 Luxembourg Football ud83cuddf1ud83cuddfa (@ActuFootLUX) <a href=\"https:\/\/twitter.com\/ActuFootLUX\/status\/2032139862011265399?ref_src=twsrc%5Etfw\">March 12, 2026<\/a><\/p><\/blockquote><\/div>\n<p>&#8220;Plusieurs signalements ont fait \u00e9tat de messages inappropri\u00e9s adress\u00e9s par l\u2019entra\u00eeneur \u00e0 certaines joueuses de l\u2019\u00e9quipe. Ces comportements, intervenant dans le cadre d\u2019une relation d\u2019autorit\u00e9 et de responsabilit\u00e9, sont contraires aux valeurs \u00e9thiques et au cadre de respect exig\u00e9 par la FLF&#8221; a indiqu\u00e9 la F\u00e9d\u00e9ration Luxembourgeoise de Football dans un communiqu\u00e9.<\/p>\n<h2 class=\"txt-int\">La capitaine aurait donn\u00e9 l\u2019alerte<\/h2>\n<p>&#8220;Les t\u00e9moignages recueillis et la perte manifeste de confiance exprim\u00e9e par les joueuses ont rendu toute collaboration impossible&#8221; est-il \u00e9galement pr\u00e9cis\u00e9. D\u2019apr\u00e8s les informations du m\u00e9dia <a href=\"https:\/\/lequotidien.lu\/a-la-une\/football-rout-leiwinnen-dan-santos-demis-de-ses-fonctions-pour-des-faits-graves\/\" target=\"_self\">LeQuotidien<\/a>, ce serait le signalement de la capitaine Laura Miller, laquelle a d\u00e9cid\u00e9 de t\u00e9moigner aupr\u00e8s de ses responsables au nom de plusieurs de ses co\u00e9quipi\u00e8res, qui aurait entra\u00een\u00e9 le licenciement de\u00a0Dan Santos.<\/p>\n<p class=\"std-elt__inline\">\n        <strong>\u00c0 lire aussi :<\/strong><br \/>\n        <a href=\"\/2026\/02\/25\/des-footballeuses-traumatisees-apres-la-decouverte-de-cameras-dans-leurs-douches-jai-du-verifier-les-vestiaires-dans-mon-nouveau-club-en-france-13244681.php\">Des footballeuses traumatis\u00e9es apr\u00e8s la d\u00e9couverte de cam\u00e9ras dans leurs douches\u00a0: &#8220;J\u2019ai d\u00fb v\u00e9rifier les vestiaires dans mon nouveau club en France&#8221;<\/a>\n    <\/p>\n<p>Avec deux d\u00e9faites et un bilan n\u00e9gatif (12 buts encaiss\u00e9s en deux rencontres contre l\u2019\u00c9cosse), les &#8220;Rout L\u00e9iwinnen&#8221; restent en course pour disputer le prochain Mondial, comp\u00e9tition qu\u2019elles n\u2019ont encore jamais disput\u00e9e\u00a0: elles affronteront Isra\u00ebl \u00e0 deux reprises mi-avril puis d\u00e9fieront la Belgique au d\u00e9but du mois de juin.<\/p>\n<\/p><\/div>\n<p><script async src=\"\/\/platform.twitter.com\/widgets.js\" charset=\"utf-8\"><\/script><br \/><a href=\"https:\/\/www.ladepeche.fr\/2026\/03\/12\/il-envoyait-des-messages-inappropries-a-certaines-de-ses-joueuses-lentraineur-dune-equipe-nationale-feminine-licencie-pour-faits-graves-13269277.php\">source<\/a><\/p>\n","protected":false},"excerpt":{"rendered":"<p>l&#8217;essentiel S\u00e9lectionneur de l\u2019\u00e9quipe nationale f\u00e9minine du Luxembourg depuis 2020, Dan Santos (44 ans) a vu son contrat qui courait jusqu\u2019au 30\u00a0juin 2026 \u00eatre r\u00e9sili\u00e9 &#8220;avec effet imm\u00e9diat&#8221; ce jeudi par\u00a0la F\u00e9d\u00e9ration Luxembourgeoise de Football. Non, ce n\u2019est pas la lourde d\u00e9faite enregistr\u00e9e samedi dernier en \u00c9cosse (7-0) dans le cadre des \u00e9liminatoires \u00e0 la [&hellip;]<\/p>\n","protected":false},"author":1,"featured_media":124417,"comment_status":"open","ping_status":"open","sticky":false,"template":"","format":"standard","meta":{"_monsterinsights_skip_tracking":false,"_monsterinsights_sitenote_active":false,"_monsterinsights_sitenote_note":"","_monsterinsights_sitenote_category":0,"footnotes":""},"categories":[71],"tags":[],"coauthors":[77],"class_list":["post-124416","post","type-post","status-publish","format-standard","has-post-thumbnail","hentry","category-sport"],"aioseo_notices":[],"_links":{"self":[{"href":"https:\/\/pressactu.com\/index.php?rest_route=\/wp\/v2\/posts\/124416","targetHints":{"allow":["GET"]}}],"collection":[{"href":"https:\/\/pressactu.com\/index.php?rest_route=\/wp\/v2\/posts"}],"about":[{"href":"https:\/\/pressactu.com\/index.php?rest_route=\/wp\/v2\/types\/post"}],"author":[{"embeddable":true,"href":"https:\/\/pressactu.com\/index.php?rest_route=\/wp\/v2\/users\/1"}],"replies":[{"embeddable":true,"href":"https:\/\/pressactu.com\/index.php?rest_route=%2Fwp%2Fv2%2Fcomments&post=124416"}],"version-history":[{"count":0,"href":"https:\/\/pressactu.com\/index.php?rest_route=\/wp\/v2\/posts\/124416\/revisions"}],"wp:featuredmedia":[{"embeddable":true,"href":"https:\/\/pressactu.com\/index.php?rest_route=\/wp\/v2\/media\/124417"}],"wp:attachment":[{"href":"https:\/\/pressactu.com\/index.php?rest_route=%2Fwp%2Fv2%2Fmedia&parent=124416"}],"wp:term":[{"taxonomy":"category","embeddable":true,"href":"https:\/\/pressactu.com\/index.php?rest_route=%2Fwp%2Fv2%2Fcategories&post=124416"},{"taxonomy":"post_tag","embeddable":true,"href":"https:\/\/pressactu.com\/index.php?rest_route=%2Fwp%2Fv2%2Ftags&post=124416"},{"taxonomy":"author","embeddable":true,"href":"https:\/\/pressactu.com\/index.php?rest_route=%2Fwp%2Fv2%2Fcoauthors&post=124416"}],"curies":[{"name":"wp","href":"https:\/\/api.w.org\/{rel}","templated":true}]}}