{"id":124411,"date":"2026-03-12T21:53:35","date_gmt":"2026-03-12T21:53:35","guid":{"rendered":"https:\/\/pressactu.com\/?p=124411"},"modified":"2026-03-12T21:53:35","modified_gmt":"2026-03-12T21:53:35","slug":"video-une-tempete-sabat-en-quelques-minutes-sur-la-region-de-rome-laeroport-inonde-et-recouvert-de-grele","status":"publish","type":"post","link":"https:\/\/pressactu.com\/?p=124411","title":{"rendered":"VIDEO. Une temp\u00eate s\u2019abat en quelques minutes sur la r\u00e9gion de Rome, l\u2019a\u00e9roport inond\u00e9 et recouvert de gr\u00eale"},"content":{"rendered":"<p>\n                                                                    <span class=\"article-full__chapo-label hide-on-small-only\">l&#8217;essentiel<\/span><br \/>\n                                                                Une forte temp\u00eate de gr\u00eale a frapp\u00e9 la r\u00e9gion de Rome et provoqu\u00e9 des inondations ce jeudi 12\u00a0mars. Une vid\u00e9o de l\u2019a\u00e9roport international L\u00e9onard-de-Vinci atteste de la violence de l\u2019orage avec un tarmac recouvert d\u2019eau et de gr\u00eale.\n                            <\/p>\n<div rel=\"js-article-content\">\n                                                                                                                                                            <!-- Pub DFP Position [outstream] --><\/p>\n<p>Une violente temp\u00eate de gr\u00eale s\u2019est abattue en quelques minutes sur la r\u00e9gion de Rome ce jeudi 12\u00a0mars. Des images t\u00e9moignent des inondations caus\u00e9es par les orages et la pluie torrentielle. L\u2019a\u00e9roport international L\u00e9onard-de-Vinci, situ\u00e9 \u00e0 Fiumicino pr\u00e8s de Rome, a \u00e9t\u00e9 particuli\u00e8rement touch\u00e9 par cette averse de gr\u00eale.<\/p>\n<p><!-- Pub DFP Position [article] --><\/p>\n<p>Les pistes de l\u2019a\u00e9roport se sont retrouv\u00e9es inond\u00e9es dans la journ\u00e9e, provoquant des perturbations et des retards. Une vid\u00e9o montre \u00e9galement de l\u2019eau tomber du plafond dans un terminal de l\u2019a\u00e9roport pendant cette\u00a0temp\u00eate.\u00a0Les zones inond\u00e9es ont \u00e9t\u00e9 temporairement ferm\u00e9es aux passagers.<\/p>\n<p>La circulation sur les routes de Rome et les communes alentour a \u00e9galement \u00e9t\u00e9 perturb\u00e9e dans la matin\u00e9e \u00e0 cause des inondations. Le <a href=\"https:\/\/www.catnat.net\/veille-catastrophes-naturelles\/veille-des-catastrophes-naturelles\/archive-des-catastrophes\/225-orages-et-foudre-monde\/37449-le-region-de-rome-italie-affectee-par-des-orages-de-printemps\" target=\"_blank\">site<\/a> de l\u2019Observatoire permanent des catastrophes naturelles indique qu\u2019entre 7\u00a0h\u00a045 et 9\u00a0h\u00a015, 50\u00a0mm de pluie sont tomb\u00e9s et que des pannes de courant ont \u00e9t\u00e9 rapport\u00e9es.\u00a0Les services m\u00e9t\u00e9orologiques italiens avaient pr\u00e9vu des conditions m\u00e9t\u00e9orologiques difficiles et avaient \u00e9mis une alerte jaune pour la journ\u00e9e.<\/p>\n<\/p><\/div>\n<p><a href=\"https:\/\/www.ladepeche.fr\/2026\/03\/12\/video-une-tempete-sabat-en-quelques-minutes-sur-la-region-de-rome-laeroport-inonde-et-recouvert-de-grele-13269210.php\">source<\/a><\/p>\n","protected":false},"excerpt":{"rendered":"<p>l&#8217;essentiel Une forte temp\u00eate de gr\u00eale a frapp\u00e9 la r\u00e9gion de Rome et provoqu\u00e9 des inondations ce jeudi 12\u00a0mars. Une vid\u00e9o de l\u2019a\u00e9roport international L\u00e9onard-de-Vinci atteste de la violence de l\u2019orage avec un tarmac recouvert d\u2019eau et de gr\u00eale. Une violente temp\u00eate de gr\u00eale s\u2019est abattue en quelques minutes sur la r\u00e9gion de Rome ce [&hellip;]<\/p>\n","protected":false},"author":1,"featured_media":124412,"comment_status":"open","ping_status":"open","sticky":false,"template":"","format":"standard","meta":{"_monsterinsights_skip_tracking":false,"_monsterinsights_sitenote_active":false,"_monsterinsights_sitenote_note":"","_monsterinsights_sitenote_category":0,"footnotes":""},"categories":[1],"tags":[],"coauthors":[77],"class_list":["post-124411","post","type-post","status-publish","format-standard","has-post-thumbnail","hentry","category-a-la-une"],"aioseo_notices":[],"_links":{"self":[{"href":"https:\/\/pressactu.com\/index.php?rest_route=\/wp\/v2\/posts\/124411","targetHints":{"allow":["GET"]}}],"collection":[{"href":"https:\/\/pressactu.com\/index.php?rest_route=\/wp\/v2\/posts"}],"about":[{"href":"https:\/\/pressactu.com\/index.php?rest_route=\/wp\/v2\/types\/post"}],"author":[{"embeddable":true,"href":"https:\/\/pressactu.com\/index.php?rest_route=\/wp\/v2\/users\/1"}],"replies":[{"embeddable":true,"href":"https:\/\/pressactu.com\/index.php?rest_route=%2Fwp%2Fv2%2Fcomments&post=124411"}],"version-history":[{"count":0,"href":"https:\/\/pressactu.com\/index.php?rest_route=\/wp\/v2\/posts\/124411\/revisions"}],"wp:featuredmedia":[{"embeddable":true,"href":"https:\/\/pressactu.com\/index.php?rest_route=\/wp\/v2\/media\/124412"}],"wp:attachment":[{"href":"https:\/\/pressactu.com\/index.php?rest_route=%2Fwp%2Fv2%2Fmedia&parent=124411"}],"wp:term":[{"taxonomy":"category","embeddable":true,"href":"https:\/\/pressactu.com\/index.php?rest_route=%2Fwp%2Fv2%2Fcategories&post=124411"},{"taxonomy":"post_tag","embeddable":true,"href":"https:\/\/pressactu.com\/index.php?rest_route=%2Fwp%2Fv2%2Ftags&post=124411"},{"taxonomy":"author","embeddable":true,"href":"https:\/\/pressactu.com\/index.php?rest_route=%2Fwp%2Fv2%2Fcoauthors&post=124411"}],"curies":[{"name":"wp","href":"https:\/\/api.w.org\/{rel}","templated":true}]}}