{"id":124403,"date":"2026-03-12T19:55:02","date_gmt":"2026-03-12T19:55:02","guid":{"rendered":"https:\/\/pressactu.com\/?p=124403"},"modified":"2026-03-12T19:55:02","modified_gmt":"2026-03-12T19:55:02","slug":"valence-dagen-athletisme-des-resultats-remarquables-malgre-un-debut-dannee-perturbe","status":"publish","type":"post","link":"https:\/\/pressactu.com\/?p=124403","title":{"rendered":"Valence-d&#039;Agen. Athl\u00e9tisme : des r\u00e9sultats remarquables malgr\u00e9 un d\u00e9but d\u2019ann\u00e9e perturb\u00e9"},"content":{"rendered":"<div rel=\"js-article-content\" data-state=\"fixed-height\" data-selection=\"disabled\">\n                                                                                                                                                            <!-- Pub DFP Position [outstream] --><\/p>\n<p>Si, d\u2019habitude, les coureurs de l\u2019Avenir valencien athl\u00e9tisme font le plein de comp\u00e9titions tout au long de l\u2019ann\u00e9e, ce d\u00e9but d\u2019ann\u00e9e 2026 se r\u00e9v\u00e8le plut\u00f4t inhabituel pour le club du fait d\u2019une m\u00e9t\u00e9o capricieuse et de quelques p\u00e9pins physiques. Toutefois, sur les rares d\u00e9fis relev\u00e9s par les athl\u00e8tes du pr\u00e9sident Laurent Villadieu, les r\u00e9sultats ont \u00e9t\u00e9 remarquables.<\/p>\n<p><!-- Pub DFP Position [article] --><\/p>\n<p>D\u00e9but janvier, lors des championnats d\u00e9partementaux de cross \u00e0 Montauban, Virginie Gauger et Axel Piperaux ont termin\u00e9 chacun champion d\u00e9partemental de leur cat\u00e9gorie d\u2019\u00e2ge et vice-champion masters (plus de 35 ans), toutes cat\u00e9gories confondues. Pierre P\u00e8re et Carole Rouchy, \u00e9galement engag\u00e9s sur le cross, ont termin\u00e9 sur le podium, dans leur cat\u00e9gorie d\u2019\u00e2ge (respectivement deuxi\u00e8me\u1d49et troisi\u00e8me).<\/p>\n<p>Sur l\u2019ultratrail des Fontaines, mi-janvier, Romain Cazalis a termin\u00e9 les 14 kilom\u00e8tres nocturnes avec 470 m\u00e8tres de d\u00e9nivel\u00e9 en 1 h 33\u2019. J\u00e9r\u00f4me Tombolato a sign\u00e9, lui aussi, une belle performance sur sa course de 44 km avec 1 800 m de d\u00e9nivel\u00e9 en 5 h 33\u2019 (deuxi\u00e8me marathon trail en quelques jours apr\u00e8s les 42 km des Foul\u00e9es du Malbec). Sur ces m\u00eames foul\u00e9es du Malbec. Beno\u00eet Schrameck a boucl\u00e9 les 28 km avec 1 100 m de d\u00e9nivel\u00e9 en 3 h 01\u2019.<\/p>\n<p>On notera aussi que Julien Dauba a termin\u00e9 un nouveau marathon (celui de Marrakech) en 4 h 12\u2019, et qu\u2019Alain et Sandrine Vrech, engag\u00e9s sur l\u2019Escapade d\u2019Escalquens, ont montr\u00e9 leurs progr\u00e8s depuis leur entr\u00e9e au club. Quant \u00e0 Blandine Henry, elle a termin\u00e9 avec brio le trail de l\u2019Agenais, \u00e0 Bajamont, malgr\u00e9 la boue et la difficult\u00e9 du parcours.<\/p>\n<p>Le sp\u00e9cialiste des \u00e9preuves en salle, S\u00e9bastien Candelon, est reparti, lui, de Fronton avec deux titres d\u00e9partementaux en triple saut et au lancer de poids.<\/p>\n<h2 class=\"txt-int\">Le retour de Julia Muller<\/h2>\n<p>L\u2019\u00e9v\u00e9nement a \u00e9galement \u00e9t\u00e9 le retour au club de Julia Muller, sensationnelle athl\u00e8te qui cumule un nombre impressionnant de victoires et de podiums sur les courses locales (et m\u00eame au-del\u00e0 !). Julia n\u2019a pas failli \u00e0 sa r\u00e9putation en s\u2019imposant chez les f\u00e9minines lors de l\u2019Urban Run de Layrac (5 km avec 100 m de d\u00e9nivel\u00e9) et sur le trail d\u2019Avezan (11 km avec 350 m de d\u00e9nivel\u00e9).<\/p>\n<p>Plus r\u00e9cemment, Mathias Morant a am\u00e9lior\u00e9 son record personnel sur les 10 km du Souffle du Gers, \u00e0 Auch, en 46\u201915\u2019\u2019, et avec un chrono de 1 h 22\u2019 sur le semi-marathon de Blagnac, Axel Piperaux s\u2019est qualifi\u00e9 pour les championnats de France de la discipline.<\/p>\n<p>Les semaines \u00e0 venir verront les Valenciens plus nombreux \u00e0 accrocher un dossard sur des trails locaux (comme celui de Boudou), sur les diff\u00e9rentes \u00e9preuves du marathon de Montauban (10 km, 21 km et marathon) et surtout, sur la course de P\u00e2ques de Castelsarrasin, mi-avril, avec pas moins de 20 &#8220;bleu et blanc&#8221; engag\u00e9s !<\/p>\n<\/p><\/div>\n<p><a href=\"https:\/\/www.ladepeche.fr\/2026\/03\/12\/athletisme-des-resultats-remarquables-malgre-un-debut-dannee-perturbe-13267976.php\">source<\/a><\/p>\n","protected":false},"excerpt":{"rendered":"<p>Si, d\u2019habitude, les coureurs de l\u2019Avenir valencien athl\u00e9tisme font le plein de comp\u00e9titions tout au long de l\u2019ann\u00e9e, ce d\u00e9but d\u2019ann\u00e9e 2026 se r\u00e9v\u00e8le plut\u00f4t inhabituel pour le club du fait d\u2019une m\u00e9t\u00e9o capricieuse et de quelques p\u00e9pins physiques. Toutefois, sur les rares d\u00e9fis relev\u00e9s par les athl\u00e8tes du pr\u00e9sident Laurent Villadieu, les r\u00e9sultats ont [&hellip;]<\/p>\n","protected":false},"author":1,"featured_media":124404,"comment_status":"open","ping_status":"open","sticky":false,"template":"","format":"standard","meta":{"_monsterinsights_skip_tracking":false,"_monsterinsights_sitenote_active":false,"_monsterinsights_sitenote_note":"","_monsterinsights_sitenote_category":0,"footnotes":""},"categories":[71],"tags":[],"coauthors":[77],"class_list":["post-124403","post","type-post","status-publish","format-standard","has-post-thumbnail","hentry","category-sport"],"aioseo_notices":[],"_links":{"self":[{"href":"https:\/\/pressactu.com\/index.php?rest_route=\/wp\/v2\/posts\/124403","targetHints":{"allow":["GET"]}}],"collection":[{"href":"https:\/\/pressactu.com\/index.php?rest_route=\/wp\/v2\/posts"}],"about":[{"href":"https:\/\/pressactu.com\/index.php?rest_route=\/wp\/v2\/types\/post"}],"author":[{"embeddable":true,"href":"https:\/\/pressactu.com\/index.php?rest_route=\/wp\/v2\/users\/1"}],"replies":[{"embeddable":true,"href":"https:\/\/pressactu.com\/index.php?rest_route=%2Fwp%2Fv2%2Fcomments&post=124403"}],"version-history":[{"count":0,"href":"https:\/\/pressactu.com\/index.php?rest_route=\/wp\/v2\/posts\/124403\/revisions"}],"wp:featuredmedia":[{"embeddable":true,"href":"https:\/\/pressactu.com\/index.php?rest_route=\/wp\/v2\/media\/124404"}],"wp:attachment":[{"href":"https:\/\/pressactu.com\/index.php?rest_route=%2Fwp%2Fv2%2Fmedia&parent=124403"}],"wp:term":[{"taxonomy":"category","embeddable":true,"href":"https:\/\/pressactu.com\/index.php?rest_route=%2Fwp%2Fv2%2Fcategories&post=124403"},{"taxonomy":"post_tag","embeddable":true,"href":"https:\/\/pressactu.com\/index.php?rest_route=%2Fwp%2Fv2%2Ftags&post=124403"},{"taxonomy":"author","embeddable":true,"href":"https:\/\/pressactu.com\/index.php?rest_route=%2Fwp%2Fv2%2Fcoauthors&post=124403"}],"curies":[{"name":"wp","href":"https:\/\/api.w.org\/{rel}","templated":true}]}}