{"id":124401,"date":"2026-03-12T19:52:26","date_gmt":"2026-03-12T19:52:26","guid":{"rendered":"https:\/\/pressactu.com\/?p=124401"},"modified":"2026-03-12T19:52:26","modified_gmt":"2026-03-12T19:52:26","slug":"cela-me-coute-enormement-un-ancien-cadre-de-la-fdsea-gersoise-claque-la-porte-et-denonce-des-dysfonctionnements-dans-le-syndicat-local","status":"publish","type":"post","link":"https:\/\/pressactu.com\/?p=124401","title":{"rendered":"&quot;Cela me co\u00fbte \u00e9norm\u00e9ment&quot;\u00a0: un ancien cadre de la FDSEA gersoise claque la porte et d\u00e9nonce des dysfonctionnements dans le syndicat local"},"content":{"rendered":"<p>\n                                                                    <span class=\"article-full__chapo-label hide-on-small-only\">l&#8217;essentiel<\/span><br \/>\n                                                                Crise interne \u00e0 la FDSEA du Gers. L\u2019agriculteur Alain de Scorraille claque la porte apr\u00e8s plus de 25 ans d\u2019engagement, d\u00e9non\u00e7ant des \u00e9lections internes truqu\u00e9es et un syndicat devenu, selon lui, &#8220;invisible&#8221; sur le terrain. Le syndicat appelle, lui, \u00e0 l\u2019unit\u00e9 et \u00e0 l\u2019action.\n                            <\/p>\n<div rel=\"js-article-content\" data-state=\"fixed-height\" data-selection=\"disabled\">\n                                                                                                                                                            <!-- Pub DFP Position [outstream] --><\/p>\n<p>C\u2019est une annonce inattendue qu\u2019a faite Alain de Scorraille, ce vendredi 6\u00a0mars, \u00e0 la sortie de la session de la chambre d\u2019agriculture du Gers. &#8220;Je tiens \u00e0 clarifier ma position vis-\u00e0-vis des adh\u00e9rents de la FDSEA, de moi-m\u00eame et des \u00e9lus&#8221;, a commenc\u00e9 celui qui a \u00e9t\u00e9 trois fois secr\u00e9taire g\u00e9n\u00e9ral du syndicat agricole, notamment lors de la pr\u00e9sidence de Christian Cardona. &#8220;J\u2019annonce publiquement que malgr\u00e9 le fait que\u00a0j\u2019ai r\u00e9cemment \u00e9t\u00e9 \u00e9lu pr\u00e9sident FDSEA de mon canton, j\u2019arr\u00eate aujourd\u2019hui mon mandat et mon adh\u00e9sion \u00e0 la FDSEA du Gers [\u2026]. Cela me co\u00fbte \u00e9norm\u00e9ment parce que je me suis beaucoup investi.&#8221;<\/p>\n<p><!-- Pub DFP Position [article] --><\/p>\n<div class=\"center-align\" rel=\"js-article-inline-img\" data-protec-aida=\"image\">\n<figure class=\"std-img\" data-src=\"https:\/\/images.ladepeche.fr\/api\/v1\/images\/view\/69b198d9f5b19760430846e5\/original\/image.jpg?v=1\">\n        <img decoding=\"async\" class=\"std-img__img responsive-img\" src=\"http:\/\/pressactu.com\/wp-content\/uploads\/2026\/03\/1773345146_680_image.jpg?v=1\" alt=\"Alain de Scorraille claque la porte du syndicat.\"\/><figcaption class=\"article-full__media-infos\">\n                <span class=\"article-full__media-legend\">Alain de Scorraille claque la porte du syndicat.<\/span><br \/>\n                                    <span class=\"article-full__media-author\">Photo DDM archives 2020 &#8211; N.D.<\/span><br \/>\n                            <\/figcaption><\/figure>\n<\/div>\n<p>Au c\u0153ur de la d\u00e9cision de l\u2019exploitant agricole, impliqu\u00e9 syndicalement depuis 1998, d\u2019abord chez les Jeunes agriculteurs puis \u00e0 la FDSEA\u00a0: des tensions et divisions internes dans le syndicat. &#8220;Il y a encore quelques semaines, j\u2019ai re\u00e7u un courrier de la FDSEA me mettant en cause par rapport \u00e0 mes engagements au niveau de la chambre d\u2019agriculture.&#8221;<\/p>\n<h2 class=\"txt-int\">Membre associ\u00e9 \u00e0 la chambre d\u2019agriculture<\/h2>\n<p>Apr\u00e8s les derni\u00e8res \u00e9lections \u00e0 la chambre d\u2019agriculture, remport\u00e9e par la Coordination rurale, Lionel Candelon-Bonnemaison\u00a0a en effet sollicit\u00e9 Alain de Scorraille pour &#8220;nous accompagner sur les sujets de l\u2019eau, \u00e9tant donn\u00e9 qu\u2019il est expert sur le syst\u00e8me Neste Rivi\u00e8re Gascogne, le SAGE, les \u00e9tiages\u2026, explique le pr\u00e9sident de la chambre consulaire. Je lui ai demand\u00e9 de venir en tant que membre associ\u00e9. Il repr\u00e9sente la chambre dans de nombreuses r\u00e9unions.&#8221;<\/p>\n<p class=\"std-elt__inline\">\n        <strong>\u00c0 lire aussi :<\/strong><br \/>\n        <a href=\"\/2025\/02\/06\/un-tournant-dans-lhistoire-du-syndicalisme-gersois-la-coordination-rurale-sempare-de-la-chambre-dagriculture-du-gers-12496593.php\">&#8220;Un tournant dans l\u2019histoire du syndicalisme gersois&#8221;\u00a0: la Coordination rurale s\u2019empare de la chambre d\u2019agriculture du Gers<\/a>\n    <\/p>\n<p>Cette d\u00e9cision de rejoindre la chambre consulaire a \u00e9t\u00e9 m\u00fbrement r\u00e9fl\u00e9chie, assure Alain de Scorraille. &#8220;Vu la claque qu\u2019avaient prise la FDSEA et les Jeunes agriculteurs aux \u00e9lections (32,99\u00a0% lors des \u00e9lections au coll\u00e8ge 1, NDLR), je me suis pos\u00e9 la question de savoir si c\u2019\u00e9tait int\u00e9ressant pour les agriculteurs que je continue sur ces questions-l\u00e0. J\u2019ai accept\u00e9 mais j\u2019ai pr\u00e9cis\u00e9 que je conservais l\u2019\u00e9tiquette FDSEA. Mais on le voit, aujourd\u2019hui la FDSEA ne fonctionne plus du tout\u00a0; en termes d\u2019actions sur le terrain elle est invisible.\u00a0&#8220;<\/p>\n<h2 class=\"txt-int\">Des accusations de trucage des \u00e9lections<\/h2>\n<p>Apr\u00e8s plus d\u2019un an et face \u00e0 ces tensions, l\u2019exploitant agricole a donc d\u00e9cid\u00e9 de quitter le syndicat. Et il\u00a0ne fait pas que rompre les liens avec la FDSEA. Il affirme\u00a0\u00e9galement que\u00a0&#8220;les \u00e9lections, au moment <a href=\"https:\/\/www.ladepeche.fr\/2023\/02\/18\/syndicats-agricoles-muriel-pelizza-elue-a-la-tete-de-la-fdsea-du-gers-11006849.php\" target=\"_blank\">du choix de Muriel Pelizza<\/a> (en f\u00e9vrier\u00a02023, face \u00e0 Pascal Herman, NDLR), ont \u00e9t\u00e9 truqu\u00e9es. Un certain nombre d\u2019administrateurs\u00a0ont particip\u00e9 au vote alors qu\u2019ils n\u2019avaient pas la qualit\u00e9\u00a0pour le faire.&#8221;<\/p>\n<p>Alain de Scorraille assure &#8220;d\u00e9tenir\u00a0tous les documents pour le prouver. C\u2019est mon avocate qui m\u2019a pouss\u00e9 \u00e0 intervenir. Aujourd\u2019hui, des membres continuent de si\u00e9ger en se disant administrateurs \u00e0 la FDSEA alors que cela est contraire aux statuts de la FDSEA du Gers.&#8221; Il assure avoir \u00e9galement saisi la commission nationale de la FNSEA\u00a0: &#8220;Le retour qui m\u2019a \u00e9t\u00e9 fait m\u2019a compl\u00e8tement d\u00e9sabus\u00e9\u00a0: ils ne m\u2019ont m\u00eame pas demand\u00e9 les documents.&#8221;<\/p>\n<div class=\"std-frame\">\n<h2 class=\"encart_titre\">&#8220;Priorit\u00e9 \u00e0 l\u2019unit\u00e9 et \u00e0 l\u2019action&#8221;<\/h2>\n<div class=\"encart_texte\">\n<p>Sollicit\u00e9e, la FDSEA gersoise regrette, dans un communiqu\u00e9 de presse, &#8220;la prise de parole d\u2019Alain de Scoraille lors de son point presse organis\u00e9 \u00e0 l\u2019issue de la session de la Chambre d\u2019agriculture. Ce n\u2019est ni le lieu ni le moment d\u2019exposer des griefs personnels, alors que les agriculteurs ont avant tout besoin d\u2019unit\u00e9 et de mobilisation pour faire face aux d\u00e9fis \u00e9conomiques, sociaux, climatiques et administratifs qui p\u00e8sent tr\u00e8s lourdement sur leurs exploitations.&#8221;<\/p>\n<p>La FDSEA rappelle ses missions\u00a0: &#8220;D\u00e9fendre celles et ceux qui nourrissent la population et am\u00e9nagent nos territoires, encourager l\u2019engagement de nouveaux responsables et pr\u00e9parer l\u2019avenir. Cela suppose donc de concentrer les \u00e9nergies sur les solutions et le travail collectif, au service des agricultrices et des agriculteurs gersois.&#8221; Pour les vice-pr\u00e9sidents, Benjamin Constant et St\u00e9phane Zanchetta, &#8220;ressasser le pass\u00e9 ne\u00a0construit pas l\u2019avenir et ne d\u00e9fend pas plus le pr\u00e9sent.&#8221;<\/p>\n<p>Contact\u00e9e, Muriel Pelizza, pr\u00e9sidente de la FDSEA gersoise de 2023 \u00e0 2024, rappelle &#8220;que cette \u00e9lection interne a \u00e9t\u00e9 valid\u00e9e au niveau r\u00e9gional et national. Il y a des choses beaucoup plus importantes en ce moment au niveau agricole que de regarder trois ans en arri\u00e8re\u2026&#8221;<\/p>\n<\/div>\n<\/div><\/div>\n<p><a href=\"https:\/\/www.ladepeche.fr\/2026\/03\/12\/cela-me-coute-enormement-un-ancien-cadre-de-la-fdsea-gersoise-claque-la-porte-et-denonce-des-dysfonctionnements-dans-le-syndicat-local-13266302.php\">source<\/a><\/p>\n","protected":false},"excerpt":{"rendered":"<p>l&#8217;essentiel Crise interne \u00e0 la FDSEA du Gers. L\u2019agriculteur Alain de Scorraille claque la porte apr\u00e8s plus de 25 ans d\u2019engagement, d\u00e9non\u00e7ant des \u00e9lections internes truqu\u00e9es et un syndicat devenu, selon lui, &#8220;invisible&#8221; sur le terrain. Le syndicat appelle, lui, \u00e0 l\u2019unit\u00e9 et \u00e0 l\u2019action. C\u2019est une annonce inattendue qu\u2019a faite Alain de Scorraille, ce [&hellip;]<\/p>\n","protected":false},"author":1,"featured_media":124402,"comment_status":"open","ping_status":"open","sticky":false,"template":"","format":"standard","meta":{"_monsterinsights_skip_tracking":false,"_monsterinsights_sitenote_active":false,"_monsterinsights_sitenote_note":"","_monsterinsights_sitenote_category":0,"footnotes":""},"categories":[74],"tags":[],"coauthors":[77],"class_list":["post-124401","post","type-post","status-publish","format-standard","has-post-thumbnail","hentry","category-economie"],"aioseo_notices":[],"_links":{"self":[{"href":"https:\/\/pressactu.com\/index.php?rest_route=\/wp\/v2\/posts\/124401","targetHints":{"allow":["GET"]}}],"collection":[{"href":"https:\/\/pressactu.com\/index.php?rest_route=\/wp\/v2\/posts"}],"about":[{"href":"https:\/\/pressactu.com\/index.php?rest_route=\/wp\/v2\/types\/post"}],"author":[{"embeddable":true,"href":"https:\/\/pressactu.com\/index.php?rest_route=\/wp\/v2\/users\/1"}],"replies":[{"embeddable":true,"href":"https:\/\/pressactu.com\/index.php?rest_route=%2Fwp%2Fv2%2Fcomments&post=124401"}],"version-history":[{"count":0,"href":"https:\/\/pressactu.com\/index.php?rest_route=\/wp\/v2\/posts\/124401\/revisions"}],"wp:featuredmedia":[{"embeddable":true,"href":"https:\/\/pressactu.com\/index.php?rest_route=\/wp\/v2\/media\/124402"}],"wp:attachment":[{"href":"https:\/\/pressactu.com\/index.php?rest_route=%2Fwp%2Fv2%2Fmedia&parent=124401"}],"wp:term":[{"taxonomy":"category","embeddable":true,"href":"https:\/\/pressactu.com\/index.php?rest_route=%2Fwp%2Fv2%2Fcategories&post=124401"},{"taxonomy":"post_tag","embeddable":true,"href":"https:\/\/pressactu.com\/index.php?rest_route=%2Fwp%2Fv2%2Ftags&post=124401"},{"taxonomy":"author","embeddable":true,"href":"https:\/\/pressactu.com\/index.php?rest_route=%2Fwp%2Fv2%2Fcoauthors&post=124401"}],"curies":[{"name":"wp","href":"https:\/\/api.w.org\/{rel}","templated":true}]}}