{"id":124396,"date":"2026-03-12T18:12:27","date_gmt":"2026-03-12T18:12:27","guid":{"rendered":"https:\/\/pressactu.com\/?p=124396"},"modified":"2026-03-12T18:12:27","modified_gmt":"2026-03-12T18:12:27","slug":"negrepelisse-scn-lutte-un-deplacement-prometteur-a-lormont","status":"publish","type":"post","link":"https:\/\/pressactu.com\/?p=124396","title":{"rendered":"N\u00e8grepelisse. SCN lutte : un d\u00e9placement prometteur \u00e0 Lormont"},"content":{"rendered":"<div rel=\"js-article-content\" data-state=\"fixed-height\" data-selection=\"disabled\">\n                                                                                                                                                            <!-- Pub DFP Position [outstream] --><\/p>\n<p>Avant des championnats r\u00e9gionaux \u00e0 Montauban, les lutteurs du SCN ont fait escale en Nouvelle-Aquitaine pour se frotter au haut niveau national. Un test probant pour l\u2019\u00e9quipe, port\u00e9e par la performance d\u2019Emilie Bastide.<\/p>\n<p><!-- Pub DFP Position [article] --><\/p>\n<p>Le prestigieux tournoi ranking de lutte libre de Lormont a servi de r\u00e9p\u00e9tition g\u00e9n\u00e9rale pour les cinq repr\u00e9sentants du SCN (cat\u00e9gories U15 et U17). Face \u00e0 un plateau relev\u00e9, nos jeunes n\u2019ont pas d\u00e9m\u00e9rit\u00e9, affichant une d\u00e9termination de bon augure pour la suite de la saison.<\/p>\n<h2 class=\"txt-int\">Une pr\u00e9paration id\u00e9ale avant les championnats de France<\/h2>\n<p>Une pluie de r\u00e9sultats encourageants ! La satisfaction majeure vient d\u2019Emilie Bastide, qui d\u00e9croche une superbe deuxi\u00e8me place en U15.<\/p>\n<p>Ce podium constitue une pr\u00e9paration id\u00e9ale pour les championnats de France, pr\u00e9vus le 22 mars, \u00e0 Mulhouse. Chez les gar\u00e7ons, la densit\u00e9 de la comp\u00e9tition a mis les organismes \u00e0 l\u2019\u00e9preuve. Tim\u00e9o Belv\u00e8ze (U15) termine au pied du podium (4e) malgr\u00e9 deux belles victoires.<\/p>\n<p>En U17, Gabriel Bastide se classe 7e au terme d\u2019un parcours encourageant : il signe trois victoires dans une cat\u00e9gorie extr\u00eamement disput\u00e9e de 28 lutteurs. Ma\u00ebl Reaume, de son c\u00f4t\u00e9, s\u2019incline avec les honneurs lors des rep\u00eachages.<\/p>\n<p>Ce dimanche, le SCN lutte attend avec impatience les championnats r\u00e9gionaux \u00e0 Montauban.<\/p>\n<p>L\u2019enjeu sera de taille : d\u00e9crocher les tickets qualificatifs pour les championnats de France, qui se tiendront les 11 et 12 avril, en Normandie.<\/p>\n<\/p><\/div>\n<p><a href=\"https:\/\/www.ladepeche.fr\/2026\/03\/12\/scn-lutte-un-deplacement-prometteur-a-lormont-13267986.php\">source<\/a><\/p>\n","protected":false},"excerpt":{"rendered":"<p>Avant des championnats r\u00e9gionaux \u00e0 Montauban, les lutteurs du SCN ont fait escale en Nouvelle-Aquitaine pour se frotter au haut niveau national. Un test probant pour l\u2019\u00e9quipe, port\u00e9e par la performance d\u2019Emilie Bastide. Le prestigieux tournoi ranking de lutte libre de Lormont a servi de r\u00e9p\u00e9tition g\u00e9n\u00e9rale pour les cinq repr\u00e9sentants du SCN (cat\u00e9gories U15 [&hellip;]<\/p>\n","protected":false},"author":1,"featured_media":124397,"comment_status":"open","ping_status":"open","sticky":false,"template":"","format":"standard","meta":{"_monsterinsights_skip_tracking":false,"_monsterinsights_sitenote_active":false,"_monsterinsights_sitenote_note":"","_monsterinsights_sitenote_category":0,"footnotes":""},"categories":[71],"tags":[],"coauthors":[77],"class_list":["post-124396","post","type-post","status-publish","format-standard","has-post-thumbnail","hentry","category-sport"],"aioseo_notices":[],"_links":{"self":[{"href":"https:\/\/pressactu.com\/index.php?rest_route=\/wp\/v2\/posts\/124396","targetHints":{"allow":["GET"]}}],"collection":[{"href":"https:\/\/pressactu.com\/index.php?rest_route=\/wp\/v2\/posts"}],"about":[{"href":"https:\/\/pressactu.com\/index.php?rest_route=\/wp\/v2\/types\/post"}],"author":[{"embeddable":true,"href":"https:\/\/pressactu.com\/index.php?rest_route=\/wp\/v2\/users\/1"}],"replies":[{"embeddable":true,"href":"https:\/\/pressactu.com\/index.php?rest_route=%2Fwp%2Fv2%2Fcomments&post=124396"}],"version-history":[{"count":0,"href":"https:\/\/pressactu.com\/index.php?rest_route=\/wp\/v2\/posts\/124396\/revisions"}],"wp:featuredmedia":[{"embeddable":true,"href":"https:\/\/pressactu.com\/index.php?rest_route=\/wp\/v2\/media\/124397"}],"wp:attachment":[{"href":"https:\/\/pressactu.com\/index.php?rest_route=%2Fwp%2Fv2%2Fmedia&parent=124396"}],"wp:term":[{"taxonomy":"category","embeddable":true,"href":"https:\/\/pressactu.com\/index.php?rest_route=%2Fwp%2Fv2%2Fcategories&post=124396"},{"taxonomy":"post_tag","embeddable":true,"href":"https:\/\/pressactu.com\/index.php?rest_route=%2Fwp%2Fv2%2Ftags&post=124396"},{"taxonomy":"author","embeddable":true,"href":"https:\/\/pressactu.com\/index.php?rest_route=%2Fwp%2Fv2%2Fcoauthors&post=124396"}],"curies":[{"name":"wp","href":"https:\/\/api.w.org\/{rel}","templated":true}]}}