{"id":124394,"date":"2026-03-12T18:12:26","date_gmt":"2026-03-12T18:12:26","guid":{"rendered":"https:\/\/pressactu.com\/?p=124394"},"modified":"2026-03-12T18:12:26","modified_gmt":"2026-03-12T18:12:26","slug":"cela-oblige-les-gens-a-garder-les-poubelles-longtemps-nouvelle-hausse-de-la-taxe-denlevement-des-ordures-menageres-a-foix","status":"publish","type":"post","link":"https:\/\/pressactu.com\/?p=124394","title":{"rendered":"&quot;Cela oblige les gens \u00e0 garder les poubelles longtemps&quot;\u00a0: nouvelle hausse de la taxe d\u2019enl\u00e8vement des ordures m\u00e9nag\u00e8res \u00e0 Foix"},"content":{"rendered":"<p>\n                                                                    <span class=\"article-full__chapo-label hide-on-small-only\">l&#8217;essentiel<\/span><br \/>\n                                                                La directrice du Smectom Florence Rouch a pr\u00e9sent\u00e9 le bilan 2025. Si les r\u00e9sultats montrent une baisse des d\u00e9chets enfouis et une progression du tri, la taxe d\u2019enl\u00e8vement des ordures m\u00e9nag\u00e8res incitative (TEOMi) continue de susciter des r\u00e9actions contrast\u00e9es chez les habitants de Foix.\n                            <\/p>\n<div rel=\"js-article-content\" data-state=\"fixed-height\" data-selection=\"disabled\">\n                                                                                                                                                            <!-- Pub DFP Position [outstream] --><\/p>\n<p>Gestion des d\u00e9chets, finances, taxe d\u2019enl\u00e8vement des ordures m\u00e9nag\u00e8res incitative (TEOMi)\u2026\u00a0Florence Rouch, directrice du Syndicat mixte d\u2019\u00e9tude de collecte et de traitement des ordures m\u00e9nag\u00e8res (Smectom) du Plantaurel, a pr\u00e9sent\u00e9 le bilan 2025 et les perspectives pour 2026.<\/p>\n<p><!-- Pub DFP Position [article] --><\/p>\n<p>L\u2019un des points majeurs abord\u00e9s\u00a0concerne la deuxi\u00e8me TEOMi, qui figurera sur les avis d\u2019imposition de septembre\u00a02026 et prendra en compte les d\u00e9chets produits en 2025.<\/p>\n<h2 class=\"txt-int\">Une augmentation de la taxe<\/h2>\n<p>Pour certains habitants de Foix, la taxe incitative est pertinente et encourage les bonnes pratiques, mais son co\u00fbt demeure un frein. &#8220;Je pense que c\u2019est une bonne chose pour pousser les gens \u00e0 trier leurs d\u00e9chets, le vrai probl\u00e8me, c\u2019est le prix&#8221;, explique Paul.<\/p>\n<p>Santiago, un autre Fux\u00e9en, d\u00e9plore lui aussi ce co\u00fbt\u00a0: &#8220;Je trouve que la taxe est un peu ch\u00e8re. Et ils ne passent pas assez souvent.&#8221; Selon lui, cette mesure am\u00e8ne certains comportements\u00a0: &#8220;Cela oblige les gens \u00e0 garder les poubelles longtemps pour les remplir au maximum, sauf qu\u2019en \u00e9t\u00e9 il y a des probl\u00e8mes d\u2019odeurs.&#8221;<\/p>\n<p class=\"std-elt__inline\">\n        <strong>\u00c0 lire aussi :<\/strong><br \/>\n        <a href=\"\/2026\/01\/16\/innovation-et-insertion-le-smectom-prepare-lavenir-13165173.php\">Innovation et insertion : le Smectom pr\u00e9pare l\u2019avenir<\/a>\n    <\/p>\n<p>Eva pointe quant \u00e0 elle la proximit\u00e9 des points de d\u00e9p\u00f4t ainsi que le fonctionnement du dispositif de cartes\u00a0: &#8220;C\u2019est normal qu\u2019il y ait un syst\u00e8me pour g\u00e9rer les d\u00e9chets, mais je ne suis pas forc\u00e9ment pour leur syst\u00e8me de cartes.&#8221; Selon elle, cette installation ne favorise pas de meilleures habitudes\u00a0: &#8220;Avant, les gens faisaient plus attention au tri, mais depuis qu\u2019il y a cette carte, c\u2019est le chaos. Les gens ne trient plus leurs d\u00e9chets correctement, ils les d\u00e9posent partout autour des conteneurs.&#8221; Elle insiste\u00a0: &#8220;Surtout le dimanche, et \u00e7a devient un vrai d\u00e9sordre. On voit plein de poubelles partout, sans aucun tri, tout le monde met ses d\u00e9chets o\u00f9 il y a de la place et pas forc\u00e9ment dans le bac appropri\u00e9.&#8221;<\/p>\n<h2 class=\"txt-int\">Comment se calcule la TEOMi\u00a0?<\/h2>\n<p>Pour rappel, la TEOMi se compose de deux \u00e9l\u00e9ments. La premi\u00e8re est la portion fiscale, qui est calcul\u00e9e sur la base locative vot\u00e9e chaque ann\u00e9e par les intercommunalit\u00e9s. La seconde part est\u00a0la\u00a0part variable, qui d\u00e9pend du volume r\u00e9el d\u2019ordures m\u00e9nag\u00e8res collect\u00e9es sur l\u2019ann\u00e9e. Le tarif au litre de cette part modulable est fix\u00e9 par les d\u00e9l\u00e9gu\u00e9s du Smectom et permet d\u2019\u00e9tablir une grille pour les bacs et conteneurs.<\/p>\n<div class=\"center-align\" rel=\"js-article-inline-img\" data-protec-aida=\"image\">\n<figure class=\"std-img\" data-src=\"https:\/\/images.ladepeche.fr\/api\/v1\/images\/view\/69b042a5e8fe88146d007510\/original\/image.jpg?v=1\">\n        <img decoding=\"async\" class=\"std-img__img responsive-img\" src=\"http:\/\/pressactu.com\/wp-content\/uploads\/2026\/03\/1773339145_532_image.jpg?v=1\" alt=\"Comment calcule-t-on la TEOMi\u00a0?\"\/><figcaption class=\"article-full__media-infos\">\n                <span class=\"article-full__media-legend\">Comment calcule-t-on la TEOMi\u00a0?<\/span><br \/>\n                                    <span class=\"article-full__media-author\">Smectom du Plantaurel<\/span><br \/>\n                            <\/figcaption><\/figure>\n<\/div>\n<p class=\"std-elt__inline\">\n        <strong>\u00c0 lire aussi :<\/strong><br \/>\n        <a href=\"\/2026\/02\/26\/train-suspendu-en-ariege-chaque-jour-ca-continue-a-glisser-ce-que-lon-sait-sur-le-chantier-de-la-ligne-entre-foix-et-ax-les-thermes-13243863.php\">Train suspendu en Ari\u00e8ge\u00a0: &#8220;Chaque jour, \u00e7a continue \u00e0 glisser&#8221;, ce que l\u2019on sait sur le chantier de la ligne entre Foix et Ax-les-Thermes<\/a>\n    <\/p>\n<p>Ces deux parts sont ensuite additionn\u00e9es pour obtenir la TEOMi. Pour les d\u00e9chets produits l\u2019an dernier, le tarif s\u2019\u00e9l\u00e8ve \u00e0 0,056 \u20ac par litre pour les apports volontaires, soit 3,36\u00a0\u20ac pour un sac de 60 litres. Les usagers disposant d\u2019un bac individuel paient 0,070 \u20ac par litre, ce qui correspond \u00e0 8,40\u00a0\u20ac pour la lev\u00e9e d\u2019un bac de 120 litres.<\/p>\n<div class=\"center-align\" rel=\"js-article-inline-img\" data-protec-aida=\"image\">\n<figure class=\"std-img\" data-src=\"https:\/\/images.ladepeche.fr\/api\/v1\/images\/view\/69b042a69bd1b62ed4094381\/original\/image.jpg?v=1\">\n        <img decoding=\"async\" class=\"std-img__img responsive-img\" src=\"http:\/\/pressactu.com\/wp-content\/uploads\/2026\/03\/1773339146_546_image.jpg?v=1\" alt=\"Les tarifs de la TEOMi du Smectom du Plantaurel.\"\/><figcaption class=\"article-full__media-infos\">\n                <span class=\"article-full__media-legend\">Les tarifs de la TEOMi du Smectom du Plantaurel.<\/span><br \/>\n                                    <span class=\"article-full__media-author\">Smectom du Plantaurel<\/span><br \/>\n                            <\/figcaption><\/figure>\n<\/div>\n<h2 class=\"txt-int\">Une am\u00e9lioration des pratiques<\/h2>\n<p>Pour autant, les habitants ont am\u00e9lior\u00e9 leurs pratiques de recyclage\u00a0: 7\u00a0083 tonnes d\u2019emballages ont \u00e9t\u00e9 envoy\u00e9es au centre de tri, en nette hausse par rapport \u00e0 l\u2019ann\u00e9e pr\u00e9c\u00e9dente. &#8220;On ne trie que les emballages&#8221;, rappelle Florence Rouch. Les d\u00e9chets dangereux, \u00e9lectriques ou de soins doivent \u00eatre d\u00e9pos\u00e9s dans des points de collecte, et le don est encourag\u00e9 pour les textiles, rappelle le Smectom.<\/p>\n<p>Les ordures m\u00e9nag\u00e8res r\u00e9siduelles ont \u00e9galement diminu\u00e9, avec 31\u00a0670 tonnes enfouies \u00e0 Berbiac, soit 11\u00a0% de moins qu\u2019en 2024. &#8220;On est dor\u00e9navant \u00e0 plus de 10\u00a0300 tonnes en dessous de notre autorisation pr\u00e9fectorale&#8221;, pr\u00e9cise la directrice.<\/p>\n<p class=\"std-elt__inline\">\n        <strong>\u00c0 lire aussi :<\/strong><br \/>\n        <a href=\"\/2026\/03\/08\/municipales-2026-a-foix-vegetalisation-dechets-energies-comment-les-candidats-comptent-oeuvrer-pour-lecologie-13256729.php\">Municipales 2026\u00a0\u00e0 Foix\u00a0: V\u00e9g\u00e9talisation, d\u00e9chets, \u00e9nergies\u2026 Comment les candidats comptent \u0153uvrer pour l\u2019\u00e9cologie\u00a0?<\/a>\n    <\/p>\n<p>La taxe g\u00e9n\u00e9rale sur les activit\u00e9s polluantes (TGAP), qui est pay\u00e9e pour\u00a0l\u2019enfouissement, reste un poste lourd pour le budget. &#8220;LA TGAP est due par les exploitants d\u2019installations de traitement des d\u00e9chets par stockage et incin\u00e9ration (comme le Smectom, NDLR). Le tarif est fix\u00e9 annuellement et s\u2019exprime en euros par tonnes de d\u00e9chets r\u00e9ceptionn\u00e9s. On est pass\u00e9 de 17\u00a0\u20ac \u00e0 70\u00a0\u20ac la tonne&#8221;, explique Florence Rouch, qui\u00a0souligne ce co\u00fbt global\u00a0: &#8220;\u00c7a a co\u00fbt\u00e9 la modique somme de 6\u00a0122\u00a0000\u00a0\u20ac au Smectom. Avec, j\u2019aurais pu acheter 24 camions poubelles. Or, sur la m\u00eame p\u00e9riode, je n\u2019ai pas r\u00e9ussi \u00e0 renouveler mon mat\u00e9riel roulant.&#8221;<\/p>\n<\/p><\/div>\n<p><a href=\"https:\/\/www.ladepeche.fr\/2026\/03\/11\/cela-oblige-les-gens-a-garder-les-poubelles-longtemps-pour-les-remplir-au-maximum-nouvelle-hausse-de-la-taxe-denlevement-des-ordures-menageres-13264210.php\">source<\/a><\/p>\n","protected":false},"excerpt":{"rendered":"<p>l&#8217;essentiel La directrice du Smectom Florence Rouch a pr\u00e9sent\u00e9 le bilan 2025. Si les r\u00e9sultats montrent une baisse des d\u00e9chets enfouis et une progression du tri, la taxe d\u2019enl\u00e8vement des ordures m\u00e9nag\u00e8res incitative (TEOMi) continue de susciter des r\u00e9actions contrast\u00e9es chez les habitants de Foix. Gestion des d\u00e9chets, finances, taxe d\u2019enl\u00e8vement des ordures m\u00e9nag\u00e8res incitative [&hellip;]<\/p>\n","protected":false},"author":1,"featured_media":124395,"comment_status":"open","ping_status":"open","sticky":false,"template":"","format":"standard","meta":{"_monsterinsights_skip_tracking":false,"_monsterinsights_sitenote_active":false,"_monsterinsights_sitenote_note":"","_monsterinsights_sitenote_category":0,"footnotes":""},"categories":[74],"tags":[],"coauthors":[77],"class_list":["post-124394","post","type-post","status-publish","format-standard","has-post-thumbnail","hentry","category-economie"],"aioseo_notices":[],"_links":{"self":[{"href":"https:\/\/pressactu.com\/index.php?rest_route=\/wp\/v2\/posts\/124394","targetHints":{"allow":["GET"]}}],"collection":[{"href":"https:\/\/pressactu.com\/index.php?rest_route=\/wp\/v2\/posts"}],"about":[{"href":"https:\/\/pressactu.com\/index.php?rest_route=\/wp\/v2\/types\/post"}],"author":[{"embeddable":true,"href":"https:\/\/pressactu.com\/index.php?rest_route=\/wp\/v2\/users\/1"}],"replies":[{"embeddable":true,"href":"https:\/\/pressactu.com\/index.php?rest_route=%2Fwp%2Fv2%2Fcomments&post=124394"}],"version-history":[{"count":0,"href":"https:\/\/pressactu.com\/index.php?rest_route=\/wp\/v2\/posts\/124394\/revisions"}],"wp:featuredmedia":[{"embeddable":true,"href":"https:\/\/pressactu.com\/index.php?rest_route=\/wp\/v2\/media\/124395"}],"wp:attachment":[{"href":"https:\/\/pressactu.com\/index.php?rest_route=%2Fwp%2Fv2%2Fmedia&parent=124394"}],"wp:term":[{"taxonomy":"category","embeddable":true,"href":"https:\/\/pressactu.com\/index.php?rest_route=%2Fwp%2Fv2%2Fcategories&post=124394"},{"taxonomy":"post_tag","embeddable":true,"href":"https:\/\/pressactu.com\/index.php?rest_route=%2Fwp%2Fv2%2Ftags&post=124394"},{"taxonomy":"author","embeddable":true,"href":"https:\/\/pressactu.com\/index.php?rest_route=%2Fwp%2Fv2%2Fcoauthors&post=124394"}],"curies":[{"name":"wp","href":"https:\/\/api.w.org\/{rel}","templated":true}]}}