{"id":124386,"date":"2026-03-12T16:31:32","date_gmt":"2026-03-12T16:31:32","guid":{"rendered":"https:\/\/pressactu.com\/?p=124386"},"modified":"2026-03-12T16:31:32","modified_gmt":"2026-03-12T16:31:32","slug":"lactivite-automobile-a-chute-a-agen-le-groupe-pujol-place-en-redressement-judiciaire","status":"publish","type":"post","link":"https:\/\/pressactu.com\/?p=124386","title":{"rendered":"&quot;L\u2019activit\u00e9 automobile a chut\u00e9&quot;\u00a0: \u00e0 Agen, le groupe Pujol plac\u00e9 en redressement judiciaire"},"content":{"rendered":"<p>\n                                                                    <span class=\"article-full__chapo-label hide-on-small-only\">l&#8217;essentiel<\/span><br \/>\n                                                                Le groupe automobile Pujol, bas\u00e9 \u00e0 Agen, a \u00e9t\u00e9 plac\u00e9 en redressement judiciaire par le tribunal de commerce mercredi 4\u00a0mars. Fragilis\u00e9 par la d\u00e9gradation du march\u00e9, le concessionnaire entame une p\u00e9riode d\u2019observation tout en poursuivant son activit\u00e9.\n                            <\/p>\n<div rel=\"js-article-content\" data-state=\"fixed-height\" data-selection=\"disabled\">\n                                                                                                                                                            <!-- Pub DFP Position [outstream] --><\/p>\n<p>&#8220;Quand un rhume tra\u00eene, ce sont les plus vuln\u00e9rables qui subissent en premier\u2026&#8221; Derri\u00e8re cette m\u00e9taphore, David Pujol dresse un constat amer du march\u00e9 automobile actuel. Le groupe agenais Pujol s\u2019est d\u00e9clar\u00e9 en cessation de paiements. Le tribunal de commerce d\u2019Agen l\u2019a plac\u00e9 en redressement judiciaire ce mercredi 4\u00a0mars.<\/p>\n<p><!-- Pub DFP Position [article] --><\/p>\n<p class=\"std-elt__inline\">\n        <strong>\u00c0 lire aussi :<\/strong><br \/>\n        <a href=\"\/2024\/03\/04\/kevin-courtois-as-du-volant-et-convoyeur-de-metier-a-agen-11803720.php\">K\u00e9vin Quintois , as du volant  et convoyeur de m\u00e9tier \u00e0 Agen<\/a>\n    <\/p>\n<p>Fond\u00e9 en 1993 par Serge Pujol, le p\u00e8re de David, le groupe s\u2019est d\u00e9velopp\u00e9 autour de plusieurs activit\u00e9s\u00a0: concession automobile, r\u00e9paration, location de v\u00e9hicules et carrosserie \u2013 seule cette derni\u00e8re branche n\u2019est pas concern\u00e9e par la proc\u00e9dure.<\/p>\n<h2 class=\"txt-int\">Un march\u00e9 automobile en baisse de r\u00e9gime<\/h2>\n<p>Pour David Pujol, la d\u00e9cision n\u2019a pas \u00e9t\u00e9 facile \u00e0 prendre. Mais le diagnostic est sans appel\u00a0: &#8220;l\u2019activit\u00e9 automobile a chut\u00e9&#8221;. &#8220;Le march\u00e9 national a baiss\u00e9 ces trois derni\u00e8res ann\u00e9es&#8221;, soupire-t-il. En f\u00e9vrier\u00a02026, en France, les ventes de voitures neuves ont encore diminu\u00e9 de 15\u00a0% par rapport \u00e0 f\u00e9vrier\u00a02025. Le pouvoir d\u2019achat chute. En parall\u00e8le, le prix des v\u00e9hicules grimpe. Un mauvais cocktail pour les clients\u2026 et pour les vendeurs.<\/p>\n<p class=\"std-elt__inline\">\n        <strong>\u00c0 lire aussi :<\/strong><br \/>\n        <a href=\"\/2026\/01\/09\/on-en-fait-cinq-fois-plus-que-dhabitude-avec-le-froid-les-garagistes-changent-massivement-les-batteries-de-voiture-13148533.php\">&#8220;On en fait cinq fois plus que d\u2019habitude&#8221;\u00a0: avec le froid, les garagistes changent massivement les batteries de voiture<\/a>\n    <\/p>\n<p>Pour autant, le fils de Serge Pujol, fondateur du groupe, tient \u00e0 rassurer. Le redressement ne signifie en aucun cas l\u2019arr\u00eat de l\u2019activit\u00e9. &#8220;On continue d\u2019accueillir nos clients comme d\u2019habitude, indique-t-il. Le placement en redressement judiciaire permet simplement de figer nos dettes et de pr\u00e9parer un plan de continuation. Nos employ\u00e9s [<em>au nombre de 68, ndlr<\/em>] ne sont pas menac\u00e9s.&#8221;<\/p>\n<p class=\"std-elt__inline\">\n        <strong>\u00c0 lire aussi :<\/strong><br \/>\n        <a href=\"\/2026\/02\/09\/jai-decide-de-vendre-ma-voiture-et-je-roule-avec-ma-2cv-a-monflanquin-didier-gary-fidele-a-sa-2cv-depuis-quinze-ans-13209323.php\">\u00ab\u00a0J\u2019ai d\u00e9cid\u00e9 de vendre ma voiture et je roule avec ma 2CV\u00a0\u00bb\u00a0: \u00e0 Monflanquin, Didier Gary fid\u00e8le \u00e0 sa 2CV depuis quinze ans<\/a>\n    <\/p>\n<h2 class=\"txt-int\">Une p\u00e9riode d\u2019observation<\/h2>\n<p>S\u2019entame alors une p\u00e9riode d\u2019observation de six mois. Une phase cl\u00e9, durant laquelle un administrateur judiciaire est d\u00e9sign\u00e9 pour analyser les comptes. Pendant ce temps de &#8220;pause&#8221;, le groupe doit montrer qu\u2019il peut payer ses dettes. Et, ainsi, prouver qu\u2019il est en capacit\u00e9 de poursuivre son activit\u00e9.<\/p>\n<p class=\"std-elt__inline\">\n        <strong>\u00c0 lire aussi :<\/strong><br \/>\n        <a href=\"\/2026\/02\/10\/celle-la-cest-mon-bebe-meme-si-on-men-offre-deux-fois-le-prix-je-ne-la-vendrai-pas-francois-gruet-une-vie-au-rythme-de-la-2cv-13215796.php\">\u00ab\u00a0Celle-l\u00e0, c\u2019est mon b\u00e9b\u00e9. M\u00eame si on m\u2019en offre deux fois le prix, je ne la vendrai pas.\u00a0\u00bb\u00a0: Fran\u00e7ois Gruet, une vie au rythme de la 2CV<\/a>\n    <\/p>\n<p>Au terme de cette p\u00e9riode, trois issues sont possibles. Le tribunal de commerce peut valider un plan de redressement, d\u00e9cider la cession totale ou partielle du groupe \u00e0 un repreneur, ou bien prononcer\u00a0la liquidation judiciaire si aucune solution viable n\u2019\u00e9merge.<\/p>\n<p class=\"std-elt__inline\">\n        <strong>\u00c0 lire aussi :<\/strong><br \/>\n        <a href=\"\/2026\/01\/29\/deuch-caumont-club-passion-2cv-en-lot-et-garonne-la-2cv-cest-le-partage-et-la-simplicite-13191435.php\">Deuch Caumont Club, passion 2\u00a0CV en Lot-et-Garonne\u00a0: &#8220;La 2\u00a0CV, c\u2019est le partage et la simplicit\u00e9&#8221;<\/a>\n    <\/p>\n<p>Malgr\u00e9 tout, David Pujol n\u2019est pas fataliste. Au contraire. Il refuse de c\u00e9der au pessimisme. &#8220;On va pr\u00e9parer un plan pr\u00e9visionnel. Il faut qu\u2019on soit confiants. En attendant, on va continuer \u00e0 vendre des v\u00e9hicules.&#8221;<\/p>\n<\/p><\/div>\n<p><a href=\"https:\/\/www.ladepeche.fr\/2026\/03\/12\/lactivite-automobile-a-chute-a-agen-le-groupe-pujol-place-en-redressement-judiciaire-13266401.php\">source<\/a><\/p>\n","protected":false},"excerpt":{"rendered":"<p>l&#8217;essentiel Le groupe automobile Pujol, bas\u00e9 \u00e0 Agen, a \u00e9t\u00e9 plac\u00e9 en redressement judiciaire par le tribunal de commerce mercredi 4\u00a0mars. Fragilis\u00e9 par la d\u00e9gradation du march\u00e9, le concessionnaire entame une p\u00e9riode d\u2019observation tout en poursuivant son activit\u00e9. &#8220;Quand un rhume tra\u00eene, ce sont les plus vuln\u00e9rables qui subissent en premier\u2026&#8221; Derri\u00e8re cette m\u00e9taphore, David [&hellip;]<\/p>\n","protected":false},"author":1,"featured_media":124387,"comment_status":"open","ping_status":"open","sticky":false,"template":"","format":"standard","meta":{"_monsterinsights_skip_tracking":false,"_monsterinsights_sitenote_active":false,"_monsterinsights_sitenote_note":"","_monsterinsights_sitenote_category":0,"footnotes":""},"categories":[74],"tags":[],"coauthors":[77],"class_list":["post-124386","post","type-post","status-publish","format-standard","has-post-thumbnail","hentry","category-economie"],"aioseo_notices":[],"_links":{"self":[{"href":"https:\/\/pressactu.com\/index.php?rest_route=\/wp\/v2\/posts\/124386","targetHints":{"allow":["GET"]}}],"collection":[{"href":"https:\/\/pressactu.com\/index.php?rest_route=\/wp\/v2\/posts"}],"about":[{"href":"https:\/\/pressactu.com\/index.php?rest_route=\/wp\/v2\/types\/post"}],"author":[{"embeddable":true,"href":"https:\/\/pressactu.com\/index.php?rest_route=\/wp\/v2\/users\/1"}],"replies":[{"embeddable":true,"href":"https:\/\/pressactu.com\/index.php?rest_route=%2Fwp%2Fv2%2Fcomments&post=124386"}],"version-history":[{"count":0,"href":"https:\/\/pressactu.com\/index.php?rest_route=\/wp\/v2\/posts\/124386\/revisions"}],"wp:featuredmedia":[{"embeddable":true,"href":"https:\/\/pressactu.com\/index.php?rest_route=\/wp\/v2\/media\/124387"}],"wp:attachment":[{"href":"https:\/\/pressactu.com\/index.php?rest_route=%2Fwp%2Fv2%2Fmedia&parent=124386"}],"wp:term":[{"taxonomy":"category","embeddable":true,"href":"https:\/\/pressactu.com\/index.php?rest_route=%2Fwp%2Fv2%2Fcategories&post=124386"},{"taxonomy":"post_tag","embeddable":true,"href":"https:\/\/pressactu.com\/index.php?rest_route=%2Fwp%2Fv2%2Ftags&post=124386"},{"taxonomy":"author","embeddable":true,"href":"https:\/\/pressactu.com\/index.php?rest_route=%2Fwp%2Fv2%2Fcoauthors&post=124386"}],"curies":[{"name":"wp","href":"https:\/\/api.w.org\/{rel}","templated":true}]}}