{"id":124374,"date":"2026-03-12T13:27:27","date_gmt":"2026-03-12T13:27:27","guid":{"rendered":"https:\/\/pressactu.com\/?p=124374"},"modified":"2026-03-12T13:27:27","modified_gmt":"2026-03-12T13:27:27","slug":"on-court-pour-aider-on-a-des-super-pouvoirs-comment-les-coureurs-de-lalbi-run-urbain-vont-aider-un-enfant-de-5-ans-atteint-dune-maladie-cerebrale-rare","status":"publish","type":"post","link":"https:\/\/pressactu.com\/?p=124374","title":{"rendered":"&quot;On court pour aider\u00a0: on a des super-pouvoirs&quot;\u2026 Comment les coureurs de l\u2019Albi Run Urbain vont aider un enfant de 5 ans atteint d\u2019une maladie c\u00e9r\u00e9brale rare"},"content":{"rendered":"<p>\n                                                                    <span class=\"article-full__chapo-label hide-on-small-only\">l&#8217;essentiel<\/span><br \/>\n                                                                Le 17\u00a0avril, plus de 3\u00a0000 coureurs et marcheurs sont attendus \u00e0 Albi pour la 8\u1d49 \u00e9dition de l\u2019Albi Run Urbain. Un rendez-vous sportif devenu incontournable, mais surtout profond\u00e9ment solidaire\u00a0: cette ann\u00e9e, la mobilisation vise \u00e0 soutenir Lucien, 5 ans, atteint de paralysie c\u00e9r\u00e9brale.\n                            <\/p>\n<div rel=\"js-article-content\" data-state=\"fixed-height\" data-selection=\"disabled\">\n                                                                                                                                                            <!-- Pub DFP Position [outstream] --><\/p>\n<p>Le 17\u00a0avril prochain, la place du Vigan va battre au rythme des baskets. \u00c0 la tomb\u00e9e du jour, Albi se transformera en immense terrain de jeu solidaire. Des milliers de coureurs, marcheurs et familles s\u2019\u00e9lanceront dans les rues de la cit\u00e9 \u00e9piscopale pour une cause qui d\u00e9passe largement la performance sportive.<\/p>\n<p><!-- Pub DFP Position [article] --><\/p>\n<p>Au c\u0153ur de cette 8\u1d49 \u00e9dition\u00a0: Lucien, 5 ans. Curieux, d\u00e9termin\u00e9 et toujours souriant, le petit gar\u00e7on vit avec une paralysie c\u00e9r\u00e9brale qui touche ses quatre membres. Son quotidien est rythm\u00e9 par la r\u00e9\u00e9ducation, les progr\u00e8s patiemment gagn\u00e9s et les d\u00e9fis permanents. Pour continuer \u00e0 avancer, sa maison doit d\u00e9sormais \u00eatre adapt\u00e9e \u00e0 ses besoins.<\/p>\n<p>\u00a0<\/p>\n<p>Pour sa maman Camille, l\u2019\u00e9lan autour de cette course est bouleversant. &#8220;Lucien se bat chaque jour pour gagner en autonomie. Savoir que des centaines d\u2019enfants vont courir pour lui, c\u2019est tr\u00e8s \u00e9mouvant. Cela lui montre qu\u2019il n\u2019est jamais seul dans son combat.&#8221;<\/p>\n<h2 class=\"txt-int\">Un \u00e9v\u00e9nement r\u00e9solument solidaire<\/h2>\n<p>Mais l\u2019Albi Run Urbain ne se limite pas \u00e0 un geste symbolique. Au fil des ann\u00e9es, l\u2019\u00e9v\u00e9nement est devenu un puissant moteur de solidarit\u00e9. Depuis sa cr\u00e9ation en 2018, plus de 20\u00a0000 participants ont pris le d\u00e9part et pr\u00e8s de 190\u00a0000\u00a0euros ont \u00e9t\u00e9 revers\u00e9s pour soutenir des projets de vie d\u2019enfants et de personnes en situation de handicap.<\/p>\n<p>Cette ann\u00e9e encore, la mobilisation s\u2019annonce massive. Les coureurs pourront choisir entre plusieurs formats\u00a0: 8 ou 13 kilom\u00e8tres en course, en solo ou en \u00e9quipe de six, ainsi qu\u2019un parcours de marche nordique ouvert \u00e0 tous. Un trac\u00e9 in\u00e9dit est \u00e9galement annonc\u00e9, promettant de traverser des lieux insolites du centre historique, parfois habituellement ferm\u00e9s au public.<\/p>\n<p>Mais l\u2019un des temps forts de la soir\u00e9e aura lieu avant m\u00eame le d\u00e9part des adultes. Face \u00e0 l\u2019engouement des familles, l\u2019organisation a ouvert 600 dossards pour les enfants, un record. Les plus jeunes parcourront entre 500 m\u00e8tres et 1,5 kilom\u00e8tre selon leur \u00e2ge.<\/p>\n<p>Et pour eux, la motivation est simple et directe. &#8220;Moi j\u2019aime courir, mais l\u00e0 c\u2019est encore mieux\u00a0: on court pour aider des familles. \u00c7a fait comme si on avait des super-pouvoirs&#8221;, confie Lina, 8 ans. Mathis, 10 ans, r\u00e9sume tout aussi bien l\u2019esprit de la soir\u00e9e\u00a0: &#8220;On ne conna\u00eet pas tous les enfants \u00e0 l\u2019h\u00f4pital, mais on peut quand m\u00eame courir pour eux.&#8221;<\/p>\n<h2 class=\"txt-int\">Une f\u00eate populaire<\/h2>\n<p>Les fonds issus de ces courses enfants seront revers\u00e9s \u00e0 la Maison Ronald McDonald de Toulouse, qui permet aux parents d\u2019enfants hospitalis\u00e9s au CHU de Purpan de rester \u00e0 proximit\u00e9 pendant les soins.<\/p>\n<p>Un soutien que la famille de Lucien conna\u00eet bien. Lors d\u2019une hospitalisation, le p\u00e8re du petit gar\u00e7on avait pu y s\u00e9journer. &#8220;Dans ces moments-l\u00e0, ne pas \u00eatre s\u00e9par\u00e9s, c\u2019est essentiel. Savoir qu\u2019aujourd\u2019hui des centaines d\u2019enfants courent pour soutenir ce lieu qui nous a tant aid\u00e9s, c\u2019est tr\u00e8s touchant&#8221;, confie sa m\u00e8re.<\/p>\n<p>Au-del\u00e0 de la comp\u00e9tition, l\u2019Albi Run Urbain se veut avant tout une f\u00eate populaire. Musique live, DJ sets, animations, stands et restauration transformeront la place du Vigan en v\u00e9ritable village festif. Sportifs aguerris, familles, b\u00e9n\u00e9voles ou simples curieux\u00a0: chacun vient pour partager un moment collectif o\u00f9 l\u2019effort se m\u00eale \u00e0 la g\u00e9n\u00e9rosit\u00e9.<\/p>\n<p>Car ici, courir ne sert pas seulement \u00e0 franchir une ligne d\u2019arriv\u00e9e. Cela sert surtout \u00e0 faire avancer quelqu\u2019un d\u2019autre.<\/p>\n<\/p><\/div>\n<p><a href=\"https:\/\/www.ladepeche.fr\/2026\/03\/12\/on-court-pour-aider-on-a-des-super-pouvoirs-comment-les-coureurs-de-lalbi-run-urbain-vont-aider-un-enfant-de-5-ans-atteint-dune-maladie-cerebrale-rare-13264595.php\">source<\/a><\/p>\n","protected":false},"excerpt":{"rendered":"<p>l&#8217;essentiel Le 17\u00a0avril, plus de 3\u00a0000 coureurs et marcheurs sont attendus \u00e0 Albi pour la 8\u1d49 \u00e9dition de l\u2019Albi Run Urbain. Un rendez-vous sportif devenu incontournable, mais surtout profond\u00e9ment solidaire\u00a0: cette ann\u00e9e, la mobilisation vise \u00e0 soutenir Lucien, 5 ans, atteint de paralysie c\u00e9r\u00e9brale. Le 17\u00a0avril prochain, la place du Vigan va battre au rythme [&hellip;]<\/p>\n","protected":false},"author":1,"featured_media":124375,"comment_status":"open","ping_status":"open","sticky":false,"template":"","format":"standard","meta":{"_monsterinsights_skip_tracking":false,"_monsterinsights_sitenote_active":false,"_monsterinsights_sitenote_note":"","_monsterinsights_sitenote_category":0,"footnotes":""},"categories":[1],"tags":[],"coauthors":[77],"class_list":["post-124374","post","type-post","status-publish","format-standard","has-post-thumbnail","hentry","category-a-la-une"],"aioseo_notices":[],"_links":{"self":[{"href":"https:\/\/pressactu.com\/index.php?rest_route=\/wp\/v2\/posts\/124374","targetHints":{"allow":["GET"]}}],"collection":[{"href":"https:\/\/pressactu.com\/index.php?rest_route=\/wp\/v2\/posts"}],"about":[{"href":"https:\/\/pressactu.com\/index.php?rest_route=\/wp\/v2\/types\/post"}],"author":[{"embeddable":true,"href":"https:\/\/pressactu.com\/index.php?rest_route=\/wp\/v2\/users\/1"}],"replies":[{"embeddable":true,"href":"https:\/\/pressactu.com\/index.php?rest_route=%2Fwp%2Fv2%2Fcomments&post=124374"}],"version-history":[{"count":0,"href":"https:\/\/pressactu.com\/index.php?rest_route=\/wp\/v2\/posts\/124374\/revisions"}],"wp:featuredmedia":[{"embeddable":true,"href":"https:\/\/pressactu.com\/index.php?rest_route=\/wp\/v2\/media\/124375"}],"wp:attachment":[{"href":"https:\/\/pressactu.com\/index.php?rest_route=%2Fwp%2Fv2%2Fmedia&parent=124374"}],"wp:term":[{"taxonomy":"category","embeddable":true,"href":"https:\/\/pressactu.com\/index.php?rest_route=%2Fwp%2Fv2%2Fcategories&post=124374"},{"taxonomy":"post_tag","embeddable":true,"href":"https:\/\/pressactu.com\/index.php?rest_route=%2Fwp%2Fv2%2Ftags&post=124374"},{"taxonomy":"author","embeddable":true,"href":"https:\/\/pressactu.com\/index.php?rest_route=%2Fwp%2Fv2%2Fcoauthors&post=124374"}],"curies":[{"name":"wp","href":"https:\/\/api.w.org\/{rel}","templated":true}]}}