{"id":124370,"date":"2026-03-12T13:08:40","date_gmt":"2026-03-12T13:08:40","guid":{"rendered":"https:\/\/pressactu.com\/?p=124370"},"modified":"2026-03-12T13:08:40","modified_gmt":"2026-03-12T13:08:40","slug":"decryptage-energie-comment-les-centrales-nucleaires-operent-un-retour-en-grace-mondial","status":"publish","type":"post","link":"https:\/\/pressactu.com\/?p=124370","title":{"rendered":"DECRYPTAGE. Energie : comment les centrales nucl\u00e9aires op\u00e8rent un retour en gr\u00e2ce mondial"},"content":{"rendered":"<p>\n                                                                    <span class=\"article-full__chapo-label hide-on-small-only\">l&#8217;essentiel<\/span><br \/>\n                                                                Au sommet du nucl\u00e9aire civil organis\u00e9 \u00e0 Paris, une trentaine de pays ont d\u00e9fendu l\u2019atome comme levier de souverainet\u00e9, de d\u00e9carbonation et de comp\u00e9titivit\u00e9. Quinze ans apr\u00e8s Fukushima, l\u2019Europe admet avoir affaibli sa s\u00e9curit\u00e9 \u00e9nerg\u00e9tique en r\u00e9duisant trop vite la place du nucl\u00e9aire. La France entend transformer ce revirement en strat\u00e9gie industrielle et financi\u00e8re.\n                            <\/p>\n<div rel=\"js-article-content\">\n                                                                                                                                                            <!-- Pub DFP Position [outstream] --><\/p>\n<p>Quinze ans apr\u00e8s l\u2019accident de la centrale de Fukushima, le nucl\u00e9aire civil revient au premier plan\u00a0dans le d\u00e9bat \u00e9nerg\u00e9tique mondial. Longtemps fragilis\u00e9 par la catastrophe japonaise de 2011, le secteur b\u00e9n\u00e9ficie d\u00e9sormais d\u2019un nouvel engouement.<\/p>\n<p><!-- Pub DFP Position [article] --><\/p>\n<p>Apr\u00e8s la guerre en Ukraine qui a soulign\u00e9 la d\u00e9pendance de l\u2019Europe au p\u00e9trole russe, la guerre au Moyen-Orient, sur fond de tensions autour de l\u2019Iran, rappelle la vuln\u00e9rabilit\u00e9 persistante des \u00e9conomies d\u00e9pendantes du p\u00e9trole et du gaz. Dans ce contexte, l\u2019atome r\u00e9appara\u00eet, pour un nombre grandissant d\u2019\u00c9tats, comme une r\u00e9ponse \u00e0 trois imp\u00e9ratifs devenus indissociables\u00a0: produire une \u00e9lectricit\u00e9 d\u00e9carbon\u00e9e, r\u00e9duire les d\u00e9pendances strat\u00e9giques et s\u00e9curiser une offre abondante pour des besoins en forte hausse.<\/p>\n<p class=\"std-elt__inline\">\n        <strong>\u00c0 lire aussi :<\/strong><br \/>\n        <a href=\"\/2026\/03\/12\/entretien-nucleaire-lavantage-de-latome-cest-quil-est-a-la-fois-decarbone-et-pilotable-peut-il-garantir-notre-securite-energetique-13267185.php\">ENTRETIEN. Nucl\u00e9aire\u00a0: &#8220;L\u2019avantage de l\u2019atome, c\u2019est qu\u2019il est \u00e0 la fois d\u00e9carbon\u00e9 et pilotable\u2026&#8221; Peut-il garantir notre s\u00e9curit\u00e9 \u00e9nerg\u00e9tique\u00a0?<\/a>\n    <\/p>\n<p>C\u2019est ce renversement que le Sommet international sur l\u2019\u00e9nergie nucl\u00e9aire de Paris a voulu acter. Les pays r\u00e9unis mardi ont appel\u00e9 \u00e0 acc\u00e9l\u00e9rer l\u2019investissement public et priv\u00e9 dans le nucl\u00e9aire civil, au moment m\u00eame o\u00f9 l\u2019objectif de tripler les capacit\u00e9s mondiales d\u2019ici 2050, lanc\u00e9 \u00e0 la COP28, sert de boussole \u00e0 une partie croissante de la fili\u00e8re.<\/p>\n<p>Le mouvement d\u00e9passe d\u00e9sormais le cercle des puissances nucl\u00e9aires historiques. En effet, aux c\u00f4t\u00e9s de la France, du Royaume-Uni, du Japon ou de la Cor\u00e9e du Sud, des pays nouveaux entrants ou en phase d\u2019exploration d\u00e9fendent \u00e0 leur tour cette option, qu\u2019il s\u2019agisse de s\u00e9curiser leur d\u00e9veloppement, de diversifier leur mix \u00e9nerg\u00e9tique ou d\u2019accompagner l\u2019\u00e9lectrification de leur \u00e9conomie.<\/p>\n<p class=\"std-elt__inline\">\n        <strong>\u00c0 lire aussi :<\/strong><br \/>\n        <a href=\"\/2026\/03\/12\/golfech-la-centrale-nucleaire-candidate-du-sud-ouest-pour-deux-epr-de-troisieme-generation-13266772.php\">Golfech, la centrale nucl\u00e9aire candidate du Sud-Ouest pour deux EPR de troisi\u00e8me g\u00e9n\u00e9ration<\/a>\n    <\/p>\n<h2 class=\"txt-int\">Europe\u00a0: Von der Leyen admet une \u00ab\u00a0erreur strat\u00e9gique\u00a0\u00bb<\/h2>\n<p>Le sommet a aussi \u00e9t\u00e9 l\u2019occasion pour l\u2019Europe de faire son mea culpa. En reconnaissant que la baisse de la part du nucl\u00e9aire avait constitu\u00e9 une \u00ab\u00a0erreur strat\u00e9gique\u00a0\u00bb \u2013 elle est pass\u00e9e de 33\u00a0% \u00e0 15\u00a0% depuis 1990 \u2013 la pr\u00e9sidente de la Commission europ\u00e9enne Ursula von der Leyen a mis des mots sur ce que la crise \u00e9nerg\u00e9tique a r\u00e9v\u00e9l\u00e9 avec brutalit\u00e9\u00a0: en affaiblissant une source pilotable, bas carbone et produite sur le continent, l\u2019Union s\u2019est davantage expos\u00e9e aux importations fossiles, \u00e0 la volatilit\u00e9 des march\u00e9s et aux chocs g\u00e9opolitiques.<\/p>\n<p>Apr\u00e8s Fukushima, plusieurs pays europ\u00e9ens \u2013 et notamment l\u2019Allemagne d\u2019Angela Merkel \u2013 avaient choisi de r\u00e9duire, voire de sortir du nucl\u00e9aire, au nom du risque, de l\u2019acceptabilit\u00e9 politique et d\u2019une priorit\u00e9 donn\u00e9e \u00e0 d\u2019autres technologies. Quinze ans plus tard, cette s\u00e9quence est relue \u00e0 l\u2019aune d\u2019un autre risque, celui de la d\u00e9pendance.<\/p>\n<p class=\"std-elt__inline\">\n        <strong>\u00c0 lire aussi :<\/strong><br \/>\n        <a href=\"\/2026\/03\/12\/quinze-ans-apres-la-catastrophe-de-fukushima-le-japon-renoue-avec-le-nucleaire-13266856.php\">Quinze ans apr\u00e8s la catastrophe de Fukushima, le Japon renoue avec le nucl\u00e9aire<\/a>\n    <\/p>\n<div class=\"center-align\" rel=\"js-article-inline-img\" data-protec-aida=\"image\">\n<figure class=\"std-img\" data-src=\"https:\/\/images.ladepeche.fr\/api\/v1\/images\/view\/69b17d674ff1100b010746a2\/original\/image.png?v=1\">\n        <img decoding=\"async\" class=\"std-img__img responsive-img\" src=\"http:\/\/pressactu.com\/wp-content\/uploads\/2026\/03\/1773320920_351_image.png?v=1\" alt=\"Quinze ans apr\u00e8s Fukushima, le retour en gr\u00e2ce mondial du nucl\u00e9aire\"\/><figcaption class=\"article-full__media-infos\">\n                <span class=\"article-full__media-legend\">Quinze ans apr\u00e8s Fukushima, le retour en gr\u00e2ce mondial du nucl\u00e9aire<\/span><br \/>\n                                    <span class=\"article-full__media-author\">DDM<\/span><br \/>\n                            <\/figcaption><\/figure>\n<\/div>\n<p>Le revirement ne signifie pas un effacement des exigences de s\u00fbret\u00e9. Emmanuel Macron a au contraire insist\u00e9 sur le fait que les le\u00e7ons de Fukushima avaient conduit \u00e0 renforcer normes, contr\u00f4les et investissements. L\u2019enjeu, dans son discours, consistait moins \u00e0 tourner la page qu\u2019\u00e0 affirmer qu\u2019un nucl\u00e9aire plus s\u00fbr peut redevenir un pilier \u00e9nerg\u00e9tique.<\/p>\n<p>Pour Paris, l\u2019atome n\u2019est, en effet, pas seulement un outil climatique mais un instrument de souverainet\u00e9, parce qu\u2019il permet de produire sur le sol national une \u00e9lectricit\u00e9 pilotable, comp\u00e9titive et peu \u00e9mettrice. Il est aussi un choix industriel, alors que l\u2019\u00e9lectrification des usages doit s\u2019acc\u00e9l\u00e9rer et que l\u2019essor de l\u2019intelligence artificielle, des centres de donn\u00e9es ou de l\u2019hydrog\u00e8ne accro\u00eet la demande d\u2019\u00e9lectricit\u00e9.<\/p>\n<p class=\"std-elt__inline\">\n        <strong>\u00c0 lire aussi :<\/strong><br \/>\n        <a href=\"\/2026\/03\/12\/emmanuel-macron-a-la-centrale-de-penly-pour-faire-un-point-detape-sur-la-relance-du-nucleaire-francais-13266784.php\">Emmanuel Macron \u00e0 la centrale de Penly pour faire un point d\u2019\u00e9tape sur la relance du nucl\u00e9aire fran\u00e7ais<\/a>\n    <\/p>\n<p>La France veut donc pousser un agenda complet\u00a0: prolonger et moderniser l\u2019existant, lancer de nouveaux r\u00e9acteurs, soutenir les petits r\u00e9acteurs modulaires, financer la fili\u00e8re, renforcer les comp\u00e9tences et structurer une cha\u00eene industrielle europ\u00e9enne. Le chef de l\u2019\u00c9tat a plaid\u00e9 pour une neutralit\u00e9 technologique r\u00e9elle dans les r\u00e8gles europ\u00e9ennes, pour l\u2019extension des soutiens publics et pour des m\u00e9canismes de financement capables de partager le risque entre \u00c9tats et capitaux priv\u00e9s. EDF a d\u2019ailleurs annonc\u00e9 la cr\u00e9ation d\u2019une instance destin\u00e9e \u00e0 structurer le financement des projets civils \u00e0 l\u2019international, signe que la bataille du nucl\u00e9aire se joue aussi sur le terrain financier.<\/p>\n<h2 class=\"txt-int\">Le nucl\u00e9aire\u00a0: une industrie longue, lourde et co\u00fbteuse<\/h2>\n<p>Cette dimension est d\u00e9cisive car si le nucl\u00e9aire revient en gr\u00e2ce, il reste une industrie lourde et co\u00fbteuse. Les besoins mondiaux sont effectivement massifs\u00a0: plus de 1\u00a0000\u00a0milliards de dollars d\u2019investissements seraient n\u00e9cessaires d\u2019ici 2050. L\u2019enjeu est d\u2019autant plus important que le nucl\u00e9aire repr\u00e9sente d\u00e9j\u00e0 10\u00a0% de l\u2019\u00e9lectricit\u00e9 mondiale, avec environ 450 r\u00e9acteurs en exploitation, tout en \u00e9vitant chaque ann\u00e9e 2\u00a0milliards de tonnes de CO2. Pour ses d\u00e9fenseurs, sans redressement de l\u2019investissement, la relance affich\u00e9e restera un discours.<\/p>\n<p>Reste que le mouvement engag\u00e9 \u00e0 Paris traduit une \u00e9volution profonde. Le nucl\u00e9aire n\u2019est plus pr\u00e9sent\u00e9 comme une \u00e9nergie du pass\u00e9, mais comme l\u2019un des outils de la transition \u00e9nerg\u00e9tique, aux c\u00f4t\u00e9s des renouvelables \u2013 qui restent \u00e9videmment indispensables. En France, cette lecture \u00e9pouse une logique de puissance\u00a0: disposer d\u2019une \u00e9lectricit\u00e9 abondante, bas carbone et nationale pour d\u00e9carboner plus vite, importer moins d\u2019\u00e9nergies fossiles et r\u00e9pondre \u00e0 la demande future.<\/p>\n<\/p><\/div>\n<p><a href=\"https:\/\/www.ladepeche.fr\/2026\/03\/12\/quinze-ans-apres-fukushima-le-retour-en-grace-mondial-du-nucleaire-13266760.php\">source<\/a><\/p>\n","protected":false},"excerpt":{"rendered":"<p>l&#8217;essentiel Au sommet du nucl\u00e9aire civil organis\u00e9 \u00e0 Paris, une trentaine de pays ont d\u00e9fendu l\u2019atome comme levier de souverainet\u00e9, de d\u00e9carbonation et de comp\u00e9titivit\u00e9. Quinze ans apr\u00e8s Fukushima, l\u2019Europe admet avoir affaibli sa s\u00e9curit\u00e9 \u00e9nerg\u00e9tique en r\u00e9duisant trop vite la place du nucl\u00e9aire. La France entend transformer ce revirement en strat\u00e9gie industrielle et financi\u00e8re. [&hellip;]<\/p>\n","protected":false},"author":1,"featured_media":124371,"comment_status":"open","ping_status":"open","sticky":false,"template":"","format":"standard","meta":{"_monsterinsights_skip_tracking":false,"_monsterinsights_sitenote_active":false,"_monsterinsights_sitenote_note":"","_monsterinsights_sitenote_category":0,"footnotes":""},"categories":[74],"tags":[],"coauthors":[77],"class_list":["post-124370","post","type-post","status-publish","format-standard","has-post-thumbnail","hentry","category-economie"],"aioseo_notices":[],"_links":{"self":[{"href":"https:\/\/pressactu.com\/index.php?rest_route=\/wp\/v2\/posts\/124370","targetHints":{"allow":["GET"]}}],"collection":[{"href":"https:\/\/pressactu.com\/index.php?rest_route=\/wp\/v2\/posts"}],"about":[{"href":"https:\/\/pressactu.com\/index.php?rest_route=\/wp\/v2\/types\/post"}],"author":[{"embeddable":true,"href":"https:\/\/pressactu.com\/index.php?rest_route=\/wp\/v2\/users\/1"}],"replies":[{"embeddable":true,"href":"https:\/\/pressactu.com\/index.php?rest_route=%2Fwp%2Fv2%2Fcomments&post=124370"}],"version-history":[{"count":0,"href":"https:\/\/pressactu.com\/index.php?rest_route=\/wp\/v2\/posts\/124370\/revisions"}],"wp:featuredmedia":[{"embeddable":true,"href":"https:\/\/pressactu.com\/index.php?rest_route=\/wp\/v2\/media\/124371"}],"wp:attachment":[{"href":"https:\/\/pressactu.com\/index.php?rest_route=%2Fwp%2Fv2%2Fmedia&parent=124370"}],"wp:term":[{"taxonomy":"category","embeddable":true,"href":"https:\/\/pressactu.com\/index.php?rest_route=%2Fwp%2Fv2%2Fcategories&post=124370"},{"taxonomy":"post_tag","embeddable":true,"href":"https:\/\/pressactu.com\/index.php?rest_route=%2Fwp%2Fv2%2Ftags&post=124370"},{"taxonomy":"author","embeddable":true,"href":"https:\/\/pressactu.com\/index.php?rest_route=%2Fwp%2Fv2%2Fcoauthors&post=124370"}],"curies":[{"name":"wp","href":"https:\/\/api.w.org\/{rel}","templated":true}]}}