{"id":124365,"date":"2026-03-12T11:47:13","date_gmt":"2026-03-12T11:47:13","guid":{"rendered":"https:\/\/pressactu.com\/?p=124365"},"modified":"2026-03-12T11:47:13","modified_gmt":"2026-03-12T11:47:13","slug":"france-angleterre-anthony-jelonch-touche-et-forfait-pour-le-dernier-match-decisif-du-tournoi-des-6-nations","status":"publish","type":"post","link":"https:\/\/pressactu.com\/?p=124365","title":{"rendered":"France \u2013 Angleterre\u00a0: Anthony Jelonch touch\u00e9 et forfait pour le dernier match d\u00e9cisif du Tournoi des 6 Nations"},"content":{"rendered":"<p>\n                                                                    <span class=\"article-full__chapo-label hide-on-small-only\">l&#8217;essentiel<\/span><br \/>\n                                                                Le troisi\u00e8me ligne Anthony Jelonch, bless\u00e9, va manquer le dernier match du Tournoi des 6 Nations, d\u00e9cisif pour le titre, face \u00e0 l\u2019Angleterre, ce samedi 14\u00a0mars.\n                            <\/p>\n<div rel=\"js-article-content\">\n                                                                                                                                                            <!-- Pub DFP Position [outstream] --><\/p>\n<p>Ce samedi 14\u00a0mars, la France va tenter de conserver son titre dans le Tournoi des 6 Nations, mais elle sera priv\u00e9e de l\u2019un de ses joueurs majeurs, Anthony Jelonch. Le troisi\u00e8me ligne du Stade Toulousain est en effet forfait pour ce dernier match, comme annonc\u00e9 par<a href=\"https:\/\/www.lequipe.fr\/Rugby\/Actualites\/Anthony-jelonch-forfait-pour-france-angleterre-temo-matiu-va-connaitre-sa-premiere-selection\/1658787\" target=\"_self\"> L\u2019\u00c9quipe<\/a>. Le Gersois avait \u00e9t\u00e9 contraint de quitter la pelouse de Murrayfield, dimanche dernier lors de <a href=\"https:\/\/www.ladepeche.fr\/2026\/03\/07\/direct-ecosse-france-balle-de-match-pour-les-bleus-qui-peuvent-deja-conserver-leur-titre-suivez-le-choc-du-tournoi-des-vi-nations-en-live-13259931.php\" target=\"_self\">la d\u00e9faite des Bleus en \u00c9cosse<\/a>, apr\u00e8s ne pas avoir r\u00e9pondu favorablement \u00e0 un protocole commotion au d\u00e9but de la deuxi\u00e8me mi-temps. Mais selon<a href=\"https:\/\/www.rugbyrama.fr\/2026\/03\/12\/tournoi-des-6-nations-touche-aux-ischio-jambiers-anthony-jelonch-forfait-temo-matiu-pourrait-le-remplacer-face-a-langleterre-13268066.php\" target=\"_self\"> Rugbyrama<\/a>, alors que Jelonch s\u2019est entra\u00een\u00e9 normalement au cours de la semaine, c\u2019est une g\u00eane\u00a0aux ischio-jambiers qui va l\u2019\u00e9loigner du terrain du Stade de France ce samedi.<\/p>\n<p><!-- Pub DFP Position [article] --><\/p>\n<p class=\"std-elt__inline\">\n        <strong>\u00c0 lire aussi :<\/strong><br \/>\n        <a href=\"\/2026\/03\/11\/xv-de-france-fin-de-tournoi-pour-oscar-jegou-on-connait-la-suspension-du-francais-apres-sa-fourchette-durant-decosse-france-13264503.php\">XV de France\u00a0: fin de Tournoi pour Oscar Jegou\u00a0! On conna\u00eet la suspension du Fran\u00e7ais apr\u00e8s sa &#8220;fourchette&#8221; durant Ecosse-France<\/a>\n    <\/p>\n<p>Selon nos confr\u00e8res, le staff tricolore a d\u00e9cid\u00e9, pour remplacer le Stadiste, de s\u2019appuyer sur le Bordelo-B\u00e9glais Temo Matiu (24 ans), qui devrait conna\u00eetre sa premi\u00e8re s\u00e9lection aux c\u00f4t\u00e9s de Charles Ollivon et de Fran\u00e7ois Cros, dans une troisi\u00e8me ligne d\u00e9j\u00e0 priv\u00e9e d\u2019Oscar Jegou, suspendu quatre semaines pour une &#8220;fourchette&#8221; r\u00e9alis\u00e9e sur l\u2019\u00c9cossais\u00a0Ewan Ashman le week-end dernier.<\/p>\n<p class=\"std-elt__inline\">\n        <strong>\u00c0 lire aussi :<\/strong><br \/>\n        <a href=\"\/2026\/03\/11\/tournoi-des-6-nations-antoine-dupont-est-touche-apres-la-defaite-contre-lecosse-william-servat-donne-des-nouvelles-des-bleus-13266963.php\">Tournoi des 6 Nations\u00a0: &#8220;Antoine Dupont est touch\u00e9\u2026&#8221; Apr\u00e8s la d\u00e9faite contre l\u2019\u00c9cosse, William Servat donne des nouvelles des Bleus<\/a>\n    <\/p>\n<p>Fabien Galthi\u00e9 annoncera ce jeudi \u00e0 11\u00a0heures la composition d\u2019\u00e9quipe qui d\u00e9fiera l\u2019Angleterre samedi soir \u00e0 Saint-Denis.<\/p>\n<\/p><\/div>\n<p><a href=\"https:\/\/www.ladepeche.fr\/2026\/03\/12\/france-angleterre-anthony-jelonch-touche-et-forfait-pour-le-dernier-match-decisif-du-tournoi-des-6-nations-13268105.php\">source<\/a><\/p>\n","protected":false},"excerpt":{"rendered":"<p>l&#8217;essentiel Le troisi\u00e8me ligne Anthony Jelonch, bless\u00e9, va manquer le dernier match du Tournoi des 6 Nations, d\u00e9cisif pour le titre, face \u00e0 l\u2019Angleterre, ce samedi 14\u00a0mars. Ce samedi 14\u00a0mars, la France va tenter de conserver son titre dans le Tournoi des 6 Nations, mais elle sera priv\u00e9e de l\u2019un de ses joueurs majeurs, Anthony [&hellip;]<\/p>\n","protected":false},"author":1,"featured_media":124366,"comment_status":"open","ping_status":"open","sticky":false,"template":"","format":"standard","meta":{"_monsterinsights_skip_tracking":false,"_monsterinsights_sitenote_active":false,"_monsterinsights_sitenote_note":"","_monsterinsights_sitenote_category":0,"footnotes":""},"categories":[1],"tags":[],"coauthors":[77],"class_list":["post-124365","post","type-post","status-publish","format-standard","has-post-thumbnail","hentry","category-a-la-une"],"aioseo_notices":[],"_links":{"self":[{"href":"https:\/\/pressactu.com\/index.php?rest_route=\/wp\/v2\/posts\/124365","targetHints":{"allow":["GET"]}}],"collection":[{"href":"https:\/\/pressactu.com\/index.php?rest_route=\/wp\/v2\/posts"}],"about":[{"href":"https:\/\/pressactu.com\/index.php?rest_route=\/wp\/v2\/types\/post"}],"author":[{"embeddable":true,"href":"https:\/\/pressactu.com\/index.php?rest_route=\/wp\/v2\/users\/1"}],"replies":[{"embeddable":true,"href":"https:\/\/pressactu.com\/index.php?rest_route=%2Fwp%2Fv2%2Fcomments&post=124365"}],"version-history":[{"count":0,"href":"https:\/\/pressactu.com\/index.php?rest_route=\/wp\/v2\/posts\/124365\/revisions"}],"wp:featuredmedia":[{"embeddable":true,"href":"https:\/\/pressactu.com\/index.php?rest_route=\/wp\/v2\/media\/124366"}],"wp:attachment":[{"href":"https:\/\/pressactu.com\/index.php?rest_route=%2Fwp%2Fv2%2Fmedia&parent=124365"}],"wp:term":[{"taxonomy":"category","embeddable":true,"href":"https:\/\/pressactu.com\/index.php?rest_route=%2Fwp%2Fv2%2Fcategories&post=124365"},{"taxonomy":"post_tag","embeddable":true,"href":"https:\/\/pressactu.com\/index.php?rest_route=%2Fwp%2Fv2%2Ftags&post=124365"},{"taxonomy":"author","embeddable":true,"href":"https:\/\/pressactu.com\/index.php?rest_route=%2Fwp%2Fv2%2Fcoauthors&post=124365"}],"curies":[{"name":"wp","href":"https:\/\/api.w.org\/{rel}","templated":true}]}}