{"id":124355,"date":"2026-03-12T09:47:47","date_gmt":"2026-03-12T09:47:47","guid":{"rendered":"https:\/\/pressactu.com\/?p=124355"},"modified":"2026-03-12T09:47:47","modified_gmt":"2026-03-12T09:47:47","slug":"avec-son-projet-lancien-boxeur-gildas-gracia-veut-remettre-de-lhumain-dans-sa-future-salle-de-sport-non-loin-dagen","status":"publish","type":"post","link":"https:\/\/pressactu.com\/?p=124355","title":{"rendered":"Avec son projet, l\u2019ancien boxeur Gildas Gracia veut &quot;remettre de l\u2019humain&quot; dans sa future salle de sport, non loin d\u2019Agen"},"content":{"rendered":"<p>\n                                                                    <span class=\"article-full__chapo-label hide-on-small-only\">l&#8217;essentiel<\/span><br \/>\n                                                                Ancien boxeur professionnel, Gildas Gracia pr\u00e9pare l\u2019ouverture d\u2019une salle de sport de 950 m\u00b2 \u00e0 Foulayronnes, pr\u00e8s d\u2019Agen. Un projet m\u00fbri pendant quatre ans, qu\u2019il pr\u00e9sente comme &#8220;l\u2019aboutissement&#8221; de sa vie dans le sport.\n                            <\/p>\n<div rel=\"js-article-content\" data-state=\"fixed-height\" data-selection=\"disabled\">\n                                                                                                                                                            <!-- Pub DFP Position [outstream] --><\/p>\n<p>&#8220;Je veux remettre de l\u2019humain dans les salles de sport.&#8221;\u00a0Au milieu du vaste b\u00e2timent encore vide, Gildas Gracia esquisse d\u00e9j\u00e0 les contours de son futur projet. \u00c0\u00a0Foulayronnes, pr\u00e8s d\u2019Agen, l\u2019ancien boxeur professionnel de 47 ans esp\u00e8re ouvrir, en septembre, une salle de sport de 950 m\u00b2. La date d\u00e9pendra toutefois de l\u2019avanc\u00e9e des travaux, qui devraient durer environ deux mois et demi.<\/p>\n<p><!-- Pub DFP Position [article] --><\/p>\n<p>Pour l\u2019instant, les lieux ressemblent davantage \u00e0 un chantier qu\u2019\u00e0 un complexe sportif. Les murs doivent encore \u00eatre repeints et les \u00e9quipements install\u00e9s. Pourtant, Gildas Gracia imagine d\u00e9j\u00e0 l\u2019organisation des lieux. &#8220;L\u00e0, il y aura la salle de cours collectifs, environ 143 m\u00b2. Et de ce c\u00f4t\u00e9, toute la partie boxe et hyrox&#8221;, d\u00e9crit-il en d\u00e9signant les diff\u00e9rents volumes du b\u00e2timent.<\/p>\n<h2 class=\"txt-int\">Un projet m\u00fbri pendant quatre ans<\/h2>\n<p>L\u2019id\u00e9e ne date pas d\u2019hier. &#8220;\u00c7a fait quatre ans que je suis sur le projet&#8221;, explique l\u2019ancien boxeur. Le nom de la salle n\u2019a d\u2019ailleurs pas encore \u00e9t\u00e9 d\u00e9voil\u00e9. &#8220;C\u2019est encore top secret, c\u2019est une histoire de famille&#8221;, sourit-il.<\/p>\n<p>Pour Gildas Gracia, ce projet repr\u00e9sente un tournant. &#8220;C\u2019est un aboutissement pour moi parce que j\u2019ai toujours \u00e9t\u00e9 dans le sport&#8221;, assure-t-il. \u00c9lev\u00e9 dans l\u2019univers de la boxe \u2013 son p\u00e8re \u00e9tait lui aussi champion \u2013 il a men\u00e9 une carri\u00e8re sur les rings avant de se reconvertir.\u00a0Ces derni\u00e8res ann\u00e9es, il s\u2019est lanc\u00e9 dans le coaching sportif \u00e0 domicile, activit\u00e9 qu\u2019il exerce depuis 2020. Il a \u00e9galement connu une premi\u00e8re exp\u00e9rience entrepreneuriale avec un kiosque \u00e0 pizza.<\/p>\n<h2 class=\"txt-int\">Boxe, musculation et nouvelles disciplines<\/h2>\n<p>Le futur complexe se veut g\u00e9n\u00e9raliste. Sur pr\u00e8s de 1\u00a0000 m\u00b2, les pratiquants devraient trouver diff\u00e9rents espaces d\u2019entra\u00eenement. Le projet pr\u00e9voit 40 machines de musculation et 19 appareils de cardio, ainsi qu\u2019un ring de boxe.<\/p>\n<p>Une mezzanine de 150 m\u00b2 doit \u00e9galement \u00eatre am\u00e9nag\u00e9e pour les machines cardio et une salle de bike performance.\u00a0Au total, plusieurs activit\u00e9s seront propos\u00e9es\u00a0: musculation, cours collectifs, RPM, boxe anglaise ou encore hyrox.\u00a0Cette discipline, encore peu connue, m\u00eale course \u00e0 pied et exercices physiques en s\u00e9ries. &#8220;On part courir un kilom\u00e8tre, on revient faire une station, puis on repart. Et \u00e7a pendant huit kilom\u00e8tres&#8221;, d\u00e9taille Gildas Gracia.<\/p>\n<h2 class=\"txt-int\">&#8220;Revenir aux choses essentielles&#8221;<\/h2>\n<p>Au-del\u00e0 des \u00e9quipements, l\u2019ancien boxeur insiste surtout sur la philosophie du lieu. Selon lui, certaines salles ont perdu le contact avec les pratiquants.\u00a0&#8220;Avec toutes les franchises qu\u2019il y a aujourd\u2019hui, il n\u2019y a plus de suivi, plus de dialogue&#8221;, estime-t-il.<\/p>\n<p>Dans sa salle, il compte \u00eatre pr\u00e9sent pour accompagner les adh\u00e9rents.\u00a0Selon lui, les r\u00e9seaux sociaux peuvent parfois induire en erreur. &#8220;Les gens regardent et essayent de faire pareil, mais ce n\u2019est pas forc\u00e9ment bon. On peut se blesser si on fait mal les mouvements&#8221;, explique-t-il.<\/p>\n<h2 class=\"txt-int\">Un projet tourn\u00e9 vers le territoire<\/h2>\n<p>Le choix de Foulayronnes s\u2019inscrit aussi dans une logique locale. &#8220;Je suis un pur Agenais, je suis tr\u00e8s fier de monter ce projet ici&#8221;, assure-t-il.\u00a0Selon lui, le secteur entre Agen et Villeneuve-sur-Lot manque de structures sportives de grande taille.<\/p>\n<p>\u00c0 terme, Gildas Gracia esp\u00e8re accueillir 1\u00a0000\u00a0et 2\u00a0000 adh\u00e9rents. Des \u00e9v\u00e9nements sportifs pourraient aussi \u00eatre organis\u00e9s \u00e0 l\u2019avenir, m\u00eame si leur forme reste encore \u00e0 d\u00e9finir.\u00a0Dans le b\u00e2timent encore vide, l\u2019ancien boxeur imagine d\u00e9j\u00e0 l\u2019ambiance des lieux. &#8220;Je veux cr\u00e9er quelque chose de convivial et familial. Un endroit o\u00f9 les gens viennent aussi pour se retrouver.&#8221;<\/p>\n<\/p><\/div>\n<p><a href=\"https:\/\/www.ladepeche.fr\/2026\/03\/12\/avec-son-projet-lancien-boxeur-gildas-gracia-veut-remettre-de-lhumain-dans-sa-future-salle-de-sport-non-loin-dagen-13266433.php\">source<\/a><\/p>\n","protected":false},"excerpt":{"rendered":"<p>l&#8217;essentiel Ancien boxeur professionnel, Gildas Gracia pr\u00e9pare l\u2019ouverture d\u2019une salle de sport de 950 m\u00b2 \u00e0 Foulayronnes, pr\u00e8s d\u2019Agen. Un projet m\u00fbri pendant quatre ans, qu\u2019il pr\u00e9sente comme &#8220;l\u2019aboutissement&#8221; de sa vie dans le sport. &#8220;Je veux remettre de l\u2019humain dans les salles de sport.&#8221;\u00a0Au milieu du vaste b\u00e2timent encore vide, Gildas Gracia esquisse d\u00e9j\u00e0 [&hellip;]<\/p>\n","protected":false},"author":1,"featured_media":124356,"comment_status":"open","ping_status":"open","sticky":false,"template":"","format":"standard","meta":{"_monsterinsights_skip_tracking":false,"_monsterinsights_sitenote_active":false,"_monsterinsights_sitenote_note":"","_monsterinsights_sitenote_category":0,"footnotes":""},"categories":[71],"tags":[],"coauthors":[77],"class_list":["post-124355","post","type-post","status-publish","format-standard","has-post-thumbnail","hentry","category-sport"],"aioseo_notices":[],"_links":{"self":[{"href":"https:\/\/pressactu.com\/index.php?rest_route=\/wp\/v2\/posts\/124355","targetHints":{"allow":["GET"]}}],"collection":[{"href":"https:\/\/pressactu.com\/index.php?rest_route=\/wp\/v2\/posts"}],"about":[{"href":"https:\/\/pressactu.com\/index.php?rest_route=\/wp\/v2\/types\/post"}],"author":[{"embeddable":true,"href":"https:\/\/pressactu.com\/index.php?rest_route=\/wp\/v2\/users\/1"}],"replies":[{"embeddable":true,"href":"https:\/\/pressactu.com\/index.php?rest_route=%2Fwp%2Fv2%2Fcomments&post=124355"}],"version-history":[{"count":0,"href":"https:\/\/pressactu.com\/index.php?rest_route=\/wp\/v2\/posts\/124355\/revisions"}],"wp:featuredmedia":[{"embeddable":true,"href":"https:\/\/pressactu.com\/index.php?rest_route=\/wp\/v2\/media\/124356"}],"wp:attachment":[{"href":"https:\/\/pressactu.com\/index.php?rest_route=%2Fwp%2Fv2%2Fmedia&parent=124355"}],"wp:term":[{"taxonomy":"category","embeddable":true,"href":"https:\/\/pressactu.com\/index.php?rest_route=%2Fwp%2Fv2%2Fcategories&post=124355"},{"taxonomy":"post_tag","embeddable":true,"href":"https:\/\/pressactu.com\/index.php?rest_route=%2Fwp%2Fv2%2Ftags&post=124355"},{"taxonomy":"author","embeddable":true,"href":"https:\/\/pressactu.com\/index.php?rest_route=%2Fwp%2Fv2%2Fcoauthors&post=124355"}],"curies":[{"name":"wp","href":"https:\/\/api.w.org\/{rel}","templated":true}]}}