{"id":124353,"date":"2026-03-12T09:47:46","date_gmt":"2026-03-12T09:47:46","guid":{"rendered":"https:\/\/pressactu.com\/?p=124353"},"modified":"2026-03-12T09:47:46","modified_gmt":"2026-03-12T09:47:46","slug":"emploi-a-agen-un-forum-avec-plus-de-700-offres-aura-lieu-au-stadium-dagen","status":"publish","type":"post","link":"https:\/\/pressactu.com\/?p=124353","title":{"rendered":"Emploi \u00e0 Agen\u00a0: un forum avec plus de 700 offres aura lieu au stadium d\u2019Agen"},"content":{"rendered":"<p>\n                                                                    <span class=\"article-full__chapo-label hide-on-small-only\">l&#8217;essentiel<\/span><br \/>\n                                                                La 26\u1d49 \u00e9dition du forum &#8220;Jobs d\u2019\u00e9t\u00e9 et bien +&#8221; se tiendra samedi 14\u00a0mars au stadium municipal d\u2019Agen. Organis\u00e9 par le Point Jeunes de la Ville, l\u2019\u00e9v\u00e9nement doit proposer plus de 700 offres saisonni\u00e8res et plusieurs pistes pour partir \u00e0 l\u2019\u00e9tranger ou s\u2019engager.\n                            <\/p>\n<div rel=\"js-article-content\">\n                                                                                                                                                            <!-- Pub DFP Position [outstream] --><\/p>\n<p>Trouver un emploi pour l\u2019\u00e9t\u00e9, pr\u00e9parer un d\u00e9part \u00e0 l\u2019\u00e9tranger ou d\u00e9couvrir des formes d\u2019engagement\u00a0: c\u2019est l\u2019objectif du forum &#8220;Jobs d\u2019\u00e9t\u00e9 et bien +&#8221;, organis\u00e9 par le Point Jeunes de la Ville d\u2019Agen. La 26e\u00a0\u00e9dition se tiendra samedi 14\u00a0mars, de 14\u00a0heures \u00e0 17\u00a0h\u00a030, au stadium municipal.<\/p>\n<p><!-- Pub DFP Position [article] --><\/p>\n<p class=\"std-elt__inline\">\n        <strong>\u00c0 lire aussi :<\/strong><br \/>\n        <a href=\"\/2026\/03\/10\/solidarite-etudiante-des-chefs-etoiles-cuisinent-pour-les-internes-du-centre-hospitalier-dagen-13262589.php\">Solidarit\u00e9\u00a0\u00e9tudiante\u00a0: des chefs \u00e9toil\u00e9s cuisinent pour les internes du centre hospitalier d\u2019Agen<\/a>\n    <\/p>\n<p>Selon les organisateurs, plus de 800 jeunes sont attendus pour cet \u00e9v\u00e9nement qui vise \u00e0 &#8220;faciliter les recherches d\u2019emplois saisonniers et de missions d\u2019engagement citoyennes mais aussi \u00e0 d\u00e9couvrir les diff\u00e9rentes formules pour partir \u00e0 l\u2019\u00e9tranger&#8221;.<\/p>\n<h2 class=\"txt-int\">Des centaines d\u2019emplois \u00e0 pourvoir<\/h2>\n<p>Le p\u00f4le consacr\u00e9 aux jobs d\u2019\u00e9t\u00e9 rassemblera 30 entreprises, associations ou organismes. Animation, tourisme, restauration, grande distribution, agriculture ou logistique\u00a0: plusieurs secteurs seront repr\u00e9sent\u00e9s.<\/p>\n<p class=\"std-elt__inline\">\n        <strong>\u00c0 lire aussi :<\/strong><br \/>\n        <a href=\"\/2026\/02\/27\/lobjectif-est-deffectuer-lequivalent-dun-marathon-par-jour-durant-quatre-mois-un-etudiant-agenais-sapprete-a-traverser-le-vietnam-en-courant-13246389.php\">&#8220;L\u2019objectif est d\u2019effectuer l\u2019\u00e9quivalent d\u2019un marathon par jour, durant quatre mois&#8221;\u00a0: un \u00e9tudiant agenais s\u2019appr\u00eate \u00e0 traverser le Vietnam en courant<\/a>\n    <\/p>\n<p>Au total, &#8220;plus de 745 offres d\u2019emplois saisonniers&#8221;\u00a0pourraient \u00eatre propos\u00e9es, indique la Ville d\u2019Agen. Si le forum s\u2019adresse principalement aux jeunes majeurs, certaines entreprises recrutent d\u00e8s 16 ans, notamment dans l\u2019animation, l\u2019agriculture ou la restauration. Pour aider les candidats, un conseiller de la Mission Locale sera pr\u00e9sent afin d\u2019accompagner la r\u00e9daction de CV ou la pr\u00e9paration aux entretiens.<\/p>\n<h2 class=\"txt-int\">Partir \u00e0 l\u2019\u00e9tranger ou s\u2019engager<\/h2>\n<p>Un espace sera \u00e9galement d\u00e9di\u00e9 aux projets de mobilit\u00e9 internationale. Sept organismes informeront les jeunes sur les s\u00e9jours linguistiques, les stages, le volontariat ou encore les programmes au pair. Pour les organisateurs, &#8220;une exp\u00e9rience \u00e0 l\u2019\u00e9tranger est aujourd\u2019hui valoris\u00e9e lors d\u2019une recherche d\u2019emploi&#8221;.<\/p>\n<p class=\"std-elt__inline\">\n        <strong>\u00c0 lire aussi :<\/strong><br \/>\n        <a href=\"\/2026\/03\/07\/je-saute-parfois-des-repas-si-je-nai-pas-assez-dargent-a-agen-certains-etudiants-vivent-avec-moins-de-100-euros-par-mois-13258263.php\">&#8220;\u202fJe saute parfois des repas si je n\u2019ai pas assez d\u2019argent&#8221;\u00a0: \u00e0 Agen, certains \u00e9tudiants vivent avec moins de 100\u00a0euros par mois<\/a>\n    <\/p>\n<p>Le forum mettra aussi en avant l\u2019engagement citoyen. La Ville d\u2019Agen pr\u00e9sentera notamment six chantiers jeunes destin\u00e9s aux 14-17 ans, m\u00ealant travaux utiles pour des associations locales et activit\u00e9s de loisirs. D\u2019autres dispositifs seront \u00e9galement pr\u00e9sent\u00e9s, comme le service civique, tandis que la Croix-Rouge proposera des missions de b\u00e9n\u00e9volat et deux postes en service civique.<\/p>\n<\/p><\/div>\n<p><a href=\"https:\/\/www.ladepeche.fr\/2026\/03\/12\/emploi-a-agen-un-forum-avec-plus-de-700-offres-aura-lieu-au-stadium-dagen-13266483.php\">source<\/a><\/p>\n","protected":false},"excerpt":{"rendered":"<p>l&#8217;essentiel La 26\u1d49 \u00e9dition du forum &#8220;Jobs d\u2019\u00e9t\u00e9 et bien +&#8221; se tiendra samedi 14\u00a0mars au stadium municipal d\u2019Agen. Organis\u00e9 par le Point Jeunes de la Ville, l\u2019\u00e9v\u00e9nement doit proposer plus de 700 offres saisonni\u00e8res et plusieurs pistes pour partir \u00e0 l\u2019\u00e9tranger ou s\u2019engager. Trouver un emploi pour l\u2019\u00e9t\u00e9, pr\u00e9parer un d\u00e9part \u00e0 l\u2019\u00e9tranger ou [&hellip;]<\/p>\n","protected":false},"author":1,"featured_media":124354,"comment_status":"open","ping_status":"open","sticky":false,"template":"","format":"standard","meta":{"_monsterinsights_skip_tracking":false,"_monsterinsights_sitenote_active":false,"_monsterinsights_sitenote_note":"","_monsterinsights_sitenote_category":0,"footnotes":""},"categories":[74],"tags":[],"coauthors":[77],"class_list":["post-124353","post","type-post","status-publish","format-standard","has-post-thumbnail","hentry","category-economie"],"aioseo_notices":[],"_links":{"self":[{"href":"https:\/\/pressactu.com\/index.php?rest_route=\/wp\/v2\/posts\/124353","targetHints":{"allow":["GET"]}}],"collection":[{"href":"https:\/\/pressactu.com\/index.php?rest_route=\/wp\/v2\/posts"}],"about":[{"href":"https:\/\/pressactu.com\/index.php?rest_route=\/wp\/v2\/types\/post"}],"author":[{"embeddable":true,"href":"https:\/\/pressactu.com\/index.php?rest_route=\/wp\/v2\/users\/1"}],"replies":[{"embeddable":true,"href":"https:\/\/pressactu.com\/index.php?rest_route=%2Fwp%2Fv2%2Fcomments&post=124353"}],"version-history":[{"count":0,"href":"https:\/\/pressactu.com\/index.php?rest_route=\/wp\/v2\/posts\/124353\/revisions"}],"wp:featuredmedia":[{"embeddable":true,"href":"https:\/\/pressactu.com\/index.php?rest_route=\/wp\/v2\/media\/124354"}],"wp:attachment":[{"href":"https:\/\/pressactu.com\/index.php?rest_route=%2Fwp%2Fv2%2Fmedia&parent=124353"}],"wp:term":[{"taxonomy":"category","embeddable":true,"href":"https:\/\/pressactu.com\/index.php?rest_route=%2Fwp%2Fv2%2Fcategories&post=124353"},{"taxonomy":"post_tag","embeddable":true,"href":"https:\/\/pressactu.com\/index.php?rest_route=%2Fwp%2Fv2%2Ftags&post=124353"},{"taxonomy":"author","embeddable":true,"href":"https:\/\/pressactu.com\/index.php?rest_route=%2Fwp%2Fv2%2Fcoauthors&post=124353"}],"curies":[{"name":"wp","href":"https:\/\/api.w.org\/{rel}","templated":true}]}}