{"id":124344,"date":"2026-03-12T08:06:41","date_gmt":"2026-03-12T08:06:41","guid":{"rendered":"https:\/\/pressactu.com\/?p=124344"},"modified":"2026-03-12T08:06:41","modified_gmt":"2026-03-12T08:06:41","slug":"golfech-la-centrale-nucleaire-candidate-du-sud-ouest-pour-deux-epr-de-troisieme-generation","status":"publish","type":"post","link":"https:\/\/pressactu.com\/?p=124344","title":{"rendered":"Golfech, la centrale nucl\u00e9aire candidate du Sud-Ouest pour deux EPR de troisi\u00e8me g\u00e9n\u00e9ration"},"content":{"rendered":"<p>\n                                                                    <span class=\"article-full__chapo-label hide-on-small-only\">l&#8217;essentiel<\/span><br \/>\n                                                                Le site de Golfech, seule centrale d\u2019Occitanie, est candidat pour l\u2019accueil d\u2019une paire de r\u00e9acteurs EPR de nouvelle g\u00e9n\u00e9ration. La d\u00e9cision est attendue fin 2026.\n                            <\/p>\n<div rel=\"js-article-content\" data-state=\"fixed-height\" data-selection=\"disabled\">\n                                                                                                                                                            <!-- Pub DFP Position [outstream] --><\/p>\n<p>\u00c0 Golfech, dans le Tarn-et-Garonne, en bord de Garonne, l\u2019atome est depuis longtemps install\u00e9 dans le paysage. C\u2019est en 1991 que le premier r\u00e9acteur de la centrale nucl\u00e9aire est entr\u00e9 en service. Le second a suivi rapidement apr\u00e8s, en 1994. En 2025, la centrale de Golfech a produit 11,4 t\u00e9rawattheures (TWh), soit l\u2019\u00e9quivalent de la consommation de 2,3\u00a0millions de foyers fran\u00e7ais. Cela repr\u00e9sente le tiers de la consommation de la r\u00e9gion Occitanie. Des chiffres qui font de la centrale de Golfech une pi\u00e8ce centrale de la production d\u2019\u00e9lectricit\u00e9 en France.<\/p>\n<p><!-- Pub DFP Position [article] --><\/p>\n<p class=\"std-elt__inline\">\n        <strong>\u00c0 lire aussi :<\/strong><br \/>\n        <a href=\"\/2026\/02\/20\/golfech-autour-de-letat-une-union-sacree-se-mobilise-pour-remporter-les-reacteurs-nucleaires-epr-13236981.php\">Golfech\u00a0: autour de l\u2019\u00c9tat, une union sacr\u00e9e se mobilise pour remporter les r\u00e9acteurs nucl\u00e9aires EPR<\/a>\n    <\/p>\n<p>Aujourd\u2019hui, c\u2019est une nouvelle page que le site se pr\u00e9pare \u00e0 \u00e9crire\u00a0: celle de l\u2019accueil d\u2019une paire de r\u00e9acteurs dits EPR 2 de troisi\u00e8me g\u00e9n\u00e9ration. Ce nouveau chapitre entend r\u00e9pondre \u00e0 l\u2019ambition de l\u2019\u00c9tat\u00a0qui veut acc\u00e9l\u00e9rer la production d\u2019\u00e9lectricit\u00e9 d\u00e9carbon\u00e9e pour rendre la France souveraine en mati\u00e8re d\u2019\u00e9nergie. D\u2019ici la fin de l\u2019ann\u00e9e, l\u2019\u00c9lys\u00e9e et le gouvernement doivent choisir quatre nouvelles centrales EPR. L\u2019ultime arbitrage sera \u00e0 la main du pr\u00e9sident de la R\u00e9publique, Emmanuel Macron au plus tard d\u00e9but 2027. \u00c9videmment, plusieurs sites sont en comp\u00e9tition, mais tous ne partent pas avec les m\u00eames atouts.<\/p>\n<h2 class=\"txt-int\">Une adh\u00e9sion &#8220;Grand Chelem&#8221;<\/h2>\n<p>Bastien Toulemonde, le directeur de l\u2019action r\u00e9gionale d\u2019EDF en Occitanie, a r\u00e9cemment rappel\u00e9 les fondamentaux \u00e0 r\u00e9unir pour r\u00e9pondre aux pr\u00e9requis\u00a0: &#8220;Il faut disposer du foncier n\u00e9cessaire, environ 100 hectares\u00a0; la g\u00e9ologie du terrain et la ressource en eau doivent \u00eatre garanties et surtout l\u2019acceptation citoyenne du territoire doit \u00eatre au rendez-vous.&#8221; Le feu vert du territoire et de ses \u00e9lus a \u00e9t\u00e9 obtenu fa\u00e7on &#8220;Grand Chelem&#8221; ces derniers mois, puisque 76 collectivit\u00e9s et institutions ont d\u00e9lib\u00e9r\u00e9 en faveur de l\u2019accueil de cette nouvelle paire d\u2019EPR 2.<\/p>\n<p class=\"std-elt__inline\">\n        <strong>\u00c0 lire aussi :<\/strong><br \/>\n        <a href=\"\/2024\/07\/10\/programme-nucleaire-epr-2-un-pack-regional-se-forme-pour-soutenir-la-candidature-de-golfech-12074698.php\">Programme nucl\u00e9aire EPR 2\u00a0: un pack r\u00e9gional se forme pour soutenir la candidature de Golfech<\/a>\n    <\/p>\n<p>Le d\u00e9partement du Tarn-et-Garonne, bien s\u00fbr, ainsi que la communaut\u00e9 de communes des Deux Rives (28 communes), mais aussi Toulouse M\u00e9tropole, le d\u00e9partement du Tarn et celui du Lot-et-Garonne, ainsi que la r\u00e9gion Occitanie sous l\u2019impulsion de Carole Delga.<\/p>\n<h2 class=\"txt-int\">Candidature d\u00e9finitive avant l\u2019\u00e9t\u00e9<\/h2>\n<p>Cette unanimit\u00e9, le principal concurrent de Golfech, le site du Blayais en Gironde, ne peut pas s\u2019en pr\u00e9valoir puisque les \u00e9lus locaux affichent des avis divergents. Le calendrier se resserre, puisque les sites candidats pour les EPR 2 doivent d\u00e9poser leur candidature au d\u00e9but de l\u2019\u00e9t\u00e9. Afin de pr\u00e9senter la candidature la plus solide, Golfech a r\u00e9uni une \u00e9quipe in\u00e9dite autour de toutes les collectivit\u00e9s et de l\u2019\u00c9tat via les pr\u00e9fets de r\u00e9gion Occitanie, de Tarn-et-Garonne et de Lot-et-Garonne.<\/p>\n<p class=\"std-elt__inline\">\n        <strong>\u00c0 lire aussi :<\/strong><br \/>\n        <a href=\"\/2024\/06\/20\/lagglo-dagen-rejoint-lequipe-de-candidature-pour-lextension-de-la-centrale-nucleaire-de-golfech-12030473.php\">L\u2019Agglo d\u2019Agen rejoint l\u2019\u00e9quipe de candidature pour l\u2019extension de la centrale nucl\u00e9aire de Golfech<\/a>\n    <\/p>\n<p>\u00c0 l\u2019initiative de l\u2019ancien ministre Jean-Michel Baylet, pr\u00e9sident de la communaut\u00e9 de communes des Deux Rives, vient d\u2019\u00eatre install\u00e9 un comit\u00e9 strat\u00e9gique d\u2019appui et d\u2019accompagnement pour la candidature de Golfech. Des groupes de travail vont b\u00e9tonner le dossier qui, en cas de victoire, donnerait lieu \u00e0 un chantier de sept ans avec 12\u00a0000 emplois au pic, puis 1\u00a0500 emplois directs pour l\u2019exploitation, sans compter les emplois induits et la sous-traitance.<\/p>\n<\/p><\/div>\n<p><a href=\"https:\/\/www.ladepeche.fr\/2026\/03\/12\/golfech-la-centrale-nucleaire-candidate-du-sud-ouest-pour-deux-epr-de-troisieme-generation-13266772.php\">source<\/a><\/p>\n","protected":false},"excerpt":{"rendered":"<p>l&#8217;essentiel Le site de Golfech, seule centrale d\u2019Occitanie, est candidat pour l\u2019accueil d\u2019une paire de r\u00e9acteurs EPR de nouvelle g\u00e9n\u00e9ration. La d\u00e9cision est attendue fin 2026. \u00c0 Golfech, dans le Tarn-et-Garonne, en bord de Garonne, l\u2019atome est depuis longtemps install\u00e9 dans le paysage. C\u2019est en 1991 que le premier r\u00e9acteur de la centrale nucl\u00e9aire est [&hellip;]<\/p>\n","protected":false},"author":1,"featured_media":124345,"comment_status":"open","ping_status":"open","sticky":false,"template":"","format":"standard","meta":{"_monsterinsights_skip_tracking":false,"_monsterinsights_sitenote_active":false,"_monsterinsights_sitenote_note":"","_monsterinsights_sitenote_category":0,"footnotes":""},"categories":[74],"tags":[],"coauthors":[77],"class_list":["post-124344","post","type-post","status-publish","format-standard","has-post-thumbnail","hentry","category-economie"],"aioseo_notices":[],"_links":{"self":[{"href":"https:\/\/pressactu.com\/index.php?rest_route=\/wp\/v2\/posts\/124344","targetHints":{"allow":["GET"]}}],"collection":[{"href":"https:\/\/pressactu.com\/index.php?rest_route=\/wp\/v2\/posts"}],"about":[{"href":"https:\/\/pressactu.com\/index.php?rest_route=\/wp\/v2\/types\/post"}],"author":[{"embeddable":true,"href":"https:\/\/pressactu.com\/index.php?rest_route=\/wp\/v2\/users\/1"}],"replies":[{"embeddable":true,"href":"https:\/\/pressactu.com\/index.php?rest_route=%2Fwp%2Fv2%2Fcomments&post=124344"}],"version-history":[{"count":0,"href":"https:\/\/pressactu.com\/index.php?rest_route=\/wp\/v2\/posts\/124344\/revisions"}],"wp:featuredmedia":[{"embeddable":true,"href":"https:\/\/pressactu.com\/index.php?rest_route=\/wp\/v2\/media\/124345"}],"wp:attachment":[{"href":"https:\/\/pressactu.com\/index.php?rest_route=%2Fwp%2Fv2%2Fmedia&parent=124344"}],"wp:term":[{"taxonomy":"category","embeddable":true,"href":"https:\/\/pressactu.com\/index.php?rest_route=%2Fwp%2Fv2%2Fcategories&post=124344"},{"taxonomy":"post_tag","embeddable":true,"href":"https:\/\/pressactu.com\/index.php?rest_route=%2Fwp%2Fv2%2Ftags&post=124344"},{"taxonomy":"author","embeddable":true,"href":"https:\/\/pressactu.com\/index.php?rest_route=%2Fwp%2Fv2%2Fcoauthors&post=124344"}],"curies":[{"name":"wp","href":"https:\/\/api.w.org\/{rel}","templated":true}]}}