{"id":124332,"date":"2026-03-12T05:02:50","date_gmt":"2026-03-12T05:02:50","guid":{"rendered":"https:\/\/pressactu.com\/?p=124332"},"modified":"2026-03-12T05:02:50","modified_gmt":"2026-03-12T05:02:50","slug":"coups-de-couteau-les-agresseurs-poursuivent-leur-victime-jusque-dans-les-rayons-du-supermarche","status":"publish","type":"post","link":"https:\/\/pressactu.com\/?p=124332","title":{"rendered":"Coups de couteau\u00a0: les agresseurs poursuivent leur victime jusque dans les rayons du supermarch\u00e9"},"content":{"rendered":"<p>\n                                                                    <span class=\"article-full__chapo-label hide-on-small-only\">l&#8217;essentiel<\/span><br \/>\n                                                                Un ado de 16 ans a \u00e9t\u00e9 victime de plusieurs coups de couteau, ce mercredi 11\u00a0mars, \u00e0 Toulouse. Ses agresseurs l\u2019ont poursuivi jusque dans les rayons du supermarch\u00e9.\n                            <\/p>\n<div rel=\"js-article-content\" data-state=\"fixed-height\" data-selection=\"disabled\">\n                                                                                                                                                            <!-- Pub DFP Position [outstream] --><\/p>\n<p>Une sc\u00e8ne violente dont plusieurs clients ont \u00e9t\u00e9 t\u00e9moins. Ce mercredi 11\u00a0mars 2026, peu avant 13\u00a0h\u00a030, une course-poursuite p\u00e9destre a\u00a0tristement anim\u00e9 les rayons du supermarch\u00e9 Aldi, quartier Empalot, \u00e0 Toulouse.<\/p>\n<p><!-- Pub DFP Position [article] --><\/p>\n<h2 class=\"txt-int\">Bless\u00e9 \u00e0 l\u2019omoplate et \u00e0 la hanche<\/h2>\n<p>Selon nos informations, quatre individus, dont certains cagoul\u00e9s et porteurs de couteaux, en poursuivaient deux autres. \u00c0 leur arriv\u00e9e sur place, les sapeurs-pompiers du Sdis 31 et une \u00e9quipe du Smur ont pris en charge un adolescent de 16 ans, victime de plusieurs coups de lame.<\/p>\n<p><iframe width=\"600\" height=\"450\" style=\"border:0;\" allowfullscreen=\"\" loading=\"lazy\" referrerpolicy=\"no-referrer-when-downgrade\" data-src=\"https:\/\/www.google.com\/maps\/embed?pb=!1m18!1m12!1m3!1d92402.18539947779!2d1.3642734521309032!3d43.63634346225004!2m3!1f0!2f0!3f0!3m2!1i1024!2i768!4f13.1!3m3!1m2!1s0x12aebbfcbec711bd%3A0xaea466e1990a93ff!2sALDI!5e0!3m2!1sfr!2sfr!4v1773250526956!5m2!1sfr!2sfr\"><\/iframe><\/p>\n<p>Souffrant de blessures \u00e0 l\u2019omoplate et \u00e0 la hanche, la victime a d\u00fb \u00eatre \u00e9vacu\u00e9e \u00e0 l\u2019h\u00f4pital Rangueil pour \u00eatre sutur\u00e9e. Son compagnon d\u2019infortune est parvenu, pour sa part, \u00e0 \u00e9chapper aux agresseurs qui se sont enfuis avant l\u2019arriv\u00e9e de la police.<\/p>\n<h2 class=\"txt-int\">Les images vid\u00e9o d\u00e9cortiqu\u00e9es<\/h2>\n<p>Une enqu\u00eate a \u00e9t\u00e9 ouverte pour tenter de les identifier. Le recueil de t\u00e9moignages de terrain et l\u2019analyse des images de vid\u00e9oprotection du quartier devraient s\u2019av\u00e9rer pr\u00e9cieux dans cette qu\u00eate.<\/p>\n<p>Au mois d\u2019octobre dernier, <a href=\"https:\/\/www.ladepeche.fr\/2025\/10\/04\/il-saignait-on-la-allonge-sur-le-banc-victime-dun-coup-de-cutter-a-la-gorge-un-jeune-de-17-ans-secouru-par-des-amis-12971974.php\" target=\"_self\">un jeune de 17 ans avait re\u00e7u un coup de cutter \u00e0 la gorge<\/a> \u00e0 quelques m\u00e8tres de l\u00e0, en pleine journ\u00e9e.<\/p>\n<\/p><\/div>\n<p><a href=\"https:\/\/www.ladepeche.fr\/2026\/03\/11\/coups-de-couteau-les-agresseurs-poursuivent-leur-victime-jusque-dans-les-rayons-du-supermarche-13267177.php\">source<\/a><\/p>\n","protected":false},"excerpt":{"rendered":"<p>l&#8217;essentiel Un ado de 16 ans a \u00e9t\u00e9 victime de plusieurs coups de couteau, ce mercredi 11\u00a0mars, \u00e0 Toulouse. Ses agresseurs l\u2019ont poursuivi jusque dans les rayons du supermarch\u00e9. Une sc\u00e8ne violente dont plusieurs clients ont \u00e9t\u00e9 t\u00e9moins. Ce mercredi 11\u00a0mars 2026, peu avant 13\u00a0h\u00a030, une course-poursuite p\u00e9destre a\u00a0tristement anim\u00e9 les rayons du supermarch\u00e9 Aldi, [&hellip;]<\/p>\n","protected":false},"author":1,"featured_media":124333,"comment_status":"open","ping_status":"open","sticky":false,"template":"","format":"standard","meta":{"_monsterinsights_skip_tracking":false,"_monsterinsights_sitenote_active":false,"_monsterinsights_sitenote_note":"","_monsterinsights_sitenote_category":0,"footnotes":""},"categories":[1],"tags":[],"coauthors":[77],"class_list":["post-124332","post","type-post","status-publish","format-standard","has-post-thumbnail","hentry","category-a-la-une"],"aioseo_notices":[],"_links":{"self":[{"href":"https:\/\/pressactu.com\/index.php?rest_route=\/wp\/v2\/posts\/124332","targetHints":{"allow":["GET"]}}],"collection":[{"href":"https:\/\/pressactu.com\/index.php?rest_route=\/wp\/v2\/posts"}],"about":[{"href":"https:\/\/pressactu.com\/index.php?rest_route=\/wp\/v2\/types\/post"}],"author":[{"embeddable":true,"href":"https:\/\/pressactu.com\/index.php?rest_route=\/wp\/v2\/users\/1"}],"replies":[{"embeddable":true,"href":"https:\/\/pressactu.com\/index.php?rest_route=%2Fwp%2Fv2%2Fcomments&post=124332"}],"version-history":[{"count":0,"href":"https:\/\/pressactu.com\/index.php?rest_route=\/wp\/v2\/posts\/124332\/revisions"}],"wp:featuredmedia":[{"embeddable":true,"href":"https:\/\/pressactu.com\/index.php?rest_route=\/wp\/v2\/media\/124333"}],"wp:attachment":[{"href":"https:\/\/pressactu.com\/index.php?rest_route=%2Fwp%2Fv2%2Fmedia&parent=124332"}],"wp:term":[{"taxonomy":"category","embeddable":true,"href":"https:\/\/pressactu.com\/index.php?rest_route=%2Fwp%2Fv2%2Fcategories&post=124332"},{"taxonomy":"post_tag","embeddable":true,"href":"https:\/\/pressactu.com\/index.php?rest_route=%2Fwp%2Fv2%2Ftags&post=124332"},{"taxonomy":"author","embeddable":true,"href":"https:\/\/pressactu.com\/index.php?rest_route=%2Fwp%2Fv2%2Fcoauthors&post=124332"}],"curies":[{"name":"wp","href":"https:\/\/api.w.org\/{rel}","templated":true}]}}