{"id":124324,"date":"2026-03-12T03:22:20","date_gmt":"2026-03-12T03:22:20","guid":{"rendered":"https:\/\/pressactu.com\/?p=124324"},"modified":"2026-03-12T03:22:20","modified_gmt":"2026-03-12T03:22:20","slug":"direct-guerre-en-ukraine-la-hongrie-annonce-lenvoi-dune-delegation-a-kiev-pour-etablir-le-dialogue","status":"publish","type":"post","link":"https:\/\/pressactu.com\/?p=124324","title":{"rendered":"DIRECT. Guerre en Ukraine\u00a0: la Hongrie annonce l\u2019envoi d\u2019une d\u00e9l\u00e9gation \u00e0 Kiev pour &quot;\u00e9tablir le dialogue&quot;"},"content":{"rendered":"<div id=\"live_post_EVMMML2Q3RKM5LY\"><span class=\"live-post__date\">23h01.<\/span><\/p>\n<p><h2 class=\"live-post__title\">Ce direct est termin\u00e9, merci de l&#8217;avoir suivi avec nous.<\/h2>\n<\/p>\n<\/div>\n<div id=\"live_post_EVMMMCHEJNKSRY5\"><span class=\"live-post__date\">19h00.<\/span><\/p>\n<div class=\"live-post__content\">\n<h2 class=\"live-post__title\">Plusieurs bless\u00e9s \u00e0 Zaporijia apr\u00e8s plusieurs bombardements russe<\/h2>\n<p class=\"live-post__amorce\">Des bombardements russes ont fait 11 bless\u00e9s, dont deux enfants de 11 et 12 ans, \u00e0 Zaporijia et dans les alentours, annonce Ivan Fedorov, chef de l\u2019administration militaire r\u00e9gionale.  Au total, six immeubles et neuf maisons ont \u00e9t\u00e9 touch\u00e9s par des bombes guid\u00e9s.<\/p>\n<\/div>\n<\/div>\n<div id=\"live_post_EVMMMCBXN2CESKS\"><span class=\"live-post__date\">18h56.<\/span><\/p>\n<div class=\"live-post__content\">\n<h2 class=\"live-post__title\">Des missiles Patriot en provenance d&#8217;Allemagne transf\u00e9r\u00e9s en Ukraine<\/h2>\n<p class=\"live-post__amorce\">LA premi\u00e8re partie des missiles Patriot promis \u00e0 l&#8217;Ukraine lors de la derni\u00e8re r\u00e9union des alli\u00e9s est arriv\u00e9e mardi 10 mars, a annonc\u00e9 Volodymyr Zelensky. &#8220;En effet, lors du dernier forum de Ramstein, nos partenaires s\u2019\u00e9taient entendus sur la fourniture d\u2019environ 35 missiles pour les syst\u00e8mes Patriot, plus pr\u00e9cis\u00e9ment des PAC-3, soit le nombre dont vous parlez&#8221;, a d\u00e9clar\u00e9 le pr\u00e9sident ukrainien. <\/p>\n<p class=\"live-post__amorce\">&#8220;Nous aurions souhait\u00e9 en recevoir davantage, mais les choses se sont pass\u00e9es ainsi. La part allemande de ces missiles est arriv\u00e9e hier, merci&#8221;, a-t-il ajout\u00e9, avant un entretien avec la pr\u00e9sidente du Parlement allemand, Julia Kl\u00f6ckner.<\/p>\n<\/div>\n<\/div>\n<div id=\"live_post_EVMMM65Q71XYUW4\"><span class=\"live-post__date\">16h03.<\/span><\/p>\n<div class=\"live-post__content\">\n<h2 class=\"live-post__title\">La station baln\u00e9aire russe de Sotchi, cible d&#8217;une &#8220;attaque sans pr\u00e9c\u00e9dent&#8221;\u00a0<\/h2>\n<p class=\"live-post__amorce\">&#8220;Nous avons \u00e9t\u00e9 confront\u00e9s aujourd\u2019hui \u00e0 une attaque sans pr\u00e9c\u00e9dent en mati\u00e8re de dur\u00e9e de la part des ennemis contre la ville-station baln\u00e9aire de Sotchi. Elle se poursuit depuis pr\u00e8s d\u2019une journ\u00e9e avec une courte pause&#8221;, a annonc\u00e9 Andre\u00ef Prochounine, maire de la ville de Sotchi, sur Telegram. Aucune victime n\u2019a \u00e9t\u00e9 signal\u00e9e. Selon le minist\u00e8re de la d\u00e9fense russe, deux drones seulement ont \u00e9t\u00e9 intercept\u00e9s entre 8 heures et 14 heures dans la r\u00e9gion.<\/p>\n<\/div>\n<\/div>\n<div id=\"live_post_EVMMM1QBUQUQWAY\"><span class=\"live-post__date\">13h54.<\/span><\/p>\n<div class=\"live-post__content\">\n<h2 class=\"live-post__title\">L&#8217;Ukraine r\u00e9fute le &#8220;statut officiel&#8221; d&#8217;une d\u00e9l\u00e9gation hongroise \u00e0 Kiev<\/h2>\n<p class=\"live-post__amorce\">La diplomatie ukrainienne conteste le &#8220;statut officiel&#8221; d&#8217;une mission hongroise, avec des repr\u00e9sentants slovaques, envoy\u00e9e en Ukraine pour &#8220;\u00e9tablir le dialogue&#8221; sur la remise en service d&#8217;un ol\u00e9oduc, objet d&#8217;un bras de fer entre Kiev et Budapest. &#8220;Ce groupe n\u2019a aucun statut officiel ni aucune r\u00e9union officielle pr\u00e9vue&#8221;, a d\u00e9clar\u00e9 le porte-parole de la diplomatie ukrainienne, Gueorgui\u00ef Tykhy.<\/p>\n<\/div>\n<\/div>\n<div id=\"live_post_EVMMM1MIHG2YC44\"><span class=\"live-post__date\">13h41.<\/span><\/p>\n<div class=\"live-post__content\">\n<h2 class=\"live-post__title\">La Hongrie annonce l&#8217;envoi d&#8217;une d\u00e9l\u00e9gation en Ukraine pour &#8220;\u00e9tablir le dialogue&#8221;<\/h2>\n<p class=\"live-post__amorce\">Le ministre hongrois de l&#8217;Energie Gabor Czepek, a annonc\u00e9 ce mercredi l&#8217;envoi d&#8217;une d\u00e9l\u00e9gation en Ukraine pour &#8220;\u00e9tablir le dialogue&#8221; sur la remise en service de l&#8217;ol\u00e9oduc Droujba, dont son pays attribue le blocage \u00e0 la mauvaise volont\u00e9 de Kiev. L&#8217;interruption des livraisons de p\u00e9trole russe au travers de cet ol\u00e9oduc fin janvier a pour origine, selon l&#8217;Ukraine,  une frappe russe.<\/p>\n<\/div>\n<\/div>\n<div id=\"live_post_EVMMM1IY64I1DS4\"><span class=\"live-post__date\">13h25.<\/span><\/p>\n<div class=\"live-post__content\">\n<h2 class=\"live-post__title\">A Kiev, la pr\u00e9sidente du Bundestag rappelle le soutien allemand \u00e0 l&#8217;Ukraine<\/h2>\n<p class=\"live-post__amorce\">La pr\u00e9sidente du Bundestag,\u00a0la chambre basse du parlement allemand, est \u00e0 Kiev ce mercredi pour rappeler le soutien de Berlin au moment o\u00f9 la guerre au Moyen-Orient d\u00e9tourne l&#8217;attention de la communaut\u00e9 internationale de la guerre russe en Ukraine. &#8220;Nous ne vous perdons pas de vue en Ukraine, bien au contraire&#8221;, a d\u00e9clar\u00e9 Julia Kl\u00f6ckner devant le Parlement ukrainien. &#8220;Aucune d\u00e9mocratie ne doit s&#8217;habituer \u00e0 ce qu&#8217;un \u00c9tat voisin conteste son droit \u00e0 l&#8217;existence. C&#8217;est pourquoi nous soutenons l&#8217;Ukraine \u2013 politiquement, financi\u00e8rement, humanitairement, militairement&#8221;, a ajout\u00e9 la ministre.<\/p>\n<\/div>\n<\/div>\n<div id=\"live_post_EVMMLZDO02EAH22\"><span class=\"live-post__date\">12h53.<\/span><\/p>\n<div class=\"live-post__content\">\n<h2 class=\"live-post__title\">Une frappe russe contre une usine de viande \u00e0 Kharkiv fait 2 morts<\/h2>\n<p class=\"live-post__amorce\">Les forces russes ont cibl\u00e9 ce mercredi matin une usine de transformation de viande \u00e0 Kharkiv en Ukraine. Trois employ\u00e9es, qui venaient d&#8217;arriver au travail, ont \u00e9t\u00e9 gri\u00e8vement bless\u00e9es. 2 des victimes sont d\u00e9c\u00e9d\u00e9es et sept personnes sont bless\u00e9es. &#8220;Il s&#8217;agit d&#8217;un acte de terrorisme d\u00e9lib\u00e9r\u00e9 contre nos entreprises&#8221;, d\u00e9nonce le chef de l&#8217;administration militaire r\u00e9gionale. &#8220;Cette entreprise n&#8217;a absolument aucun lien avec l&#8217;infrastructure militaire. Il n&#8217;y a d&#8217;ailleurs aucune installation militaire \u00e0 proximit\u00e9&#8221;.<\/p>\n<\/div>\n<\/div>\n<div id=\"live_post_EVMMLZ2FBLQSIPY\"><span class=\"live-post__date\">12h38.<\/span><\/p>\n<div class=\"live-post__content\">\n<h2 class=\"live-post__title\">Volodymyr Zelensky attendu &#8220;dans les prochains jours&#8221; en Espagne<\/h2>\n<p class=\"live-post__amorce\">Le pr\u00e9sident ukrainien Volodymyr Zelensky est attendu &#8220;dans les prochains jours&#8221; en Espagne, a annonc\u00e9 ce mercredi la ministre espagnole de la D\u00e9fense, Margarita Robles, sans toutefois donner de date pr\u00e9cise concernant ce d\u00e9placement. &#8220;Nous ne pouvons pas oublier l&#8217;Ukraine (&#8230;) Le pr\u00e9sident Zelensky va venir dans les prochains jours&#8221;, a d\u00e9clar\u00e9 Margarita Robles lors d&#8217;une conf\u00e9rence de presse.<\/p>\n<\/div>\n<\/div>\n<div id=\"live_post_EVMMLXB7M2MDZ7S\"><span class=\"live-post__date\">11h10.<\/span><\/p>\n<div class=\"live-post__content\">\n<h2 class=\"live-post__title\">Russie : des coupures d&#8217;internet en vigueur &#8220;aussi longtemps que n\u00e9cessaire&#8221;, dit le Kremlin<\/h2>\n<p class=\"live-post__amorce\">Des coupures et perturbations importantes intervenues ces derniers jours pour se connecter \u00e0 internet en Russie resteront en vigueur &#8220;aussi longtemps que n\u00e9cessaire&#8221; pour assurer &#8220;la s\u00e9curit\u00e9 des citoyens&#8221; face aux menaces ukrainiennes, a affirm\u00e9 ce mercredi le Kremlin. &#8220;Le r\u00e9gime de Kiev utilise des m\u00e9thodes de plus en plus sophistiqu\u00e9es pour ses attaques et des mesures de riposte technologiques sont n\u00e9cessaires pour assurer la s\u00e9curit\u00e9 des citoyens&#8221;, a affirm\u00e9 le porte-parole de la pr\u00e9sidence russe, Dmitri Peskov, lors de son briefing quotidien. Ces derniers jours, des coupures et perturbations importantes, principalement pour utiliser l&#8217;internet mobile, sont observ\u00e9es \u00e0 Moscou et ailleurs en Russie.<\/p>\n<\/div>\n<\/div>\n<div id=\"live_post_EVMMLSUT218XSWA\"><span class=\"live-post__date\">09h28.<\/span><\/p>\n<div class=\"live-post__content\">\n<h2 class=\"live-post__title\">Des volontaires belges livrent 12 v\u00e9hicules \u00e0 l&#8217;arm\u00e9e ukrainienne<\/h2>\n<p class=\"live-post__amorce\">L&#8217;arm\u00e9e ukrainienne a re\u00e7u 12 v\u00e9hicules fournis par des volontaires belges. La ville ukrainienne de Kalouch est jumel\u00e9e avec la ville belge Merelbeke-Melle. Ils ont aussi libr\u00e9 du mat\u00e9riel m\u00e9dical et des livres en anglais.<\/p>\n<\/div>\n<\/div>\n<div id=\"live_post_EVMMLSPBXKE1IVS\"><span class=\"live-post__date\">09h05.<\/span><\/p>\n<div class=\"live-post__content\">\n<h2 class=\"live-post__title\">2 morts et 3 bless\u00e9s dans la r\u00e9gion de Soumy<\/h2>\n<p class=\"live-post__amorce\">Des frappes russes ont fait 2 morts dans l&#8217;oblast de Soumy, deux hommes de 27 et 63 ans. Trois autres hommes ont \u00e9t\u00e9 bless\u00e9s. L&#8217;administration militaire r\u00e9gionale indique sur  <a href=\"https:\/\/t.me\/Sumy_news_ODA\/41641\" target=\"_blank\" rel=\"noopener noreferrer nofollow\" class=\"\">Telegram<\/a>  que les Russes ont utilis\u00e9 des mortiers, de l&#8217;artillerie et des drones FPV notamment.<\/p>\n<\/div>\n<\/div>\n<div id=\"live_post_EVMMLS9L2A6ODP8\"><span class=\"live-post__date\">08h51.<\/span><\/p>\n<div class=\"live-post__content\">\n<h2 class=\"live-post__title\">Une attaque de drone russe fait 2 morts \u00e0 Kharkiv\u00a0<\/h2>\n<p class=\"live-post__amorce\">Une attaque de drone russe a fait 2 morts et 6 bless\u00e9s \u00e0 Kharkiv en Ukraine, ce mercredi matin. La frappe a cibl\u00e9 &#8220;une entreprise civile&#8221;, selon le maire sur  <a href=\"https:\/\/t.me\/ihor_terekhov\/3604\" target=\"_blank\" rel=\"noopener noreferrer nofollow\" class=\"\">Telegram<\/a> .<\/p>\n<\/div>\n<\/div>\n<div id=\"live_post_EVMML22E8Q1WNMX\"><span class=\"live-post__date\">07h29.<\/span><\/p>\n<div class=\"live-post__content\">\n<h2 class=\"live-post__title\">L&#8217;Ukraine envoie des experts au Moyen-Orient pour contrer les drones iraniens<\/h2>\n<p class=\"live-post__amorce\">Depuis 4 ans, les Ukrainiens ont appris \u00e0 neutraliser ou d\u00e9truire les drones Shahed iraniens lanc\u00e9s par la Russie. Pour aider le Moyen-Orient \u00e0 faire face aux attaques iraniennes, l&#8217;Ukraine va d\u00e9p\u00eacher trois \u00e9quipes dans trois pays diff\u00e9rents : Qatar, Emirats arabes unis et Arabie Saoudite. Les Etats-Unis avaient demand\u00e9 cette assistance sp\u00e9cifique aux Ukrainiens.<\/p>\n<\/div>\n<\/div>\n<div id=\"live_post_EVMML31ZP7KS1K2\"><span class=\"live-post__date\">07h20.<\/span><\/p>\n<div class=\"live-post__content\">\n<h2 class=\"live-post__title\">La Su\u00e8de verse 56 millions d&#8217;euros au Fonds de soutien \u00e0 l&#8217;\u00e9nergie de l&#8217;Ukraine<\/h2>\n<p class=\"live-post__amorce\">Le Fonds de soutien \u00e0 l&#8217;\u00e9nergie de l&#8217;Ukraine va recevoir une aide de 56 millions d&#8217;euros de la Su\u00e8de. Ce fonds doit permettre de financer les r\u00e9parations et la remise en \u00e9tat des installations \u00e9lectriques endommag\u00e9es par les attaques russes et l&#8217;achat de mat\u00e9riel.<\/p>\n<\/div>\n<\/div>\n<div id=\"live_post_EVMML38AOIYBK6I\"><span class=\"live-post__date\">07h13.<\/span><\/p>\n<div class=\"live-post__content\">\n<h2 class=\"live-post__title\">Volodymyr Zelensky en Roumanie le 12 mars<\/h2>\n<p class=\"live-post__amorce\">Le pr\u00e9sident ukrainien doit se rendre en visite officielle en Roumanie, le jeudi 12 mars, indique  <a href=\"https:\/\/www.romaniajournal.ro\/politics\/ukrainian-president-zelenskyy-to-visit-romania-meet-president-nicusor-dan\/\" target=\"_blank\" rel=\"noopener noreferrer nofollow\" class=\"\"><em>Romania Journal<\/em><\/a> . Il devrait rencontrer son homologue roumain Nicusor Dan. Il ne s&#8217;exprimera pas devant le Parlement pour des raisons de s\u00e9curit\u00e9. Volodymyr Zelensky s&#8217;\u00e9tait rendu en Roumanie en octobre 2023 pour rencontrer l&#8217;ancien pr\u00e9sident roumain.<\/p>\n<\/div>\n<\/div>\n<div id=\"live_post_EVMML34BAWDEMRS\"><span class=\"live-post__date\">07h08.<\/span><\/p>\n<div class=\"live-post__content\">\n<h2 class=\"live-post__title\">Nouveau cycle de n\u00e9gociations Ukraine-Russie la semaine prochaine ?<\/h2>\n<p class=\"live-post__amorce\">Le nouveau cycle de n\u00e9gociations Ukraine-Russie sous l&#8217;\u00e9gide des Etats-Unis a \u00e9t\u00e9 annul\u00e9 cette semaine en raison de la guerre au Moyen-Orient. Les Am\u00e9ricains ont propos\u00e9 d&#8217;organiser de nouvelles rencontres la semaine prochaine. Elles pourraient se tenir en Suisse ou en Turquie.<\/p>\n<\/div>\n<\/div>\n<div id=\"live_post_EVMML2797DSTVUY\"><span class=\"live-post__date\">07h01.<\/span><\/p>\n<div class=\"live-post__content\">\n<h2 class=\"live-post__title\">L&#8217;attaque ukrainienne contre une usine de micro\u00e9lectroniques russe fait au moins 6 morts<\/h2>\n<p class=\"live-post__amorce\">Les militaires ukrainiens ont men\u00e9 des frappes, mardi, contre une usine de micro\u00e9lectroniques \u00e0 Briansk en Russie. L&#8217;attaque a entra\u00een\u00e9 &#8220;d&#8217;importants d\u00e9g\u00e2ts aux installations de production&#8221;, indique un communiqu\u00e9 de l&#8217;\u00e9tat-major des forces arm\u00e9es sur  <a href=\"https:\/\/t.me\/GeneralStaffZSU\/35923\" target=\"_blank\" rel=\"noopener noreferrer nofollow\" class=\"\">Telegram<\/a> . Le site fabriquait des semi-conducteurs et des circuits int\u00e9gr\u00e9s, qui repr\u00e9sentent &#8220;le cerveau&#8221; des missiles Iskander notamment, explique l&#8217;agence de presse  <a href=\"https:\/\/www.ukrinform.net\/rubric-ato\/4100172-ukrainian-forces-inflict-significant-damage-on-kremniy-el-plant-in-bryansk.html\" target=\"_blank\" rel=\"noopener noreferrer nofollow\" class=\"\">Ukrinform<\/a> .<\/p>\n<\/div>\n<\/div>\n<div id=\"live_post_EVMML1MAVCDTF7K\"><span class=\"live-post__date\">07h00.<\/span><\/p>\n<div class=\"live-post__content\">\n<h2 class=\"live-post__title\">Bienvenue dans notre direct<\/h2>\n<p class=\"live-post__amorce\">Suivez l&#8217;actualit\u00e9 de la guerre en Ukraine en direct, ce mercredi 11 mars 2026.<\/p>\n<\/div>\n<\/div>\n<p><a href=\"https:\/\/www.ladepeche.fr\/2026\/03\/11\/direct-guerre-en-ukraine-larmee-de-kiev-vise-une-usine-militaire-russe-au-moins-6-morts-13265302.php\">source<\/a><\/p>\n","protected":false},"excerpt":{"rendered":"<p>23h01. Ce direct est termin\u00e9, merci de l&#8217;avoir suivi avec nous. 19h00. Plusieurs bless\u00e9s \u00e0 Zaporijia apr\u00e8s plusieurs bombardements russe Des bombardements russes ont fait 11 bless\u00e9s, dont deux enfants de 11 et 12 ans, \u00e0 Zaporijia et dans les alentours, annonce Ivan Fedorov, chef de l\u2019administration militaire r\u00e9gionale. Au total, six immeubles et neuf [&hellip;]<\/p>\n","protected":false},"author":1,"featured_media":124325,"comment_status":"open","ping_status":"open","sticky":false,"template":"","format":"standard","meta":{"_monsterinsights_skip_tracking":false,"_monsterinsights_sitenote_active":false,"_monsterinsights_sitenote_note":"","_monsterinsights_sitenote_category":0,"footnotes":""},"categories":[1],"tags":[],"coauthors":[77],"class_list":["post-124324","post","type-post","status-publish","format-standard","has-post-thumbnail","hentry","category-a-la-une"],"aioseo_notices":[],"_links":{"self":[{"href":"https:\/\/pressactu.com\/index.php?rest_route=\/wp\/v2\/posts\/124324","targetHints":{"allow":["GET"]}}],"collection":[{"href":"https:\/\/pressactu.com\/index.php?rest_route=\/wp\/v2\/posts"}],"about":[{"href":"https:\/\/pressactu.com\/index.php?rest_route=\/wp\/v2\/types\/post"}],"author":[{"embeddable":true,"href":"https:\/\/pressactu.com\/index.php?rest_route=\/wp\/v2\/users\/1"}],"replies":[{"embeddable":true,"href":"https:\/\/pressactu.com\/index.php?rest_route=%2Fwp%2Fv2%2Fcomments&post=124324"}],"version-history":[{"count":0,"href":"https:\/\/pressactu.com\/index.php?rest_route=\/wp\/v2\/posts\/124324\/revisions"}],"wp:featuredmedia":[{"embeddable":true,"href":"https:\/\/pressactu.com\/index.php?rest_route=\/wp\/v2\/media\/124325"}],"wp:attachment":[{"href":"https:\/\/pressactu.com\/index.php?rest_route=%2Fwp%2Fv2%2Fmedia&parent=124324"}],"wp:term":[{"taxonomy":"category","embeddable":true,"href":"https:\/\/pressactu.com\/index.php?rest_route=%2Fwp%2Fv2%2Fcategories&post=124324"},{"taxonomy":"post_tag","embeddable":true,"href":"https:\/\/pressactu.com\/index.php?rest_route=%2Fwp%2Fv2%2Ftags&post=124324"},{"taxonomy":"author","embeddable":true,"href":"https:\/\/pressactu.com\/index.php?rest_route=%2Fwp%2Fv2%2Fcoauthors&post=124324"}],"curies":[{"name":"wp","href":"https:\/\/api.w.org\/{rel}","templated":true}]}}