{"id":124322,"date":"2026-03-12T03:05:25","date_gmt":"2026-03-12T03:05:25","guid":{"rendered":"https:\/\/pressactu.com\/?p=124322"},"modified":"2026-03-12T03:05:25","modified_gmt":"2026-03-12T03:05:25","slug":"120-metres-de-long-18-metres-de-haut-pres-dun-mois-de-travail-un-tifo-geant-sera-deploye-a-armandie-lors-du-match-su-agen-rc-vannes","status":"publish","type":"post","link":"https:\/\/pressactu.com\/?p=124322","title":{"rendered":"120 m\u00e8tres de long, 18 m\u00e8tres de haut, pr\u00e8s d\u2019un mois de travail\u2026 Un tifo g\u00e9ant sera d\u00e9ploy\u00e9 \u00e0 Armandie lors du match SU Agen \u2013 RC Vannes"},"content":{"rendered":"<p>\n                                                                    <span class=\"article-full__chapo-label hide-on-small-only\">l&#8217;essentiel<\/span><br \/>\n                                                                Un tifo g\u00e9ant va transformer\u00a0la tribune Ferrasse du stade Armandie lors\u00a0du match de Pro D2 entre le SU Agen et le RC Vannes, vendredi 3\u00a0avril. Con\u00e7u par l\u2019association de supporters Aginnum, ce projet de 18 m\u00e8tres de hauteur et de 120 m\u00e8tres de longueur a mobilis\u00e9 des dizaines de b\u00e9n\u00e9voles pendant plusieurs semaines.\n                            <\/p>\n<div rel=\"js-article-content\" data-state=\"fixed-height\" data-selection=\"disabled\">\n                                                                                                                                                            <!-- Pub DFP Position [outstream] --><\/p>\n<div class=\"center-align\" rel=\"js-article-inline-img\" data-protec-aida=\"image\">\n<figure class=\"std-img\" data-src=\"https:\/\/images.ladepeche.fr\/api\/v1\/images\/view\/69b17f0086e60464be0aa214\/original\/image.jpg?v=1\">\n        <img decoding=\"async\" class=\"std-img__img responsive-img\" src=\"http:\/\/pressactu.com\/wp-content\/uploads\/2026\/03\/1773284725_504_image.jpg?v=1\" alt=\"Ce dimanche 8\u00a0mars, plusieurs b\u00e9n\u00e9voles d\u2019Aginnum ont \u0153uvr\u00e9 aux finitions du tifo g\u00e9ant.\"\/><figcaption class=\"article-full__media-infos\">\n                <span class=\"article-full__media-legend\">Ce dimanche 8\u00a0mars, plusieurs b\u00e9n\u00e9voles d\u2019Aginnum ont \u0153uvr\u00e9 aux finitions du tifo g\u00e9ant.<\/span><br \/>\n                                    <span class=\"article-full__media-author\">DDM &#8211; VALENTIN VIE<\/span><br \/>\n                            <\/figcaption><\/figure>\n<\/div>\n<p><!-- Pub DFP Position [article] --><\/p>\n<p>Depuis plusieurs semaines, les membres d\u2019Aginnum, l\u2019une des associations de supporters du SU Agen, s\u2019activent en coulisses pour pr\u00e9parer un tifo spectaculaire pour le match entre le SUA et le RC Vannes au stade Armandie, vendredi 3\u00a0avril \u00e0 19\u00a0heures.<\/p>\n<p>Un projet enti\u00e8rement con\u00e7u et financ\u00e9 par ces fans du Sporting, qui, pour sa confection, a mobilis\u00e9 des dizaines de b\u00e9n\u00e9voles et a n\u00e9cessit\u00e9 plusieurs semaines de travail. Ce dimanche 8\u00a0mars, les membres d\u2019Aginnum \u00e9taient six, rassembl\u00e9s dans l\u2019Espace Fran\u00e7ois-Mitterrand de Bo\u00e9 pour \u0153uvrer \u00e0 la finition de cette immense animation de tribune. &#8220;On varie entre six, comme aujourd\u2019hui, et jusqu\u2019\u00e0 quinze certains dimanches. Plusieurs mairies nous ont gentiment pr\u00eat\u00e9 des lieux pour travailler. En tout, on compte une vingtaine de b\u00e9n\u00e9voles diff\u00e9rents sur les dimanches&#8221;, confie Micha\u00ebl Parker, pr\u00e9sident d\u2019Aginnum.<\/p>\n<p class=\"std-elt__inline\">\n        <strong>\u00c0 lire aussi :<\/strong><br \/>\n        <a href=\"\/2025\/05\/07\/depuis-2021-nous-avons-parcouru-43-650-km-cette-saison-encore-aginnum-a-fait-tous-les-deplacements-du-su-agen-12678565.php\">&#8220;Depuis 2021, nous avons parcouru 43\u00a0650\u00a0km&#8221;\u00a0: cette saison encore, Aginnum a fait tous les d\u00e9placements du SU Agen<\/a>\n    <\/p>\n<p>&#8220;Toute l\u2019organisation nous a pris trois semaines, le temps de d\u00e9cider quel tifo nous voulions faire et comment l\u2019organiser, car le SUA voulait un plan pr\u00e9cis de ce que nous allions proposer. Ensuite, pour la partie concr\u00e8te, cela fait six dimanches cons\u00e9cutifs que nous travaillons dessus. Un de nos membres, Fabrice, de son c\u00f4t\u00e9, a d\u00e9coup\u00e9 les lettres chez lui pour faire avancer le travail&#8221;, explique Micha\u00ebl Parker.<\/p>\n<h2 class=\"txt-int\">Le jour J, 50 b\u00e9n\u00e9voles seront mobilis\u00e9s sur le d\u00e9ploiement<\/h2>\n<p>Le tifo, qui recouvrira donc l\u2019int\u00e9gralit\u00e9 de la tribune Albert-Ferrasse, repr\u00e9sente un d\u00e9fi technique. Au total, l\u2019ensemble atteindra pr\u00e8s de 18 m\u00e8tres de hauteur pour 120 m\u00e8tres de largeur. La composition sera divis\u00e9e en cinq parties\u00a0: trois segments centraux blancs et deux parties bleues aux extr\u00e9mit\u00e9s.<\/p>\n<p class=\"std-elt__inline\">\n        <strong>\u00c0 lire aussi :<\/strong><br \/>\n        <a href=\"\/2025\/09\/11\/pro-d2-montrer-au-su-agen-que-les-supporters-peuvent-aussi-les-aider-lassociation-de-supporteurs-aginnum-devient-socios-du-sua-12924578.php\">Pro D2\u00a0: &#8220;Montrer au SU Agen que les fans peuvent aussi les aider&#8221;\u2026 L\u2019association de supporteurs Aginnum devient &#8220;socio&#8221; du SUA<\/a>\n    <\/p>\n<p>&#8220;On va le faire partir du Salon des \u00c9toiles. On montera l\u00e0-haut pour le faire descendre. Cela demandera plus de 50 b\u00e9n\u00e9voles le jour J. L\u2019ensemble sera d\u00e9ploy\u00e9 depuis la tribune, avant de descendre progressivement vers les rangs inf\u00e9rieurs. On sera sur le premier rang du Salon pour le d\u00e9ployer. On a demand\u00e9 au club si c\u2019\u00e9tait possible. C\u2019est une prouesse, car tout va tomber sur la partie grand public de Ferrasse, puis se d\u00e9rouler et \u00eatre tenu depuis le premier rang du Salon des \u00c9toiles&#8221;, affirme le pr\u00e9sident de l\u2019association de supporters du SUA.<\/p>\n<h2 class=\"txt-int\">&#8220;C\u2019est le tifo le plus cher que nous ayons r\u00e9alis\u00e9&#8221;<\/h2>\n<p>L\u2019op\u00e9ration repr\u00e9sente \u00e9galement un investissement important pour les supporters. Les b\u00e2ches utilis\u00e9es sont sp\u00e9cialement trait\u00e9es pour r\u00e9pondre aux normes de s\u00e9curit\u00e9 du stade.<\/p>\n<p class=\"std-elt__inline\">\n        <strong>\u00c0 lire aussi :<\/strong><br \/>\n        <a href=\"\/2025\/10\/29\/aginnum-un-engagement-toujours-plus-fort-aux-cotes-du-sua-13020720.php\">Aginnum, un engagement toujours plus fort aux c\u00f4t\u00e9s du SUA<\/a>\n    <\/p>\n<p>Les bandes, larges de 75 centim\u00e8tres \u00e0 l\u2019origine, sont assembl\u00e9es pour atteindre 1,50 m\u00e8tre, puis coll\u00e9es les unes aux autres afin de constituer une immense toile. Au total, entre 100 et 110 bandes seront n\u00e9cessaires pour r\u00e9aliser l\u2019ensemble. Le co\u00fbt du projet d\u00e9passe 3\u00a0000\u00a0euros, enti\u00e8rement financ\u00e9s gr\u00e2ce aux dons des supporters. &#8220;C\u2019est le tifo le plus cher que nous ayons r\u00e9alis\u00e9&#8221;, pr\u00e9cise ce dernier. L\u2019an dernier, une animation du m\u00eame genre, couvrant deux tribunes d\u2019Armandie au d\u00e9but du match entre Agen et Brive, avait co\u00fbt\u00e9 environ 2\u00a0000\u00a0euros.<\/p>\n<h2 class=\"txt-int\">&#8220;Il y a deux ans, on avait fait toute la tribune Lacroix et toute la tribune Ferrasse&#8221;<\/h2>\n<p>Depuis plusieurs saisons, ce groupe de supporters est \u00e0 l\u2019origine des principales animations visuelles dans les tribunes agenaises. Chaque ann\u00e9e, Aginnum imagine un grand tifo destin\u00e9 \u00e0 marquer un match important. L\u2019an dernier, une animation de ce genre, couvrant deux tribunes d\u2019Armandie au d\u00e9but du match entre Agen et Brive, avait co\u00fbt\u00e9 environ 2\u00a0000\u00a0euros. &#8220;Le plus beau qu\u2019on ait r\u00e9alis\u00e9, c\u2019\u00e9tait il y a deux ans, quand on avait fait toute la tribune Lacroix et toute la Ferrasse, mais uniquement sur la partie grand public. L\u00e0, le fait de le monter au Salon des \u00c9toiles, c\u2019est un vrai challenge technique. Notamment pour le faire tomber correctement depuis le haut de la tribune Ferrasse, o\u00f9 se trouve le Salon des \u00c9toiles&#8221;, d\u00e9clare le pr\u00e9sident d\u2019Aginnum.<\/p>\n<div class=\"center-align\" rel=\"js-article-inline-img\" data-protec-aida=\"image\">\n<figure class=\"std-img\" data-src=\"https:\/\/images.ladepeche.fr\/api\/v1\/images\/view\/69b17f0034fb317da402cd22\/original\/image.jpg?v=1\">\n        <img decoding=\"async\" class=\"std-img__img responsive-img\" src=\"http:\/\/pressactu.com\/wp-content\/uploads\/2026\/03\/1773284725_604_image.jpg?v=1\" alt=\"Une partie des membres d\u2019Aginnum qui ont particip\u00e9 au projet de tifo g\u00e9ant.\"\/><figcaption class=\"article-full__media-infos\">\n                <span class=\"article-full__media-legend\">Une partie des membres d\u2019Aginnum qui ont particip\u00e9 au projet de tifo g\u00e9ant.<\/span><br \/>\n                                    <span class=\"article-full__media-author\">DDM &#8211; VALENTIN VIE<\/span><br \/>\n                            <\/figcaption><\/figure>\n<\/div>\n<p>Le jour du match, les b\u00e9n\u00e9voles seront pr\u00e9sents au stade d\u00e8s 10\u00a0heures du matin pour installer l\u2019ensemble et effectuer quelques simulations. &#8220;On fera des tests pour voir comment le tifo tombera, d\u00e9taille Micha\u00ebl Parker. Il y a environ trois m\u00e8tres de diff\u00e9rence entre le rang 14 de Ferrasse et le premier rang du Salon des \u00c9toiles, donc on ne sait pas encore comment le poids va se r\u00e9partir. C\u2019est tr\u00e8s lourd. On r\u00e9fl\u00e9chit \u00e0 plusieurs solutions pour que tout se passe bien et on place des b\u00e9n\u00e9voles \u00e0 des postes cl\u00e9s pour coordonner le tout le jour du match.&#8221;<\/p>\n<p class=\"std-elt__inline\">\n        <strong>\u00c0 lire aussi :<\/strong><br \/>\n        <a href=\"\/2024\/04\/27\/pro-d2-on-veut-montrer-quil-se-passe-des-choses-a-armandie-operation-reussie-pour-aginnum-lors-du-match-su-agen-biarritz-11917549.php\">Pro D2\u00a0: &#8220;On veut montrer qu\u2019il se passe des choses \u00e0 Armandie&#8221;, op\u00e9ration r\u00e9ussie pour Aginnum lors du match SU Agen \u2013 Biarritz<\/a>\n    <\/p>\n<p>Car au-del\u00e0 du spectacle, l\u2019objectif reste le m\u00eame\u00a0: encourager l\u2019\u00e9quipe et donner de la voix dans les tribunes. &#8220;On fait tout \u00e7a pour le club, pour les joueurs et pour les supporters. L\u2019important, c\u2019est que tout le stade vive ce moment ensemble.&#8221;<\/p>\n<\/p><\/div>\n<p><a href=\"https:\/\/www.ladepeche.fr\/2026\/03\/11\/120-metres-de-long-18-metres-de-haut-pres-dun-mois-de-travail-un-tifo-geant-deploye-au-stade-armandie-lors-du-match-su-agen-rc-vannes-13263021.php\">source<\/a><\/p>\n","protected":false},"excerpt":{"rendered":"<p>l&#8217;essentiel Un tifo g\u00e9ant va transformer\u00a0la tribune Ferrasse du stade Armandie lors\u00a0du match de Pro D2 entre le SU Agen et le RC Vannes, vendredi 3\u00a0avril. Con\u00e7u par l\u2019association de supporters Aginnum, ce projet de 18 m\u00e8tres de hauteur et de 120 m\u00e8tres de longueur a mobilis\u00e9 des dizaines de b\u00e9n\u00e9voles pendant plusieurs semaines. Ce [&hellip;]<\/p>\n","protected":false},"author":1,"featured_media":124323,"comment_status":"open","ping_status":"open","sticky":false,"template":"","format":"standard","meta":{"_monsterinsights_skip_tracking":false,"_monsterinsights_sitenote_active":false,"_monsterinsights_sitenote_note":"","_monsterinsights_sitenote_category":0,"footnotes":""},"categories":[71],"tags":[],"coauthors":[77],"class_list":["post-124322","post","type-post","status-publish","format-standard","has-post-thumbnail","hentry","category-sport"],"aioseo_notices":[],"_links":{"self":[{"href":"https:\/\/pressactu.com\/index.php?rest_route=\/wp\/v2\/posts\/124322","targetHints":{"allow":["GET"]}}],"collection":[{"href":"https:\/\/pressactu.com\/index.php?rest_route=\/wp\/v2\/posts"}],"about":[{"href":"https:\/\/pressactu.com\/index.php?rest_route=\/wp\/v2\/types\/post"}],"author":[{"embeddable":true,"href":"https:\/\/pressactu.com\/index.php?rest_route=\/wp\/v2\/users\/1"}],"replies":[{"embeddable":true,"href":"https:\/\/pressactu.com\/index.php?rest_route=%2Fwp%2Fv2%2Fcomments&post=124322"}],"version-history":[{"count":0,"href":"https:\/\/pressactu.com\/index.php?rest_route=\/wp\/v2\/posts\/124322\/revisions"}],"wp:featuredmedia":[{"embeddable":true,"href":"https:\/\/pressactu.com\/index.php?rest_route=\/wp\/v2\/media\/124323"}],"wp:attachment":[{"href":"https:\/\/pressactu.com\/index.php?rest_route=%2Fwp%2Fv2%2Fmedia&parent=124322"}],"wp:term":[{"taxonomy":"category","embeddable":true,"href":"https:\/\/pressactu.com\/index.php?rest_route=%2Fwp%2Fv2%2Fcategories&post=124322"},{"taxonomy":"post_tag","embeddable":true,"href":"https:\/\/pressactu.com\/index.php?rest_route=%2Fwp%2Fv2%2Ftags&post=124322"},{"taxonomy":"author","embeddable":true,"href":"https:\/\/pressactu.com\/index.php?rest_route=%2Fwp%2Fv2%2Fcoauthors&post=124322"}],"curies":[{"name":"wp","href":"https:\/\/api.w.org\/{rel}","templated":true}]}}