{"id":124312,"date":"2026-03-12T01:41:26","date_gmt":"2026-03-12T01:41:26","guid":{"rendered":"https:\/\/pressactu.com\/?p=124312"},"modified":"2026-03-12T01:41:26","modified_gmt":"2026-03-12T01:41:26","slug":"soupconne-dabus-sexuels-sur-huit-enfants-dans-une-ecole-maternelle-il-profite-dun-vice-de-procedure-pour-voir-son-proces-repousse-de-deux-ans","status":"publish","type":"post","link":"https:\/\/pressactu.com\/?p=124312","title":{"rendered":"Soup\u00e7onn\u00e9 d\u2019abus sexuels sur huit enfants dans une \u00e9cole maternelle, il profite d\u2019un vice de proc\u00e9dure pour voir son proc\u00e8s repouss\u00e9 de deux ans"},"content":{"rendered":"<p>\n                                                                    <span class=\"article-full__chapo-label hide-on-small-only\">l&#8217;essentiel<\/span><br \/>\n                                                                Le proc\u00e8s d\u2019un homme accus\u00e9 d\u2019avoir abus\u00e9 sexuellement de huit enfants dans une \u00e9cole maternelle de Barcelone a \u00e9t\u00e9 suspendu ce mardi 10\u00a0mars \u00e0 cause d\u2019un vice de proc\u00e9dure. L\u2019erreur, reconnue par le tribunal, pourrait repousser la tenue de l\u2019audience d\u2019environ deux ans.\n                            <\/p>\n<div rel=\"js-article-content\">\n                                                                                                                                                            <!-- Pub DFP Position [outstream] --><\/p>\n<p>Le proc\u00e8s d\u2019un homme accus\u00e9 d\u2019avoir abus\u00e9 sexuellement de huit enfants dans une \u00e9cole maternelle de Barcelone a \u00e9t\u00e9 suspendu ce mardi 10\u00a0mars en raison d\u2019une erreur de proc\u00e9dure. L\u2019audience devait s\u2019ouvrir devant la 9\u1d49 section du tribunal provincial\u00a0de Barcelone, mais les juges ont d\u00e9cid\u00e9 de renvoyer le dossier afin de corriger une irr\u00e9gularit\u00e9 dans l\u2019ordonnance d\u2019ouverture du proc\u00e8s, comme le raconte <a href=\"https:\/\/www.20minutos.es\/cataluna\/barcelona\/un-error-procedimiento-obliga-suspender-un-juicio-por-abuso-sexual-ocho-ninos-una-escuela-infantil-barcelona_6944167_0.html\" target=\"_blank\">20 Minutos<\/a>.<\/p>\n<p><!-- Pub DFP Position [article] --><\/p>\n<p>Le tribunal a constat\u00e9 que ce document ne mentionnait qu\u2019une seule des deux soci\u00e9t\u00e9s susceptibles d\u2019\u00eatre mises en cause au titre de la responsabilit\u00e9 civile subsidiaire. Le dossier doit donc \u00eatre renvoy\u00e9 pour que la seconde soci\u00e9t\u00e9 soit formellement notifi\u00e9e et puisse pr\u00e9senter sa d\u00e9fense.<\/p>\n<p class=\"std-elt__inline\">\n        <strong>\u00c0 lire aussi :<\/strong><br \/>\n        <a href=\"\/2026\/03\/11\/depuis-47-ans-il-se-presente-a-toutes-les-elections-dans-sa-region-et-il-les-perd-toutes-je-ne-suis-pas-la-pour-les-votes-13266272.php\">Depuis 47 ans, il se pr\u00e9sente \u00e0 toutes les \u00e9lections dans sa r\u00e9gion, et il les perd toutes\u00a0: &#8221; Je ne suis pas l\u00e0 pour les votes&#8221;<\/a>\n    <\/p>\n<p>Le pr\u00e9sident du tribunal a regrett\u00e9 cette erreur, qui contraint la justice \u00e0 suspendre l\u2019audience pr\u00e9vue cette semaine. Il a \u00e9galement soulign\u00e9 les difficult\u00e9s \u00e0 reprogrammer rapidement le proc\u00e8s. Selon lui, le calendrier de cette section du tribunal\u00a0est satur\u00e9 et les audiences sont g\u00e9n\u00e9ralement fix\u00e9es &#8220;\u00e0 environ deux ans&#8221;. La dur\u00e9e du proc\u00e8s, pr\u00e9vu sur plusieurs sessions, complique encore davantage sa reprogrammation, m\u00eame si le tribunal affirme vouloir &#8220;essayer&#8221; de trouver une solution plus rapide.<\/p>\n<h2 class=\"txt-int\">&#8220;Des jeux \u00e0 caract\u00e8re sexuel&#8221;<\/h2>\n<p>L\u2019homme poursuivi travaillait comme surveillant du r\u00e9fectoire dans une \u00e9cole maternelle du district de Sant Andreu. D\u2019apr\u00e8s le parquet, entre avril et juillet\u00a02021, il aurait fait participer des enfants \u00e2g\u00e9s de 4 \u00e0 5 ans \u00e0 des &#8220;jeux \u00e0 caract\u00e8re sexuel&#8221;, les incitant notamment \u00e0 se toucher entre eux pendant qu\u2019il les observait.<\/p>\n<p class=\"std-elt__inline\">\n        <strong>\u00c0 lire aussi :<\/strong><br \/>\n        <a href=\"\/2026\/03\/06\/a-92-ans-lola-continue-daller-a-lecole-elle-sennuie-quand-elle-est-en-vacances-temoigne-sa-fille-13258313.php\">\u00c0 92 ans, Lola continue d\u2019aller \u00e0 l\u2019\u00e9cole\u00a0: &#8220;Elle s\u2019ennuie quand elle est en vacances&#8221;, t\u00e9moigne sa fille<\/a>\n    <\/p>\n<p>Le minist\u00e8re public d\u00e9crit un comportement &#8220;despotique, m\u00e9prisant et mena\u00e7ant&#8221;, l\u2019homme punissant fr\u00e9quemment les enfants pour obtenir leur ob\u00e9issance. Il aurait \u00e9galement profit\u00e9 de ces jeux pour les maintenir contre lui et, sous pr\u00e9texte de leur faire des chatouilles, toucher leurs parties intimes par-dessus leurs v\u00eatements. Des faits similaires se seraient produits lorsque les enfants se rendaient aux toilettes.<\/p>\n<p>Le parquet requiert six ans de prison pour chacun des huit d\u00e9lits pr\u00e9sum\u00e9s d\u2019abus sexuels sur mineur de moins de 16\u00a0ans, soit un total de 48 ans de r\u00e9clusion. Il demande \u00e9galement\u00a0l\u2019interdiction d\u2019exercer toute activit\u00e9, r\u00e9mun\u00e9r\u00e9e ou non, impliquant un contact r\u00e9gulier avec des mineurs. L\u2019accusation r\u00e9clame enfin l\u2019interdiction pour l\u2019homme de s\u2019approcher \u00e0 moins de 1\u00a0000 m\u00e8tres des victimes pendant quatre ans apr\u00e8s l\u2019ex\u00e9cution de sa peine.<\/p>\n<\/p><\/div>\n<p><a href=\"https:\/\/www.ladepeche.fr\/2026\/03\/11\/soupconne-dabus-sexuels-sur-huit-enfants-dans-une-ecole-maternelle-il-profite-dun-vice-de-procedure-pour-voir-son-proces-repousse-de-deux-ans-13266694.php\">source<\/a><\/p>\n","protected":false},"excerpt":{"rendered":"<p>l&#8217;essentiel Le proc\u00e8s d\u2019un homme accus\u00e9 d\u2019avoir abus\u00e9 sexuellement de huit enfants dans une \u00e9cole maternelle de Barcelone a \u00e9t\u00e9 suspendu ce mardi 10\u00a0mars \u00e0 cause d\u2019un vice de proc\u00e9dure. L\u2019erreur, reconnue par le tribunal, pourrait repousser la tenue de l\u2019audience d\u2019environ deux ans. Le proc\u00e8s d\u2019un homme accus\u00e9 d\u2019avoir abus\u00e9 sexuellement de huit enfants [&hellip;]<\/p>\n","protected":false},"author":1,"featured_media":124313,"comment_status":"open","ping_status":"open","sticky":false,"template":"","format":"standard","meta":{"_monsterinsights_skip_tracking":false,"_monsterinsights_sitenote_active":false,"_monsterinsights_sitenote_note":"","_monsterinsights_sitenote_category":0,"footnotes":""},"categories":[1],"tags":[],"coauthors":[77],"class_list":["post-124312","post","type-post","status-publish","format-standard","has-post-thumbnail","hentry","category-a-la-une"],"aioseo_notices":[],"_links":{"self":[{"href":"https:\/\/pressactu.com\/index.php?rest_route=\/wp\/v2\/posts\/124312","targetHints":{"allow":["GET"]}}],"collection":[{"href":"https:\/\/pressactu.com\/index.php?rest_route=\/wp\/v2\/posts"}],"about":[{"href":"https:\/\/pressactu.com\/index.php?rest_route=\/wp\/v2\/types\/post"}],"author":[{"embeddable":true,"href":"https:\/\/pressactu.com\/index.php?rest_route=\/wp\/v2\/users\/1"}],"replies":[{"embeddable":true,"href":"https:\/\/pressactu.com\/index.php?rest_route=%2Fwp%2Fv2%2Fcomments&post=124312"}],"version-history":[{"count":0,"href":"https:\/\/pressactu.com\/index.php?rest_route=\/wp\/v2\/posts\/124312\/revisions"}],"wp:featuredmedia":[{"embeddable":true,"href":"https:\/\/pressactu.com\/index.php?rest_route=\/wp\/v2\/media\/124313"}],"wp:attachment":[{"href":"https:\/\/pressactu.com\/index.php?rest_route=%2Fwp%2Fv2%2Fmedia&parent=124312"}],"wp:term":[{"taxonomy":"category","embeddable":true,"href":"https:\/\/pressactu.com\/index.php?rest_route=%2Fwp%2Fv2%2Fcategories&post=124312"},{"taxonomy":"post_tag","embeddable":true,"href":"https:\/\/pressactu.com\/index.php?rest_route=%2Fwp%2Fv2%2Ftags&post=124312"},{"taxonomy":"author","embeddable":true,"href":"https:\/\/pressactu.com\/index.php?rest_route=%2Fwp%2Fv2%2Fcoauthors&post=124312"}],"curies":[{"name":"wp","href":"https:\/\/api.w.org\/{rel}","templated":true}]}}